{"id":187182,"date":"2025-11-07T08:32:03","date_gmt":"2025-11-07T11:32:03","guid":{"rendered":"https:\/\/cdnoticias.com\/?p=187182"},"modified":"2025-11-07T11:18:26","modified_gmt":"2025-11-07T14:18:26","slug":"coopelectric-realizo-mantenimiento-preventivo-de-un-grupo-electrogeno-de-la-zona-rural","status":"publish","type":"post","link":"https:\/\/cdnoticias.com\/index.php\/2025\/11\/07\/coopelectric-realizo-mantenimiento-preventivo-de-un-grupo-electrogeno-de-la-zona-rural\/","title":{"rendered":"Coopelectric realiz\u00f3 mantenimiento preventivo de un grupo electr\u00f3geno de la zona rural"},"content":{"rendered":"<p>Se trata del equipo ubicado en la localidad de Espigas que ya funciona nuevamente. \u201cAct\u00faa como soluci\u00f3n ante las contingencias que se generan\u201d destac\u00f3 la cooperativa sobre la importancia de este grupo.<!--more--><\/p>\n<hr \/>\n<p>Personal de <strong>Coopelectric<\/strong> realiz\u00f3 el <strong>mantenimiento preventivo de un grupo electr\u00f3geno<\/strong> que act\u00faa como <strong>respaldo en las localidades de Espigas, Blanca Grande, Laguna Blanca Grande y Recalde<\/strong>.<\/p>\n<blockquote><p>\u201cDebido a las horas de marcha acumuladas, se realiz\u00f3 el mantenimiento al motor Diesel que consisti\u00f3 en el reemplazo de la bomba de agua, regulaci\u00f3n de v\u00e1lvulas y de inyectores, ajustes en la distribuci\u00f3n, control de fugas de fluidos y una revisi\u00f3n general del mismo\u201d detall\u00f3 la cooperativa.<\/p><\/blockquote>\n<p><img data-recalc-dims=\"1\" loading=\"lazy\" decoding=\"async\" class=\"alignnone size-full wp-image-187183 aligncenter\" src=\"https:\/\/i0.wp.com\/cdnoticias.com\/wp-content\/uploads\/2025\/11\/Grupo-electrogeno-coopelectric-espigas-1.jpeg?resize=800%2C600&#038;ssl=1\" alt=\"\" width=\"800\" height=\"600\" srcset=\"https:\/\/i0.wp.com\/cdnoticias.com\/wp-content\/uploads\/2025\/11\/Grupo-electrogeno-coopelectric-espigas-1.jpeg?w=1000&amp;ssl=1 1000w, https:\/\/i0.wp.com\/cdnoticias.com\/wp-content\/uploads\/2025\/11\/Grupo-electrogeno-coopelectric-espigas-1.jpeg?resize=300%2C225&amp;ssl=1 300w, https:\/\/i0.wp.com\/cdnoticias.com\/wp-content\/uploads\/2025\/11\/Grupo-electrogeno-coopelectric-espigas-1.jpeg?resize=768%2C576&amp;ssl=1 768w\" sizes=\"auto, (max-width: 800px) 100vw, 800px\" \/><\/p>\n<p>Se indic\u00f3 que <strong>las tareas operativas se realizaron en Olavarr\u00eda<\/strong> y que <strong>el grupo electr\u00f3geno fue instalado nuevamente<\/strong> esta semana en la localidad de Espigas, donde<strong> se encuentra funcionando.<\/strong><\/p>\n<p>\u201cEstos equipos <strong>generan energ\u00eda de manera aut\u00f3noma<\/strong>, transform\u00e1ndola de mec\u00e1nica a el\u00e9ctrica a trav\u00e9s de un motor. Contar con estos recursos <strong>genera un beneficio a la zona, ya que act\u00faa como soluci\u00f3n ante las contingencias<\/strong> que se generan cuando, por diversos motivos, se suspende el suministro\u201d se explic\u00f3 sobre la importancia de este equipo.<\/p>\n","protected":false},"excerpt":{"rendered":"<p>Se trata del equipo ubicado en la localidad de Espigas que ya funciona nuevamente. \u201cAct\u00faa como soluci\u00f3n ante las contingencias<\/p>\n","protected":false},"author":4,"featured_media":187184,"comment_status":"closed","ping_status":"closed","sticky":false,"template":"","format":"standard","meta":{"_jetpack_memberships_contains_paid_content":false,"footnotes":""},"categories":[5,1],"tags":[],"class_list":["post-187182","post","type-post","status-publish","format-standard","has-post-thumbnail","hentry","category-informacion-general","category-portada"],"jetpack_featured_media_url":"https:\/\/i0.wp.com\/cdnoticias.com\/wp-content\/uploads\/2025\/11\/Grupo-electrogeno-coopelectric-espigas-00.jpg?fit=1000%2C556&ssl=1","jetpack_sharing_enabled":true,"_links":{"self":[{"href":"https:\/\/cdnoticias.com\/index.php\/wp-json\/wp\/v2\/posts\/187182","targetHints":{"allow":["GET"]}}],"collection":[{"href":"https:\/\/cdnoticias.com\/index.php\/wp-json\/wp\/v2\/posts"}],"about":[{"href":"https:\/\/cdnoticias.com\/index.php\/wp-json\/wp\/v2\/types\/post"}],"author":[{"embeddable":true,"href":"https:\/\/cdnoticias.com\/index.php\/wp-json\/wp\/v2\/users\/4"}],"replies":[{"embeddable":true,"href":"https:\/\/cdnoticias.com\/index.php\/wp-json\/wp\/v2\/comments?post=187182"}],"version-history":[{"count":0,"href":"https:\/\/cdnoticias.com\/index.php\/wp-json\/wp\/v2\/posts\/187182\/revisions"}],"wp:featuredmedia":[{"embeddable":true,"href":"https:\/\/cdnoticias.com\/index.php\/wp-json\/wp\/v2\/media\/187184"}],"wp:attachment":[{"href":"https:\/\/cdnoticias.com\/index.php\/wp-json\/wp\/v2\/media?parent=187182"}],"wp:term":[{"taxonomy":"category","embeddable":true,"href":"https:\/\/cdnoticias.com\/index.php\/wp-json\/wp\/v2\/categories?post=187182"},{"taxonomy":"post_tag","embeddable":true,"href":"https:\/\/cdnoticias.com\/index.php\/wp-json\/wp\/v2\/tags?post=187182"}],"curies":[{"name":"wp","href":"https:\/\/api.w.org\/{rel}","templated":true}]}}