{"id":187169,"date":"2025-11-06T18:30:12","date_gmt":"2025-11-06T21:30:12","guid":{"rendered":"https:\/\/cdnoticias.com\/?p=187169"},"modified":"2025-11-06T18:30:14","modified_gmt":"2025-11-06T21:30:14","slug":"nueva-jefa-en-el-destacamento-de-espigas","status":"publish","type":"post","link":"https:\/\/cdnoticias.com\/index.php\/2025\/11\/06\/nueva-jefa-en-el-destacamento-de-espigas\/","title":{"rendered":"Nueva jefa en el Destacamento de Espigas\u00a0"},"content":{"rendered":"\n<p>Se trata de la Oficial Principal Natalia Galv\u00e1n. El acto fue presidido por el Subjefe de la Estaci\u00f3n Departamental Olavarr\u00eda, Comisario Lucas Rodr\u00edguez, y el Titular de Comisaria Primera, Subcomisario Juan Garc\u00eda.<\/p>\n\n\n\n<hr class=\"wp-block-separator aligncenter has-alpha-channel-opacity\"\/>\n\n\n\n<p>D\u00edas atr\u00e1s, la <strong>Estaci\u00f3n de Polic\u00eda Departamental de Seguridad de Olavarr\u00eda<\/strong> inform\u00f3 <strong>cambios en el marco de un reordenamiento interno de personal<\/strong>.&nbsp;<\/p>\n\n\n\n<p><\/p>\n\n\n\n<blockquote class=\"wp-block-quote is-layout-flow wp-block-quote-is-layout-flow\">\n<p>De esta manera, se destac\u00f3 a la nueva jefa en el Destacamento de Espigas: Se trata de la Oficial Principal Natalia Galv\u00e1n. Por su parte, el Oficial Principal Marcelo Gilez, quien ocupaba dicho cargo, pasar\u00e1 a desempe\u00f1ar tareas en Comisar\u00eda Primera.&nbsp;<\/p>\n<\/blockquote>\n\n\n\n<p><\/p>\n\n\n\n<p>El acto fue presidido por el Subjefe de la Estaci\u00f3n Departamental Olavarr\u00eda, Comisario Lucas Rodr\u00edguez, y el Titular de Comisaria Primera, Subcomisario Juan Garc\u00eda.<\/p>\n\n\n\n<p><\/p>\n","protected":false},"excerpt":{"rendered":"<p>Se trata de la Oficial Principal Natalia Galv\u00e1n. El acto fue presidido por el Subjefe de la Estaci\u00f3n Departamental Olavarr\u00eda,<\/p>\n","protected":false},"author":6,"featured_media":187173,"comment_status":"closed","ping_status":"closed","sticky":false,"template":"","format":"standard","meta":{"_jetpack_memberships_contains_paid_content":false,"footnotes":""},"categories":[14,1],"tags":[],"class_list":["post-187169","post","type-post","status-publish","format-standard","has-post-thumbnail","hentry","category-policiales","category-portada"],"jetpack_featured_media_url":"https:\/\/i0.wp.com\/cdnoticias.com\/wp-content\/uploads\/2025\/11\/nueva-jefa-policial-espigas.png?fit=707%2C472&ssl=1","jetpack_sharing_enabled":true,"_links":{"self":[{"href":"https:\/\/cdnoticias.com\/index.php\/wp-json\/wp\/v2\/posts\/187169","targetHints":{"allow":["GET"]}}],"collection":[{"href":"https:\/\/cdnoticias.com\/index.php\/wp-json\/wp\/v2\/posts"}],"about":[{"href":"https:\/\/cdnoticias.com\/index.php\/wp-json\/wp\/v2\/types\/post"}],"author":[{"embeddable":true,"href":"https:\/\/cdnoticias.com\/index.php\/wp-json\/wp\/v2\/users\/6"}],"replies":[{"embeddable":true,"href":"https:\/\/cdnoticias.com\/index.php\/wp-json\/wp\/v2\/comments?post=187169"}],"version-history":[{"count":0,"href":"https:\/\/cdnoticias.com\/index.php\/wp-json\/wp\/v2\/posts\/187169\/revisions"}],"wp:featuredmedia":[{"embeddable":true,"href":"https:\/\/cdnoticias.com\/index.php\/wp-json\/wp\/v2\/media\/187173"}],"wp:attachment":[{"href":"https:\/\/cdnoticias.com\/index.php\/wp-json\/wp\/v2\/media?parent=187169"}],"wp:term":[{"taxonomy":"category","embeddable":true,"href":"https:\/\/cdnoticias.com\/index.php\/wp-json\/wp\/v2\/categories?post=187169"},{"taxonomy":"post_tag","embeddable":true,"href":"https:\/\/cdnoticias.com\/index.php\/wp-json\/wp\/v2\/tags?post=187169"}],"curies":[{"name":"wp","href":"https:\/\/api.w.org\/{rel}","templated":true}]}}