{"id":187164,"date":"2025-11-06T18:55:03","date_gmt":"2025-11-06T21:55:03","guid":{"rendered":"https:\/\/cdnoticias.com\/?p=187164"},"modified":"2025-11-06T20:33:58","modified_gmt":"2025-11-06T23:33:58","slug":"agenda-cultural-para-disfrutar-este-fin-de-semana-en-olavarria","status":"publish","type":"post","link":"https:\/\/cdnoticias.com\/index.php\/2025\/11\/06\/agenda-cultural-para-disfrutar-este-fin-de-semana-en-olavarria\/","title":{"rendered":"Agenda Cultural para disfrutar este fin de semana en Olavarr\u00eda\u00a0"},"content":{"rendered":"\n<p>Entre las actividades, se destaca la realizaci\u00f3n de la cuadrag\u00e9sima edici\u00f3n de la tradicional fiesta \u201cUn Aplauso al Asador\u201d, en Parque Eseverri.&nbsp;<\/p>\n\n\n\n<hr class=\"wp-block-separator aligncenter has-alpha-channel-opacity\"\/>\n\n\n\n<p>Se dieron a conocer las diferentes <strong>propuestas culturales, art\u00edsticas y recreativas,<\/strong> que se desarrollar\u00e1n <strong>durante el fin de semana<\/strong> en los diferentes espacios de la ciudad.<\/p>\n\n\n\n<p><\/p>\n\n\n\n<p>En el cronograma se destaca la realizaci\u00f3n de la cuadrag\u00e9sima edici\u00f3n de la tradicional fiesta \u201c<strong>Un Aplauso al Asador\u201d, en Parque Eseverri,<\/strong> que contar\u00e1 con un gran n\u00famero de puestos de comidas criollas y un escenario especial dedicado al folklore.<\/p>\n\n\n\n<p><\/p>\n\n\n\n<p><strong>Cronograma completo&nbsp;<\/strong><\/p>\n\n\n\n<p><strong>S\u00e1bado 8 de noviembre<\/strong><\/p>\n\n\n\n<ul class=\"wp-block-list\">\n<li><strong>20:00 horas \u2013 Teatro Municipal \u2013 Sakinko presenta: \u201cAbre tus alas\u201c<\/strong><\/li>\n<\/ul>\n\n\n\n<p>Se presentar\u00e1 en el Teatro Municipal el Gimnasio Sakinko, con su show \u201cAbre tus alas\u201d como cierre del a\u00f1o 2025, presentando todos sus grupos, desde los 2 a\u00f1os hasta las edades adultas.&nbsp; El show contar\u00e1 con muchas coreograf\u00edas, color y m\u00fasica.<\/p>\n\n\n\n<p>El Gimnasio Sakinko funciona desde el a\u00f1o 2017 con la coordinaci\u00f3n de la profesora de educaci\u00f3n f\u00edsica Mar\u00eda Paula Cortavarr\u00eda, a\u00f1o a a\u00f1o crece y nos demuestra sus logros. Entradas (numeradas en plateas y palcos): $ 16500 plateas- $ 11000 sillas de palcos- $ 11000 pullman. Venta en Tecnocentro (Rivadavia 3065) en efectivo. Venta en el Teatro Municipal (Rivadavia 2780) con tarjetas de cr\u00e9dito, d\u00e9bito y billeteras virtuales. Venta on line www.articket.com.ar con cr\u00e9dito y d\u00e9bito.<\/p>\n\n\n\n<p><\/p>\n\n\n\n<p><strong>Domingo 9 de noviembre<\/strong><\/p>\n\n\n\n<ul class=\"wp-block-list\">\n<li><strong>20:30 horas \u2013 Teatro Municipal \u2013 Swing presenta: \u201cSin estilo ni tiempo\u201d 4ta Edici\u00f3n<\/strong><\/li>\n<\/ul>\n\n\n\n<p>El estudio de danza Swing anuncia la 4ta edici\u00f3n de \u201cSin estilo ni tiempo\u201d, un espect\u00e1culo hecho por adultos para todo p\u00fablico, donde podr\u00e1n disfrutar de muchos artistas locales en escena. Ellos mostrar\u00e1n su arte mediante las danzas folkl\u00f3ricas, flamencas, \u00e1rabes, contempor\u00e1neas, modernas, alemanas. Olavarr\u00eda cuenta con muchas agrupaciones y estudios donde los j\u00f3venes adultos y adultos mayores pueden seguir disfrutando del enorme placer de bailar y adem\u00e1s hacerlo con un gran compromiso y profesionalismo.<\/p>\n\n\n\n<p>La buena m\u00fasica, el movimiento y la pasi\u00f3n estar\u00e1n en escena. Entrada general (numeradas en plateas y palcos): $ 10000. Venta en Tecnocentro (Rivadavia 3065) en efectivo. Venta en el Teatro Municipal (Rivadavia 2780) con tarjetas de cr\u00e9dito, d\u00e9bito y billeteras virtuales. Venta online www.articket.com.ar con cr\u00e9dito y d\u00e9bito.<\/p>\n\n\n\n<p><\/p>\n\n\n\n<ul class=\"wp-block-list\">\n<li><strong>11:00 horas \u2013 Parque Helios Eseverri \u2013 40\u00ba edici\u00f3n de \u201cUn Aplauso al Asador\u201d<\/strong><\/li>\n<\/ul>\n\n\n\n<p>Llega una nueva edici\u00f3n de \u201cUn aplauso al Asador\u201d la fiesta que re\u00fane la tradici\u00f3n y costumbre criolla. Como todos los a\u00f1os, este evento tiene como eje principal el trabajo conjunto con las instituciones y este a\u00f1o ser\u00e1n 40 las que participar\u00e1n con la preparaci\u00f3n y venta de comidas t\u00edpicas criollas.<\/p>\n\n\n\n<p>Comenzar\u00e1 al mediod\u00eda luego del acto protocolar de apertura, anunciado a las 11:00 horas. Asimismo, la fiesta contar\u00e1 con un escenario dedicado al folklore, conformado por m\u00fasicos y bailarines locales y nacionales, cuyas presentaciones dar\u00e1n inicio desde las 13:00 horas.<\/p>\n\n\n\n<p><\/p>\n\n\n\n<ul class=\"wp-block-list\">\n<li><strong>16:00 horas \u2013 Museo D\u00e1maso Arce \u2013 Muestra Mes del Grabado en Olavarr\u00eda \u201cConversatorio con los artistas\u201d (Natalia Krivochen y Fernando Garc\u00eda)<\/strong><\/li>\n<\/ul>\n\n\n\n<p>El Municipio de Olavarr\u00eda invita a participar de las diferentes propuestas enmarcadas dentro de la muestra \u201cMes del Grabado en Olavarr\u00eda\u201d, que re\u00fane en el Museo D\u00e1maso Arce las obras de siete artistas: Bernardo Andino, Eduardo Ayala, Cecilia Bax, Fernando Garc\u00eda, Natalia Krivochen, Bel\u00e9n K\u00fcber y Lorena Rivas.<\/p>\n\n\n\n<p>En el marco del encuentro compartir\u00e1n su proceso creativo, influencias y t\u00e9cnicas utilizadas en sus obras. Un espacio para el dialogar, donde se podr\u00e1n hacer preguntas, comentar y establecer una conexi\u00f3n m\u00e1s directa con los artistas y sus trabajos.<\/p>\n\n\n\n<p>La actividad no requiere inscripci\u00f3n, es con cupo ilimitado, y se encuentra orientada para el p\u00fablico en general. Entrada libre y gratuita.<\/p>\n\n\n\n<p>La muestra puede visitarse en la sede del MDA, ubicada en San Mart\u00edn 2862, de martes a jueves de 8:00 a 12:00 horas, y de 13:00 a 17:00 horas; viernes de 8:00 a 12:00 y de 13:00 a 18:00 horas, y s\u00e1bados, domingos y feriados de 15:00 a 18:00 horas.<\/p>\n\n\n\n<p><\/p>\n\n\n\n<ul class=\"wp-block-list\">\n<li><strong>Visit\u00e1 la muestra de artistas locales en el Centro Cultural \u201cSan Jos\u00e9\u201d<\/strong><\/li>\n<\/ul>\n\n\n\n<p>El Municipio de Olavarr\u00eda invita a recorrer la nueva muestra que qued\u00f3 inaugurada el pasado s\u00e1bado en el Centro Cultural \u201cSan Jos\u00e9\u201d y que re\u00fane las obras de los artistas Martha Borzi, Natalia Schumacher, Juan Mart\u00edn Sisti y Mart\u00edn Othasegui.<\/p>\n\n\n\n<p>Se trata de \u201cLa Dolce Vita\u201d de Martha Borzi en Sala 1,&nbsp; \u201cCamuflaje\u201d de Natalia Schumacher en Sala 2, \u201cLiturgia\u201d de Juan Mart\u00edn Sisti en Sala 3 y \u201cDescanso y Amenaza\u201d de Mart\u00edn Othasegui en Sala 4.<\/p>\n\n\n\n<p>El Centro Cultural Municipal \u201cSan Jos\u00e9\u201d abre sus puertas: de lunes a viernes de 8 a 18 horas, s\u00e1bados, domingos y feriados de 16 a 19 horas.<\/p>\n","protected":false},"excerpt":{"rendered":"<p>Entre las actividades, se destaca la realizaci\u00f3n de la cuadrag\u00e9sima edici\u00f3n de la tradicional fiesta \u201cUn Aplauso al Asador\u201d, en<\/p>\n","protected":false},"author":6,"featured_media":187167,"comment_status":"closed","ping_status":"closed","sticky":false,"template":"","format":"standard","meta":{"_jetpack_memberships_contains_paid_content":false,"footnotes":""},"categories":[9,1],"tags":[],"class_list":["post-187164","post","type-post","status-publish","format-standard","has-post-thumbnail","hentry","category-cultura","category-portada"],"jetpack_featured_media_url":"https:\/\/i0.wp.com\/cdnoticias.com\/wp-content\/uploads\/2025\/11\/muestra-san-jose1.webp?fit=900%2C588&ssl=1","jetpack_sharing_enabled":true,"_links":{"self":[{"href":"https:\/\/cdnoticias.com\/index.php\/wp-json\/wp\/v2\/posts\/187164","targetHints":{"allow":["GET"]}}],"collection":[{"href":"https:\/\/cdnoticias.com\/index.php\/wp-json\/wp\/v2\/posts"}],"about":[{"href":"https:\/\/cdnoticias.com\/index.php\/wp-json\/wp\/v2\/types\/post"}],"author":[{"embeddable":true,"href":"https:\/\/cdnoticias.com\/index.php\/wp-json\/wp\/v2\/users\/6"}],"replies":[{"embeddable":true,"href":"https:\/\/cdnoticias.com\/index.php\/wp-json\/wp\/v2\/comments?post=187164"}],"version-history":[{"count":0,"href":"https:\/\/cdnoticias.com\/index.php\/wp-json\/wp\/v2\/posts\/187164\/revisions"}],"wp:featuredmedia":[{"embeddable":true,"href":"https:\/\/cdnoticias.com\/index.php\/wp-json\/wp\/v2\/media\/187167"}],"wp:attachment":[{"href":"https:\/\/cdnoticias.com\/index.php\/wp-json\/wp\/v2\/media?parent=187164"}],"wp:term":[{"taxonomy":"category","embeddable":true,"href":"https:\/\/cdnoticias.com\/index.php\/wp-json\/wp\/v2\/categories?post=187164"},{"taxonomy":"post_tag","embeddable":true,"href":"https:\/\/cdnoticias.com\/index.php\/wp-json\/wp\/v2\/tags?post=187164"}],"curies":[{"name":"wp","href":"https:\/\/api.w.org\/{rel}","templated":true}]}}