{"id":187158,"date":"2025-11-06T20:39:53","date_gmt":"2025-11-06T23:39:53","guid":{"rendered":"https:\/\/cdnoticias.com\/?p=187158"},"modified":"2025-11-06T20:39:54","modified_gmt":"2025-11-06T23:39:54","slug":"asueto-administrativo-por-el-dia-del-trabajador-municipal","status":"publish","type":"post","link":"https:\/\/cdnoticias.com\/index.php\/2025\/11\/06\/asueto-administrativo-por-el-dia-del-trabajador-municipal\/","title":{"rendered":"Asueto administrativo por el D\u00eda del Trabajador Municipal"},"content":{"rendered":"\n<p>Ser\u00e1 el pr\u00f3ximo lunes 10 de noviembre. Se garantiza el funcionamiento de los servicios esenciales.<\/p>\n\n\n\n<hr class=\"wp-block-separator aligncenter has-alpha-channel-opacity\"\/>\n\n\n\n<p>El Municipio de Olavarr\u00eda inform\u00f3 que, con motivo de la <strong>conmemoraci\u00f3n del D\u00eda del Trabajador Municipal,<\/strong> el pr\u00f3ximo<strong> lunes 10 de noviembre <\/strong>se otorgar\u00e1 <strong>asueto administrativo al personal municipal.\u00a0<\/strong><\/p>\n\n\n\n<p><\/p>\n\n\n\n<p>No obstante, se aclara que <strong>desde la comuna se arbitrar\u00e1n los medios necesarios para garantizar el normal funcionamiento <\/strong>de los <strong>servicios esenciales.<\/strong><\/p>\n\n\n\n<p><\/p>\n","protected":false},"excerpt":{"rendered":"<p>Ser\u00e1 el pr\u00f3ximo lunes 10 de noviembre. Se garantiza el funcionamiento de los servicios esenciales. El Municipio de Olavarr\u00eda inform\u00f3<\/p>\n","protected":false},"author":6,"featured_media":116041,"comment_status":"closed","ping_status":"closed","sticky":false,"template":"","format":"standard","meta":{"_jetpack_memberships_contains_paid_content":false,"footnotes":""},"categories":[5,1],"tags":[],"class_list":["post-187158","post","type-post","status-publish","format-standard","has-post-thumbnail","hentry","category-informacion-general","category-portada"],"jetpack_featured_media_url":"https:\/\/i0.wp.com\/cdnoticias.com\/wp-content\/uploads\/2024\/05\/palacio-san-martin-municipio1.jpg?fit=1072%2C597&ssl=1","jetpack_sharing_enabled":true,"_links":{"self":[{"href":"https:\/\/cdnoticias.com\/index.php\/wp-json\/wp\/v2\/posts\/187158","targetHints":{"allow":["GET"]}}],"collection":[{"href":"https:\/\/cdnoticias.com\/index.php\/wp-json\/wp\/v2\/posts"}],"about":[{"href":"https:\/\/cdnoticias.com\/index.php\/wp-json\/wp\/v2\/types\/post"}],"author":[{"embeddable":true,"href":"https:\/\/cdnoticias.com\/index.php\/wp-json\/wp\/v2\/users\/6"}],"replies":[{"embeddable":true,"href":"https:\/\/cdnoticias.com\/index.php\/wp-json\/wp\/v2\/comments?post=187158"}],"version-history":[{"count":0,"href":"https:\/\/cdnoticias.com\/index.php\/wp-json\/wp\/v2\/posts\/187158\/revisions"}],"wp:featuredmedia":[{"embeddable":true,"href":"https:\/\/cdnoticias.com\/index.php\/wp-json\/wp\/v2\/media\/116041"}],"wp:attachment":[{"href":"https:\/\/cdnoticias.com\/index.php\/wp-json\/wp\/v2\/media?parent=187158"}],"wp:term":[{"taxonomy":"category","embeddable":true,"href":"https:\/\/cdnoticias.com\/index.php\/wp-json\/wp\/v2\/categories?post=187158"},{"taxonomy":"post_tag","embeddable":true,"href":"https:\/\/cdnoticias.com\/index.php\/wp-json\/wp\/v2\/tags?post=187158"}],"curies":[{"name":"wp","href":"https:\/\/api.w.org\/{rel}","templated":true}]}}