{"id":187149,"date":"2025-11-06T17:30:10","date_gmt":"2025-11-06T20:30:10","guid":{"rendered":"https:\/\/cdnoticias.com\/?p=187149"},"modified":"2025-11-07T08:37:56","modified_gmt":"2025-11-07T11:37:56","slug":"el-concejo-deliberante-aprobo-la-ordenanza-que-regula-la-equinoterapia-en-olavarria","status":"publish","type":"post","link":"https:\/\/cdnoticias.com\/index.php\/2025\/11\/06\/el-concejo-deliberante-aprobo-la-ordenanza-que-regula-la-equinoterapia-en-olavarria\/","title":{"rendered":"El Concejo Deliberante aprob\u00f3 la ordenanza que regula la Equinoterapia en Olavarr\u00eda"},"content":{"rendered":"\n<p>Se indic\u00f3 que \u201csignifica un avance hist\u00f3rico en materia de regulaci\u00f3n de las intervenciones asistidas con equinos en el Partido de Olavarr\u00eda\u201d.&nbsp;<\/p>\n\n\n\n<hr class=\"wp-block-separator aligncenter has-alpha-channel-opacity\"\/>\n\n\n\n<p>En la sesi\u00f3n de este jueves, el Concejo Deliberante sancion\u00f3 una ordenanza que significa un <strong>avance hist\u00f3rico en materia de regulaci\u00f3n de las intervenciones asistidas con equinos <\/strong>en el Partido de Olavarr\u00eda.\u00a0<\/p>\n\n\n\n<p><\/p>\n\n\n\n<p>La normativa impulsada por la<strong> Asociaci\u00f3n Olavarriense de Hipoterapia<\/strong> fue trabajada en la <strong>Comisi\u00f3n de Salud<\/strong>, presidida por el<strong> concejal Agust\u00edn Romero<\/strong>, y <strong>aprobada en forma un\u00e1nime.\u00a0<\/strong><\/p>\n\n\n\n<p><\/p>\n\n\n\n<blockquote class=\"wp-block-quote is-layout-flow wp-block-quote-is-layout-flow\">\n<p>El nuevo marco normativo establece las bases para el desarrollo de la Terapia Asistida con Animales (TACA), particularmente con el uso de equinos, reconoci\u00e9ndose como un m\u00e9todo terap\u00e9utico y educacional que contribuye a la rehabilitaci\u00f3n, contenci\u00f3n e integraci\u00f3n de personas con discapacidad.<\/p>\n<\/blockquote>\n\n\n\n<p><\/p>\n\n\n\n<p><strong><em>\u201cTrabajamos junto a la Asociaci\u00f3n Olavarriense de Hipoterapia que viene desarrollando una gran experiencia desde hace 30 a\u00f1os. En materia normativa tuvimos que arrancar pr\u00e1cticamente de cero porque a nivel provincial y nacional no existe un marco legal para esta terapia cuyos beneficios est\u00e1n comprobados por la ciencia\u201d<\/em><\/strong>, explic\u00f3 el concejal Agust\u00edn Romero.<\/p>\n\n\n\n<p><\/p>\n\n\n\n<figure class=\"wp-block-image aligncenter size-full\"><img data-recalc-dims=\"1\" loading=\"lazy\" decoding=\"async\" width=\"800\" height=\"467\" src=\"https:\/\/i0.wp.com\/cdnoticias.com\/wp-content\/uploads\/2025\/11\/hdc-equinoterapia1.jpg?resize=800%2C467&#038;ssl=1\" alt=\"\" class=\"wp-image-187151\" srcset=\"https:\/\/i0.wp.com\/cdnoticias.com\/wp-content\/uploads\/2025\/11\/hdc-equinoterapia1.jpg?w=900&amp;ssl=1 900w, https:\/\/i0.wp.com\/cdnoticias.com\/wp-content\/uploads\/2025\/11\/hdc-equinoterapia1.jpg?resize=300%2C175&amp;ssl=1 300w, https:\/\/i0.wp.com\/cdnoticias.com\/wp-content\/uploads\/2025\/11\/hdc-equinoterapia1.jpg?resize=768%2C448&amp;ssl=1 768w\" sizes=\"auto, (max-width: 800px) 100vw, 800px\" \/><\/figure>\n\n\n\n<p><\/p>\n\n\n\n<p>La Ordenanza N\u00b0 5706\/25 define y regula distintas pr\u00e1cticas como la <strong>Hipoterapia, la monta terap\u00e9utica y las actividades asistidas con animales, <\/strong>estableciendo requisitos para la formaci\u00f3n profesional, la infraestructura de los centros, la composici\u00f3n de los equipos interdisciplinarios y el cuidado y adiestramiento exclusivo de los equinos destinados a estas terapias.<\/p>\n\n\n\n<p><\/p>\n\n\n\n<blockquote class=\"wp-block-quote is-layout-flow wp-block-quote-is-layout-flow\">\n<p>\u201cEsta ordenanza es un primer paso, pero tenemos la intenci\u00f3n de poder impulsar una ley provincial de equinoterapia en la Legislatura bonaerense\u201d, detall\u00f3 Romero que adem\u00e1s, anticip\u00f3 que se est\u00e1 trabajando para crear una diplomatura en equinoterapia en la Facultad de Ciencias de la Salud de la UNICEN.<\/p>\n<\/blockquote>\n\n\n\n<p><\/p>\n\n\n\n<p>Por su parte, el presidente de la Asociaci\u00f3n Olavarriense de Hipoterapia, Dr. Aldo Lauhirat, expres\u00f3:<em> \u201cEste es un tema complejo, pero quiero destacar la seriedad con la que trabaj\u00f3 la Comisi\u00f3n de Salud. Con esta ordenanza se abre una puerta muy importante para avanzar en pol\u00edticas de integraci\u00f3n\u201d.<\/em><\/p>\n\n\n\n<p><\/p>\n\n\n\n<p><strong>\u201cEsta iniciativa robustece el rol de Olavarr\u00eda como referente de la salud p\u00fablica en la regi\u00f3n\u201d, <\/strong>concluy\u00f3 Romero, quien valor\u00f3 el trabajo conjunto entre el Concejo Deliberante y las instituciones locales para dar un paso m\u00e1s en la inclusi\u00f3n y el reconocimiento de nuevas herramientas terap\u00e9uticas.<\/p>\n\n\n\n<p><\/p>\n","protected":false},"excerpt":{"rendered":"<p>Se indic\u00f3 que \u201csignifica un avance hist\u00f3rico en materia de regulaci\u00f3n de las intervenciones asistidas con equinos en el Partido<\/p>\n","protected":false},"author":6,"featured_media":187152,"comment_status":"closed","ping_status":"closed","sticky":false,"template":"","format":"standard","meta":{"_jetpack_memberships_contains_paid_content":false,"footnotes":""},"categories":[4,1],"tags":[],"class_list":["post-187149","post","type-post","status-publish","format-standard","has-post-thumbnail","hentry","category-politica","category-portada"],"jetpack_featured_media_url":"https:\/\/i0.wp.com\/cdnoticias.com\/wp-content\/uploads\/2025\/11\/hdc-equinoterapia.jpg?fit=900%2C535&ssl=1","jetpack_sharing_enabled":true,"_links":{"self":[{"href":"https:\/\/cdnoticias.com\/index.php\/wp-json\/wp\/v2\/posts\/187149","targetHints":{"allow":["GET"]}}],"collection":[{"href":"https:\/\/cdnoticias.com\/index.php\/wp-json\/wp\/v2\/posts"}],"about":[{"href":"https:\/\/cdnoticias.com\/index.php\/wp-json\/wp\/v2\/types\/post"}],"author":[{"embeddable":true,"href":"https:\/\/cdnoticias.com\/index.php\/wp-json\/wp\/v2\/users\/6"}],"replies":[{"embeddable":true,"href":"https:\/\/cdnoticias.com\/index.php\/wp-json\/wp\/v2\/comments?post=187149"}],"version-history":[{"count":0,"href":"https:\/\/cdnoticias.com\/index.php\/wp-json\/wp\/v2\/posts\/187149\/revisions"}],"wp:featuredmedia":[{"embeddable":true,"href":"https:\/\/cdnoticias.com\/index.php\/wp-json\/wp\/v2\/media\/187152"}],"wp:attachment":[{"href":"https:\/\/cdnoticias.com\/index.php\/wp-json\/wp\/v2\/media?parent=187149"}],"wp:term":[{"taxonomy":"category","embeddable":true,"href":"https:\/\/cdnoticias.com\/index.php\/wp-json\/wp\/v2\/categories?post=187149"},{"taxonomy":"post_tag","embeddable":true,"href":"https:\/\/cdnoticias.com\/index.php\/wp-json\/wp\/v2\/tags?post=187149"}],"curies":[{"name":"wp","href":"https:\/\/api.w.org\/{rel}","templated":true}]}}