{"id":187142,"date":"2025-11-06T17:00:37","date_gmt":"2025-11-06T20:00:37","guid":{"rendered":"https:\/\/cdnoticias.com\/?p=187142"},"modified":"2025-11-06T20:42:39","modified_gmt":"2025-11-06T23:42:39","slug":"el-hcd-realizo-la-16-sesion-ordinaria","status":"publish","type":"post","link":"https:\/\/cdnoticias.com\/index.php\/2025\/11\/06\/el-hcd-realizo-la-16-sesion-ordinaria\/","title":{"rendered":"El HCD realiz\u00f3 la 16\u00b0 sesi\u00f3n ordinaria\u00a0"},"content":{"rendered":"\n<p>Se desarroll\u00f3 una intensa actividad legislativa en el HCD que incluy\u00f3 una sesi\u00f3n especial, una Asamblea de Concejales y Mayores Contribuyentes y la 16\u00b0 sesi\u00f3n ordinaria del per\u00edodo 2025.<\/p>\n\n\n\n<hr class=\"wp-block-separator aligncenter has-alpha-channel-opacity\"\/>\n\n\n\n<p>Este jueves, el HCD realiz\u00f3 la 16\u00b0 sesi\u00f3n ordinaria\u00a0y la jornada comenz\u00f3 con una sesi\u00f3n especial convocada por decreto del HCD N\u00b0 100\/25, durante la cual <strong>se aprob\u00f3 la licencia del concejal Hilario Galli del 3 al 6 de noviembre <\/strong>y su <strong>reemplazo temporal por Gabriel Osvaldo Hern\u00e1n Requena.<\/strong><\/p>\n\n\n\n<p><\/p>\n\n\n\n<p>A continuaci\u00f3n se llev\u00f3 a cabo la Asamblea de Concejales y Mayores Contribuyentes, convocada por decreto del HCD N\u00b0 098\/25, en la que <strong>se aprob\u00f3 por unanimidad<\/strong> la ordenanza enviada por el Departamento Ejecutivo Municipal que <strong>declara de utilidad p\u00fablica la obra de extensi\u00f3n de la red de gas natural en el barrio Villa Aurora.<\/strong><\/p>\n\n\n\n<p><\/p>\n\n\n\n<blockquote class=\"wp-block-quote is-layout-flow wp-block-quote-is-layout-flow\">\n<p>Seguidamente dio inicio la 16\u00b0 sesi\u00f3n ordinaria del per\u00edodo 2025, que incluy\u00f3 el tratamiento de diversas iniciativas de relevancia comunitaria. Entre ellas, se aprob\u00f3 la Ordenanza N\u00b0 5706\/25, impulsada por la Asociaci\u00f3n Olavarriense de Hipoterapia y trabajada en la Comisi\u00f3n de Salud, que regula las intervenciones asistidas con equinos en el Partido de Olavarr\u00eda.<\/p>\n<\/blockquote>\n\n\n\n<p><\/p>\n\n\n\n<p>Posteriormente se sancion\u00f3 la Ordenanza N\u00b0 5707\/25, presentada por el bloque Uni\u00f3n por la Patria, que establece un <strong>procedimiento de actuaci\u00f3n ante la presencia de animales de producci\u00f3n sueltos <\/strong>en <strong>espacios p\u00fablicos.<\/strong><\/p>\n\n\n\n<p><\/p>\n\n\n\n<figure class=\"wp-block-image aligncenter size-full\"><img data-recalc-dims=\"1\" loading=\"lazy\" decoding=\"async\" width=\"800\" height=\"450\" src=\"https:\/\/i0.wp.com\/cdnoticias.com\/wp-content\/uploads\/2025\/11\/hcd-sesion16.jpg?resize=800%2C450&#038;ssl=1\" alt=\"\" class=\"wp-image-187146\" srcset=\"https:\/\/i0.wp.com\/cdnoticias.com\/wp-content\/uploads\/2025\/11\/hcd-sesion16.jpg?w=900&amp;ssl=1 900w, https:\/\/i0.wp.com\/cdnoticias.com\/wp-content\/uploads\/2025\/11\/hcd-sesion16.jpg?resize=300%2C169&amp;ssl=1 300w, https:\/\/i0.wp.com\/cdnoticias.com\/wp-content\/uploads\/2025\/11\/hcd-sesion16.jpg?resize=768%2C432&amp;ssl=1 768w\" sizes=\"auto, (max-width: 800px) 100vw, 800px\" \/><\/figure>\n\n\n\n<p><\/p>\n\n\n\n<p>Tambi\u00e9n fue aprobada la Ordenanza N\u00b0 5708\/25, elevada por el Ejecutivo Municipal, para la<strong> creaci\u00f3n del programa \u201cLotes con servicios para viviendas\u201d <\/strong>en la <strong>localidad de Sierra Chica,<\/strong> con el objetivo de promover el <strong>acceso al h\u00e1bitat y el desarrollo urbano planificado.<\/strong><\/p>\n\n\n\n<p><\/p>\n\n\n\n<blockquote class=\"wp-block-quote is-layout-flow wp-block-quote-is-layout-flow\">\n<p>Por iniciativa del bloque UCR, se declar\u00f3 de inter\u00e9s legislativo municipal el torneo \u201cCopa Aniversario\u201d del Club Colonias y Cerros, que se realizar\u00e1 los d\u00edas 6, 7 y 8 de diciembre.<\/p>\n<\/blockquote>\n\n\n\n<p><\/p>\n\n\n\n<p>Durante la sesi\u00f3n se aprobaron adem\u00e1s <strong>pedidos de informes referidos al contrato de concesi\u00f3n de servicios p\u00fablicos<\/strong> suscripto entre la Municipalidad de Olavarr\u00eda y <strong>Coopelectric<\/strong> (LLA), as\u00ed como al funcionamiento de la <strong>Sociedad de Fomento \u201cCoronel Dorrego\u201d<\/strong> (UCR).<\/p>\n\n\n\n<p><\/p>\n\n\n\n<p>Finalmente, se votaron una resoluci\u00f3n <strong>solicitando mejoras en el acceso al barrio Minero <\/strong>y un pedido de cumplimiento de informes aprobados con anterioridad, <strong>ambos proyectos del bloque UCR.<\/strong><\/p>\n\n\n\n<p><\/p>\n\n\n\n<figure class=\"wp-block-image aligncenter size-full\"><img data-recalc-dims=\"1\" loading=\"lazy\" decoding=\"async\" width=\"800\" height=\"415\" src=\"https:\/\/i0.wp.com\/cdnoticias.com\/wp-content\/uploads\/2025\/11\/hcd-sesion16-1.jpg?resize=800%2C415&#038;ssl=1\" alt=\"\" class=\"wp-image-187145\" srcset=\"https:\/\/i0.wp.com\/cdnoticias.com\/wp-content\/uploads\/2025\/11\/hcd-sesion16-1.jpg?w=900&amp;ssl=1 900w, https:\/\/i0.wp.com\/cdnoticias.com\/wp-content\/uploads\/2025\/11\/hcd-sesion16-1.jpg?resize=300%2C156&amp;ssl=1 300w, https:\/\/i0.wp.com\/cdnoticias.com\/wp-content\/uploads\/2025\/11\/hcd-sesion16-1.jpg?resize=768%2C399&amp;ssl=1 768w\" sizes=\"auto, (max-width: 800px) 100vw, 800px\" \/><\/figure>\n","protected":false},"excerpt":{"rendered":"<p>Se desarroll\u00f3 una intensa actividad legislativa en el HCD que incluy\u00f3 una sesi\u00f3n especial, una Asamblea de Concejales y Mayores<\/p>\n","protected":false},"author":6,"featured_media":187144,"comment_status":"closed","ping_status":"closed","sticky":false,"template":"","format":"standard","meta":{"_jetpack_memberships_contains_paid_content":false,"footnotes":""},"categories":[4,1],"tags":[],"class_list":["post-187142","post","type-post","status-publish","format-standard","has-post-thumbnail","hentry","category-politica","category-portada"],"jetpack_featured_media_url":"https:\/\/i0.wp.com\/cdnoticias.com\/wp-content\/uploads\/2025\/11\/hcd-sesion-16-1111.jpg?fit=900%2C506&ssl=1","jetpack_sharing_enabled":true,"_links":{"self":[{"href":"https:\/\/cdnoticias.com\/index.php\/wp-json\/wp\/v2\/posts\/187142","targetHints":{"allow":["GET"]}}],"collection":[{"href":"https:\/\/cdnoticias.com\/index.php\/wp-json\/wp\/v2\/posts"}],"about":[{"href":"https:\/\/cdnoticias.com\/index.php\/wp-json\/wp\/v2\/types\/post"}],"author":[{"embeddable":true,"href":"https:\/\/cdnoticias.com\/index.php\/wp-json\/wp\/v2\/users\/6"}],"replies":[{"embeddable":true,"href":"https:\/\/cdnoticias.com\/index.php\/wp-json\/wp\/v2\/comments?post=187142"}],"version-history":[{"count":0,"href":"https:\/\/cdnoticias.com\/index.php\/wp-json\/wp\/v2\/posts\/187142\/revisions"}],"wp:featuredmedia":[{"embeddable":true,"href":"https:\/\/cdnoticias.com\/index.php\/wp-json\/wp\/v2\/media\/187144"}],"wp:attachment":[{"href":"https:\/\/cdnoticias.com\/index.php\/wp-json\/wp\/v2\/media?parent=187142"}],"wp:term":[{"taxonomy":"category","embeddable":true,"href":"https:\/\/cdnoticias.com\/index.php\/wp-json\/wp\/v2\/categories?post=187142"},{"taxonomy":"post_tag","embeddable":true,"href":"https:\/\/cdnoticias.com\/index.php\/wp-json\/wp\/v2\/tags?post=187142"}],"curies":[{"name":"wp","href":"https:\/\/api.w.org\/{rel}","templated":true}]}}