{"id":187134,"date":"2025-11-06T18:00:35","date_gmt":"2025-11-06T21:00:35","guid":{"rendered":"https:\/\/cdnoticias.com\/?p=187134"},"modified":"2025-11-06T18:00:37","modified_gmt":"2025-11-06T21:00:37","slug":"como-impacta-la-baja-de-patente-que-proyecta-la-provincia-para-2026","status":"publish","type":"post","link":"https:\/\/cdnoticias.com\/index.php\/2025\/11\/06\/como-impacta-la-baja-de-patente-que-proyecta-la-provincia-para-2026\/","title":{"rendered":"C\u00f3mo impacta la baja de Patente que proyecta la Provincia para 2026"},"content":{"rendered":"<p>De aprobarse la ley fiscal, el 75% de los contribuyentes pagar\u00e1 menos de patente que durante este a\u00f1o.<!--more--><\/p>\n<hr \/>\n<p>El<strong> Gobierno de la provincia de Buenos Aires<\/strong> mand\u00f3 este mi\u00e9rcoles a la <strong>Legislatura el proyecto de <a href=\"https:\/\/cdnoticias.com\/index.php\/2025\/11\/05\/para-2026-la-provincia-propone-bajar-la-patente-y-congelar-el-inmobiliario\/\" target=\"_blank\" rel=\"noopener\">Ley Impositiva 2026<\/a><\/strong><a href=\"_wp_link_placeholder\">, junto con el Presupuesto y la solicitud de endeudamiento<\/a>. Y uno de los ejes centrales que impactar\u00e1 en el bonaerense es la <strong>reducci\u00f3n nominal de la Patente Automotor<\/strong>. Seg\u00fan el proyecto, <strong>el 75% de los contribuyentes pagar\u00e1 menos que en 2024<\/strong>.<\/p>\n<blockquote><p>De acuerdo a lo que inform\u00f3 el titular de la Agencia de Recaudaci\u00f3n de la provincia de Buenos Aires (ARBA), Cristian Girard, habr\u00e1 una baja de la Patente Automotor, que beneficiar\u00e1 a 3 de cada 4 bonaerenses. \u201cEstamos bajando nominalmente la patente al 75% de las y los propietarios de veh\u00edculos\u201d, afirm\u00f3 y agreg\u00f3: \u201cTres de cada cuatro bonaerenses van a pagar menos que en la Ley Impositiva 2024, gracias a una reformulaci\u00f3n de las tablas\u201d.<\/p><\/blockquote>\n<p>De esta manera y si finalmente la Legislatura le da el visto bueno,<strong> la iniciativa corregir\u00e1 los saltos de al\u00edcuota<\/strong> que se hab\u00edan generado por la suba del precio de los autos y la falta de actualizaci\u00f3n en 2025.<\/p>\n<p>La baja de la patente se lograr\u00e1 ya que la tabla de 15 tramos que manejaba ARBA tendr\u00e1 5. En los 15 tramos la al\u00edcuota m\u00ednima era del 3,64% y una m\u00e1xima del 5%; ahora ser\u00e1 <strong>una tabla de 5 tramos, con una al\u00edcuota m\u00ednima de 1% y m\u00e1xima de 4,5%<\/strong>.<\/p>\n<p><img data-recalc-dims=\"1\" loading=\"lazy\" decoding=\"async\" class=\"alignnone size-full wp-image-187006 aligncenter\" src=\"https:\/\/i0.wp.com\/cdnoticias.com\/wp-content\/uploads\/2025\/11\/ARBA-cristian-girard.jpg?resize=800%2C445&#038;ssl=1\" alt=\"\" width=\"800\" height=\"445\" srcset=\"https:\/\/i0.wp.com\/cdnoticias.com\/wp-content\/uploads\/2025\/11\/ARBA-cristian-girard.jpg?w=1000&amp;ssl=1 1000w, https:\/\/i0.wp.com\/cdnoticias.com\/wp-content\/uploads\/2025\/11\/ARBA-cristian-girard.jpg?resize=300%2C167&amp;ssl=1 300w, https:\/\/i0.wp.com\/cdnoticias.com\/wp-content\/uploads\/2025\/11\/ARBA-cristian-girard.jpg?resize=768%2C427&amp;ssl=1 768w, https:\/\/i0.wp.com\/cdnoticias.com\/wp-content\/uploads\/2025\/11\/ARBA-cristian-girard.jpg?resize=800%2C445&amp;ssl=1 800w\" sizes=\"auto, (max-width: 800px) 100vw, 800px\" \/><\/p>\n<blockquote><p>Con estas medidas, la provincia de Buenos Aires tendr\u00e1 el pago de la Patente m\u00e1s baja dentro las grandes jurisdicciones.<\/p><\/blockquote>\n<p>La ley, en concreto, hace <strong>modificaciones para bajar nominalmente el impuesto sobre unos 2 millones de veh\u00edculos<\/strong>. Si se aprueba, las nuevas escalas de acuerdo al Gobierno ser\u00edan:<\/p>\n<h3>Tramo 1<\/h3>\n<p>(VF $ 2.606.900)<\/p>\n<p>Marca: FIAT<\/p>\n<p>C\u00f3digo: Palio Attractive 5p<\/p>\n<p>Modelo: 2017<\/p>\n<p>Impuesto anual 2025: $112.909<\/p>\n<p>Impuesto anual 2026: $131.742<\/p>\n<p>Diferencia anual: $18.833<\/p>\n<p>Valor cuota: $13.174<\/p>\n<h3>Tramo 2<\/h3>\n<p>(VF $ 18.086.600)<\/p>\n<p>Marca: FIAT<\/p>\n<p>C\u00f3digo: Cronos Drive 1.3<\/p>\n<p>Modelo: 2021<\/p>\n<p>Impuesto anual 2025: $377.837<\/p>\n<p>Impuesto anual 2026: $222.910<\/p>\n<p>Diferencia anual: $154.927<\/p>\n<p>Valor cuota: $22.291<\/p>\n<h3>Tramo 3<\/h3>\n<p>(VF $ 24.582.500)<\/p>\n<p>Marca: VOLKSWAGEN<\/p>\n<p>C\u00f3digo: Nuevo Polo Track<\/p>\n<p>Modelo: 2024<\/p>\n<p>Impuesto anual 2025: $905.623<\/p>\n<p>Impuesto anual 2026: $409.861<\/p>\n<p>Diferencia anual: \u2013$495.762<\/p>\n<p>Valor cuota: $40.986<\/p>\n<h3>Tramo 4<\/h3>\n<p>(VF $ 37.828.000)<\/p>\n<p>Marca: VOLKSWAGEN<\/p>\n<p>C\u00f3digo: Taos Comfort<\/p>\n<p>Modelo: 2024<\/p>\n<p>Impuesto anual 2025: $2.406.889<\/p>\n<p>Impuesto anual 2026: $904.050<\/p>\n<p>Diferencia anual: \u2013$1.502.839<\/p>\n<p>Valor cuota: $90.405<\/p>\n<h3>Tramo 5<\/h3>\n<p>(VF $ 59.029.250)<\/p>\n<p>Marca: VOLKSWAGEN<\/p>\n<p>C\u00f3digo: Taos Highline<\/p>\n<p>Modelo: 2025<\/p>\n<p>Impuesto anual 2025: $2.982.066<\/p>\n<p>Impuesto anual 2026: $1.831.501<\/p>\n<p>Diferencia anual: \u2013$1.150.565<\/p>\n<p>Valor cuota: $183.150<\/p>\n<h3>Tramo 5 (otra variante)<\/h3>\n<p>(VF $ 56.835.000)<\/p>\n<p>Marca: JEEP<\/p>\n<p>C\u00f3digo: Compass Serie S<\/p>\n<p>Modelo: 2025<\/p>\n<p>Impuesto anual 2025: $2.522.717<\/p>\n<p>Impuesto anual 2026: $1.728.316<\/p>\n<p>Diferencia anual: \u2013$794.401<\/p>\n<p>Valor cuota: $172.532<\/p>\n<p>Fuente: <em>Agencia DIB<\/em><\/p>\n","protected":false},"excerpt":{"rendered":"<p>De aprobarse la ley fiscal, el 75% de los contribuyentes pagar\u00e1 menos de patente que durante este a\u00f1o.<\/p>\n","protected":false},"author":4,"featured_media":176798,"comment_status":"closed","ping_status":"closed","sticky":false,"template":"","format":"standard","meta":{"_jetpack_memberships_contains_paid_content":false,"footnotes":""},"categories":[6,1],"tags":[],"class_list":["post-187134","post","type-post","status-publish","format-standard","has-post-thumbnail","hentry","category-nacionales","category-portada"],"jetpack_featured_media_url":"https:\/\/i0.wp.com\/cdnoticias.com\/wp-content\/uploads\/2025\/07\/ARBA-patente-a.jpg?fit=800%2C445&ssl=1","jetpack_sharing_enabled":true,"_links":{"self":[{"href":"https:\/\/cdnoticias.com\/index.php\/wp-json\/wp\/v2\/posts\/187134","targetHints":{"allow":["GET"]}}],"collection":[{"href":"https:\/\/cdnoticias.com\/index.php\/wp-json\/wp\/v2\/posts"}],"about":[{"href":"https:\/\/cdnoticias.com\/index.php\/wp-json\/wp\/v2\/types\/post"}],"author":[{"embeddable":true,"href":"https:\/\/cdnoticias.com\/index.php\/wp-json\/wp\/v2\/users\/4"}],"replies":[{"embeddable":true,"href":"https:\/\/cdnoticias.com\/index.php\/wp-json\/wp\/v2\/comments?post=187134"}],"version-history":[{"count":0,"href":"https:\/\/cdnoticias.com\/index.php\/wp-json\/wp\/v2\/posts\/187134\/revisions"}],"wp:featuredmedia":[{"embeddable":true,"href":"https:\/\/cdnoticias.com\/index.php\/wp-json\/wp\/v2\/media\/176798"}],"wp:attachment":[{"href":"https:\/\/cdnoticias.com\/index.php\/wp-json\/wp\/v2\/media?parent=187134"}],"wp:term":[{"taxonomy":"category","embeddable":true,"href":"https:\/\/cdnoticias.com\/index.php\/wp-json\/wp\/v2\/categories?post=187134"},{"taxonomy":"post_tag","embeddable":true,"href":"https:\/\/cdnoticias.com\/index.php\/wp-json\/wp\/v2\/tags?post=187134"}],"curies":[{"name":"wp","href":"https:\/\/api.w.org\/{rel}","templated":true}]}}