{"id":187131,"date":"2025-11-06T13:54:38","date_gmt":"2025-11-06T16:54:38","guid":{"rendered":"https:\/\/cdnoticias.com\/?p=187131"},"modified":"2025-11-06T13:54:40","modified_gmt":"2025-11-06T16:54:40","slug":"bahia-blanca-vaciaron-la-estacion-sud-tras-el-cierre-del-ramal-de-pasajeros","status":"publish","type":"post","link":"https:\/\/cdnoticias.com\/index.php\/2025\/11\/06\/bahia-blanca-vaciaron-la-estacion-sud-tras-el-cierre-del-ramal-de-pasajeros\/","title":{"rendered":"Bah\u00eda Blanca: vaciaron la Estaci\u00f3n Sud tras el cierre del ramal de pasajeros"},"content":{"rendered":"<p>La Municipalidad est\u00e1 en gestiones para ver si puede quedarse con el edificio, que es parte del patrimonio hist\u00f3rico.<!--more--><\/p>\n<hr \/>\n<p>Despu\u00e9s de que <a href=\"https:\/\/cdnoticias.com\/index.php\/2025\/10\/21\/confirman-el-cierre-definitivo-del-tren-que-unia-buenos-aires-con-bahia-blanca\/\" target=\"_blank\" rel=\"noopener\">se efectivizara el cierre de la<strong> estaci\u00f3n ferroviaria Bah\u00eda Blanca Sud<\/strong><\/a><strong>, este mi\u00e9rcoles se retir\u00f3 el mobiliario del edificio en medio de negociaciones del Municipio<\/strong> por la tenencia del lugar.<\/p>\n<p>En horas de la ma\u00f1ana de este mi\u00e9rcoles, como inform\u00f3 La Nueva, <strong>personal de Trenes Argentinos traslad\u00f3 todos los elementos que estaban en el edificio<\/strong> bajo las atentas miradas del gremio y de funcionarios municipales, que constataron el procedimiento y tomaron<strong> constancia de lo que se retiraba del lugar.<\/strong><\/p>\n<p>Estuvieron presentes para controlar <em>Walter Larrea, asesor letrado del Municipio, junto a Eduardo Matarazzo de la Comisi\u00f3n Ferroviaria Regional y el director de patrimonio del Municipio, Jos\u00e9 Zingoni<\/em>.<\/p>\n<h4>\u201cCreen que tienen carta libre\u201d<\/h4>\n<p>Seg\u00fan indic\u00f3 Matarazzo a LU2, se notificaron de que iban a realizar el <strong>desmantelamiento de los elementos que se encuentran en la estaci\u00f3n<\/strong> por un canal interno de informaci\u00f3n, mientras que est\u00e1n negociando entre el Ejecutivo municipal y el Gobierno nacional por la tenencia del lugar.<\/p>\n<blockquote><p>&#8220;El intendente de Bah\u00eda Blanca (Federico Susbielles) est\u00e1 haciendo negociaciones por la tenencia de la estaci\u00f3n para otras actividades. Parece que despu\u00e9s de pasar unas elecciones favorables interpretan que eso les da carta libre para todo, vienen a llevarse las cosas y a cerrar la estaci\u00f3n&#8221;, indic\u00f3 el dirigente.<\/p><\/blockquote>\n<h4>Patrimonio<\/h4>\n<p>En el lugar existen <strong>elementos de trabajo pertenecientes a la empresa pero tambi\u00e9n patrimonio hist\u00f3rico<\/strong>, por lo que se est\u00e1n haciendo los contralores pertinentes para que solo trasladen bienes permitidos.<\/p>\n<p>Matarazzo afirm\u00f3 que<strong> \u201cestamos vigilando que no se lleven nada que corresponda al patrimonio hist\u00f3rico de la Estaci\u00f3n Sud.<\/strong> El personal se est\u00e1 llevando mobiliario de oficina, como escritorios y computadoras. Lo que tiene que ver con lo hist\u00f3rico, desde los bancos del and\u00e9n hasta cosas que se encuentran incrustadas o adheridas al mismo, sumado a la confiter\u00eda, que tiene un mobiliario muy valioso, eso no se puede tocar&#8221;.<\/p>\n<p>La situaci\u00f3n del retiro de los elementos se vivi\u00f3 en medio de un <strong>clima de tensi\u00f3n<\/strong>, ya que el personal de Trenes Argentinos, no quer\u00eda ser filmado mientras realizaban las tareas. <strong>&#8220;Se ve que les molesta que hayamos venido a ver que no se llevaran lo que quer\u00edan.<\/strong> Si nosotros no nos enteramos and\u00e1 a saber que pasaba y que se llevaban, cerr\u00f3 el titular de la Comisi\u00f3n Ferroviaria Regional.<\/p>\n<h4>Negociaciones<\/h4>\n<p>El<strong> jefe de Gabinete municipal de Bah\u00eda Blanca, Luis Calderaro<\/strong>, coment\u00f3 por su parte a LU2: &#8220;Bah\u00eda Blanca supo tener trece ramales ferroviarios, y ahora estamos con la tristeza de ver que la Estaci\u00f3n Sud est\u00e1 pasando por esta situaci\u00f3n. Hay material en el lugar que tal vez no sea de inter\u00e9s, pero <strong>hay otros que tienen una significaci\u00f3n y un valor hist\u00f3rico muy grande para el acervo de la ciudad<\/strong> y para aquellas generaciones que su movilidad ha estado signada por la vida y el pulso de la estaci\u00f3n de trenes&#8221;.<\/p>\n<blockquote><p>En medio del retiro del mobiliario, se se\u00f1al\u00f3 que el intendente est\u00e1 negociando la posibilidad de retener el edificio para la ciudad. &#8220;En el caso de que haya un desinter\u00e9s por parte del Gobierno Nacional, nosotros desde el Municipio queremos tener la custodia y por supuesto, tratar de revitalizar uno de los lugares m\u00e1s importantes de la ciudad\u201d, afirm\u00f3 Calderaro.<\/p><\/blockquote>\n<h4>Preservaci\u00f3n<\/h4>\n<p>El <strong>director de Patrimonio municipal, Jos\u00e9 Zingoni<\/strong>, explic\u00f3 por su parte que hay una decisi\u00f3n tomada con respecto a <strong>luchar por la tenencia y mantenimiento de la Estaci\u00f3n Sud<\/strong> por parte del ejecutivo municipal.<\/p>\n<p>\u201cEste es un edificio con <strong>asignaci\u00f3n de patrimonio municipal y tambi\u00e9n monumento hist\u00f3rico nacional<\/strong>, por lo tanto, tiene competencia todo lo que tenga que ver con naci\u00f3n, comenzando por la Comisi\u00f3n Nacional de Monumentos y para nosotros desde la Municipalidad&#8221;, afirm\u00f3 Zingoni.<\/p>\n<blockquote><p>\u201cMientras la v\u00eda est\u00e9 operativa, el tren puede volver, pero el edificio tiene muchas posibilidades y tambi\u00e9n tiene restricciones, no olvidemos que por ac\u00e1 pasan trenes de carga. Hay actividades que no podr\u00edan funcionar, pero tenemos una idea clara de c\u00f3mo poder utilizarlo. Adem\u00e1s, no solo es el edificio principal, sino tambi\u00e9n la parte de talleres que son las construcciones m\u00e1s viejas de la ciudad&#8221;, indic\u00f3 el director de Patrimonio.<\/p><\/blockquote>\n<p><strong>&#8220;Nos importa mucho preservar estos edificios<\/strong>, hay muchos usos que se le pueden dar, porque adem\u00e1s el suelo es muy importante en t\u00e9rminos de cantidad, est\u00e1 muy bien ubicado. El potencial es muy grande&#8221;, cerr\u00f3 Jos\u00e9 Zingoni.<\/p>\n<p>Fuente: <em>Agencia DIB<\/em><\/p>\n","protected":false},"excerpt":{"rendered":"<p>La Municipalidad est\u00e1 en gestiones para ver si puede quedarse con el edificio, que es parte del patrimonio hist\u00f3rico.<\/p>\n","protected":false},"author":4,"featured_media":187132,"comment_status":"closed","ping_status":"closed","sticky":false,"template":"","format":"standard","meta":{"_jetpack_memberships_contains_paid_content":false,"footnotes":""},"categories":[6,1],"tags":[],"class_list":["post-187131","post","type-post","status-publish","format-standard","has-post-thumbnail","hentry","category-nacionales","category-portada"],"jetpack_featured_media_url":"https:\/\/i0.wp.com\/cdnoticias.com\/wp-content\/uploads\/2025\/11\/estacion-tren-bahia-blanca.jpg?fit=1000%2C565&ssl=1","jetpack_sharing_enabled":true,"_links":{"self":[{"href":"https:\/\/cdnoticias.com\/index.php\/wp-json\/wp\/v2\/posts\/187131","targetHints":{"allow":["GET"]}}],"collection":[{"href":"https:\/\/cdnoticias.com\/index.php\/wp-json\/wp\/v2\/posts"}],"about":[{"href":"https:\/\/cdnoticias.com\/index.php\/wp-json\/wp\/v2\/types\/post"}],"author":[{"embeddable":true,"href":"https:\/\/cdnoticias.com\/index.php\/wp-json\/wp\/v2\/users\/4"}],"replies":[{"embeddable":true,"href":"https:\/\/cdnoticias.com\/index.php\/wp-json\/wp\/v2\/comments?post=187131"}],"version-history":[{"count":0,"href":"https:\/\/cdnoticias.com\/index.php\/wp-json\/wp\/v2\/posts\/187131\/revisions"}],"wp:featuredmedia":[{"embeddable":true,"href":"https:\/\/cdnoticias.com\/index.php\/wp-json\/wp\/v2\/media\/187132"}],"wp:attachment":[{"href":"https:\/\/cdnoticias.com\/index.php\/wp-json\/wp\/v2\/media?parent=187131"}],"wp:term":[{"taxonomy":"category","embeddable":true,"href":"https:\/\/cdnoticias.com\/index.php\/wp-json\/wp\/v2\/categories?post=187131"},{"taxonomy":"post_tag","embeddable":true,"href":"https:\/\/cdnoticias.com\/index.php\/wp-json\/wp\/v2\/tags?post=187131"}],"curies":[{"name":"wp","href":"https:\/\/api.w.org\/{rel}","templated":true}]}}