{"id":187107,"date":"2025-11-06T10:35:00","date_gmt":"2025-11-06T13:35:00","guid":{"rendered":"https:\/\/cdnoticias.com\/?p=187107"},"modified":"2025-11-06T10:35:02","modified_gmt":"2025-11-06T13:35:02","slug":"tiraron-grasa-a-la-calle-corte-de-transito-en-del-valle-y-25-de-mayo","status":"publish","type":"post","link":"https:\/\/cdnoticias.com\/index.php\/2025\/11\/06\/tiraron-grasa-a-la-calle-corte-de-transito-en-del-valle-y-25-de-mayo\/","title":{"rendered":"Tiraron grasa a la calle: corte de tr\u00e1nsito en Del Valle y 25 de Mayo"},"content":{"rendered":"<p>La Subsecretar\u00eda de Protecci\u00f3n Ciudadana, Defensa Civil y Bomberos Voluntarios trabajan en el sector. Infracci\u00f3n a un comercio.<!--more--><\/p>\n<hr \/>\n<p>El <strong>Municipio de Olavarr\u00eda<\/strong> inform\u00f3 que <strong>se encuentra cerrada a la circulaci\u00f3n la calle 25 de Mayo<\/strong>, a la altura del <strong>cruce con avenida Del Valle.<\/strong><\/p>\n<blockquote><p>Se explic\u00f3 que la medida se aplic\u00f3 \u201cdebido a labores de limpieza y secado originados a partir de un vertido de grasa realizado por una parrilla. Se apela a la precauci\u00f3n y colaboraci\u00f3n de automovilistas\u201d.<\/p><\/blockquote>\n<p>La interrupci\u00f3n al tr\u00e1nsito se realiz\u00f3 en horas de esta ma\u00f1ana, por personal de la<strong> Subsecretar\u00eda de Protecci\u00f3n Ciudadana,<\/strong> en articulaci\u00f3n y colaboraci\u00f3n con <strong>Defensa Civil y Bomberos Voluntarios de Olavarr\u00eda.<\/strong><\/p>\n<p>Vale destacar que se realizaron, a la par, las<strong> averiguaciones para determinar el origen de dicho vertido<\/strong> y se labr\u00f3 el <strong>acta de infracci\u00f3n correspondiente a los responsables.<\/strong><\/p>\n","protected":false},"excerpt":{"rendered":"<p>La Subsecretar\u00eda de Protecci\u00f3n Ciudadana, Defensa Civil y Bomberos Voluntarios trabajan en el sector. Infracci\u00f3n a un comercio.<\/p>\n","protected":false},"author":4,"featured_media":187108,"comment_status":"closed","ping_status":"closed","sticky":false,"template":"","format":"standard","meta":{"_jetpack_memberships_contains_paid_content":false,"footnotes":""},"categories":[5,1],"tags":[],"class_list":["post-187107","post","type-post","status-publish","format-standard","has-post-thumbnail","hentry","category-informacion-general","category-portada"],"jetpack_featured_media_url":"https:\/\/i0.wp.com\/cdnoticias.com\/wp-content\/uploads\/2025\/11\/del-valle-y-25-de-mayo.jpeg?fit=1000%2C562&ssl=1","jetpack_sharing_enabled":true,"_links":{"self":[{"href":"https:\/\/cdnoticias.com\/index.php\/wp-json\/wp\/v2\/posts\/187107","targetHints":{"allow":["GET"]}}],"collection":[{"href":"https:\/\/cdnoticias.com\/index.php\/wp-json\/wp\/v2\/posts"}],"about":[{"href":"https:\/\/cdnoticias.com\/index.php\/wp-json\/wp\/v2\/types\/post"}],"author":[{"embeddable":true,"href":"https:\/\/cdnoticias.com\/index.php\/wp-json\/wp\/v2\/users\/4"}],"replies":[{"embeddable":true,"href":"https:\/\/cdnoticias.com\/index.php\/wp-json\/wp\/v2\/comments?post=187107"}],"version-history":[{"count":0,"href":"https:\/\/cdnoticias.com\/index.php\/wp-json\/wp\/v2\/posts\/187107\/revisions"}],"wp:featuredmedia":[{"embeddable":true,"href":"https:\/\/cdnoticias.com\/index.php\/wp-json\/wp\/v2\/media\/187108"}],"wp:attachment":[{"href":"https:\/\/cdnoticias.com\/index.php\/wp-json\/wp\/v2\/media?parent=187107"}],"wp:term":[{"taxonomy":"category","embeddable":true,"href":"https:\/\/cdnoticias.com\/index.php\/wp-json\/wp\/v2\/categories?post=187107"},{"taxonomy":"post_tag","embeddable":true,"href":"https:\/\/cdnoticias.com\/index.php\/wp-json\/wp\/v2\/tags?post=187107"}],"curies":[{"name":"wp","href":"https:\/\/api.w.org\/{rel}","templated":true}]}}