{"id":187105,"date":"2025-11-06T10:33:18","date_gmt":"2025-11-06T13:33:18","guid":{"rendered":"https:\/\/cdnoticias.com\/?p=187105"},"modified":"2025-11-06T13:15:47","modified_gmt":"2025-11-06T16:15:47","slug":"socavacion-en-el-parque-mitre-hemos-encontrado-la-causa","status":"publish","type":"post","link":"https:\/\/cdnoticias.com\/index.php\/2025\/11\/06\/socavacion-en-el-parque-mitre-hemos-encontrado-la-causa\/","title":{"rendered":"Socavaci\u00f3n en el Parque Mitre: \u201chemos encontrado la causa\u201d"},"content":{"rendered":"\n<p>As\u00ed lo indic\u00f3 el secretario de Obras P\u00fablicas Orfel Fari\u00f1a. Contin\u00faan los trabajos sobre avenida Col\u00f3n y Riobamba.<\/p>\n\n\n\n<hr class=\"wp-block-separator has-alpha-channel-opacity\"\/>\n\n\n\n<p>El pasado fin de semana se produjo la<a href=\"https:\/\/cdnoticias.com\/index.php\/2025\/11\/04\/se-desmorono-un-sector-de-brown-y-riobamba-ya-trabaja-personal-de-obras-publicas\/\" data-type=\"link\" data-id=\"https:\/\/cdnoticias.com\/index.php\/2025\/11\/04\/se-desmorono-un-sector-de-brown-y-riobamba-ya-trabaja-personal-de-obras-publicas\/\"> socavaci\u00f3n de un sector del Parque Mitre, espec\u00edficamente en el sector de avenida Col\u00f3n y Riobamba. <\/a>En el lugar<a href=\"https:\/\/cdnoticias.com\/index.php\/2025\/11\/05\/socavacion-en-el-parque-mitre-se-ejecutan-obras-para-determinar-el-origen\/\" data-type=\"link\" data-id=\"https:\/\/cdnoticias.com\/index.php\/2025\/11\/05\/socavacion-en-el-parque-mitre-se-ejecutan-obras-para-determinar-el-origen\/\"> contin\u00faan tareas<\/a> llevadas a cabo desde el \u00e1rea de Obras Sanitarias de Coopelectric, con la coordinaci\u00f3n y supervisi\u00f3n de la Secretar\u00eda de Obras, Infraestructuras y Servicios P\u00fablicos del Municipio.<\/p>\n\n\n\n<p><\/p>\n\n\n\n<p><strong>Orfel Fari\u00f1a, secretario de Obras P\u00fablicas del Municipio <\/strong>habl\u00f3 en<strong> Levantate por Radio Sapiens (FM 102.7) <\/strong>sobre las causas del hundimiento y mencion\u00f3 un desmoronamiento del pavimento en el a\u00f1o 2023.<\/p>\n\n\n\n<p><\/p>\n\n\n\n<p>\u201c<strong>Fue una ca\u00edda muy abrupta y muy preocupante del pavimento lo que gener\u00f3 un pozo enorme. <\/strong>En ese momento lo que se detect\u00f3 es que pocos meses antes hab\u00eda habido un trabajo de tuneleo para pasar por debajo del arroyo. Ese trabajo provoca una remoci\u00f3n de un suelo que al estar cerca del arroyo es un suelo inestable\u201d, explic\u00f3 Fari\u00f1a.<\/p>\n\n\n\n<p><\/p>\n\n\n\n<p>\u201cToda esa zona qued\u00f3 muy muy floja. Ahora, con las grandes lluvias, alguna filtraci\u00f3n cloacal que estamos analizando con Obras Sanitarias y la concomitancia de varias situaciones se empez\u00f3 a dar evidencia de una socavaci\u00f3n que <strong>termin\u00f3 en el hundimiento de la superficie, un hundimiento importante<\/strong>\u201d, agreg\u00f3 el secretario municipal.<\/p>\n\n\n\n<p><\/p>\n\n\n\n<blockquote class=\"wp-block-quote is-layout-flow wp-block-quote-is-layout-flow\">\n<p>Fari\u00f1a destac\u00f3 que los trabajos contin\u00faan en la zona y valor\u00f3 que \u201chemos encontrado la causa, la estamos subsanando, con lo cual vamos a tener vallado por ahora hasta que demos por terminado los trabajos y despu\u00e9s se reparar\u00e1 la cosm\u00e9tica de superficie\u201d.<\/p>\n<\/blockquote>\n\n\n\n<p><\/p>\n\n\n\n<p>Adem\u00e1s, especific\u00f3 que por el sector<strong> pasan tres tuber\u00edas: \u201cgas sin da\u00f1o, agua sin da\u00f1o y aparentemente habr\u00eda alg\u00fan da\u00f1o en cloaca.<\/strong> Se abri\u00f3 una ventana de exploraci\u00f3n y la gente de Coopelectric no descarta abrir alguna otra ventana un poco m\u00e1s hacia el oeste, hacia el lado de la isleta para detectar alguna rotura del ca\u00f1o que entendemos que s\u00ed ha ocurrido\u201d.<\/p>\n\n\n\n<p><\/p>\n\n\n\n<p>En ese sentido, aclar\u00f3 que \u201c<strong>esto es una causa concomitante con las anteriores, no es la \u00fanica <\/strong>porque la cloaca no tiene gran presi\u00f3n, no tiene un gran caudal. Entonces es muy dif\u00edcil pensar que la filtraci\u00f3n de una p\u00e9rdida cloacal haya llegado hasta la esquina de enfrente y haya socavado de tal manera\u201d.<\/p>\n\n\n\n<p><\/p>\n\n\n\n<figure class=\"wp-block-embed is-type-wp-embed is-provider-central-de-noticias-olavarr-a wp-block-embed-central-de-noticias-olavarr-a\"><div class=\"wp-block-embed__wrapper\">\n<blockquote class=\"wp-embedded-content\" data-secret=\"y1IbMEw1wG\"><a href=\"https:\/\/cdnoticias.com\/index.php\/2025\/11\/05\/socavacion-en-el-parque-mitre-se-ejecutan-obras-para-determinar-el-origen\/\">Socavaci\u00f3n en el Parque Mitre: se ejecutan obras para determinar el origen<\/a><\/blockquote><iframe loading=\"lazy\" class=\"wp-embedded-content\" sandbox=\"allow-scripts\" security=\"restricted\" style=\"position: absolute; visibility: hidden;\" title=\"&#8220;Socavaci\u00f3n en el Parque Mitre: se ejecutan obras para determinar el origen&#8221; &#8212; Central de Noticias | Olavarr\u00eda\" src=\"https:\/\/cdnoticias.com\/index.php\/2025\/11\/05\/socavacion-en-el-parque-mitre-se-ejecutan-obras-para-determinar-el-origen\/embed\/#?secret=Buv8p6Yqwr#?secret=y1IbMEw1wG\" data-secret=\"y1IbMEw1wG\" width=\"600\" height=\"338\" frameborder=\"0\" marginwidth=\"0\" marginheight=\"0\" scrolling=\"no\"><\/iframe>\n<\/div><\/figure>\n","protected":false},"excerpt":{"rendered":"<p>As\u00ed lo indic\u00f3 el secretario de Obras P\u00fablicas Orfel Fari\u00f1a. Contin\u00faan los trabajos sobre avenida Col\u00f3n y Riobamba. El pasado<\/p>\n","protected":false},"author":5,"featured_media":187077,"comment_status":"closed","ping_status":"closed","sticky":false,"template":"","format":"standard","meta":{"_jetpack_memberships_contains_paid_content":false,"footnotes":""},"categories":[5,1],"tags":[],"class_list":["post-187105","post","type-post","status-publish","format-standard","has-post-thumbnail","hentry","category-informacion-general","category-portada"],"jetpack_featured_media_url":"https:\/\/i0.wp.com\/cdnoticias.com\/wp-content\/uploads\/2025\/11\/parque-mitre-arreglos1.png?fit=894%2C600&ssl=1","jetpack_sharing_enabled":true,"_links":{"self":[{"href":"https:\/\/cdnoticias.com\/index.php\/wp-json\/wp\/v2\/posts\/187105","targetHints":{"allow":["GET"]}}],"collection":[{"href":"https:\/\/cdnoticias.com\/index.php\/wp-json\/wp\/v2\/posts"}],"about":[{"href":"https:\/\/cdnoticias.com\/index.php\/wp-json\/wp\/v2\/types\/post"}],"author":[{"embeddable":true,"href":"https:\/\/cdnoticias.com\/index.php\/wp-json\/wp\/v2\/users\/5"}],"replies":[{"embeddable":true,"href":"https:\/\/cdnoticias.com\/index.php\/wp-json\/wp\/v2\/comments?post=187105"}],"version-history":[{"count":0,"href":"https:\/\/cdnoticias.com\/index.php\/wp-json\/wp\/v2\/posts\/187105\/revisions"}],"wp:featuredmedia":[{"embeddable":true,"href":"https:\/\/cdnoticias.com\/index.php\/wp-json\/wp\/v2\/media\/187077"}],"wp:attachment":[{"href":"https:\/\/cdnoticias.com\/index.php\/wp-json\/wp\/v2\/media?parent=187105"}],"wp:term":[{"taxonomy":"category","embeddable":true,"href":"https:\/\/cdnoticias.com\/index.php\/wp-json\/wp\/v2\/categories?post=187105"},{"taxonomy":"post_tag","embeddable":true,"href":"https:\/\/cdnoticias.com\/index.php\/wp-json\/wp\/v2\/tags?post=187105"}],"curies":[{"name":"wp","href":"https:\/\/api.w.org\/{rel}","templated":true}]}}