{"id":187096,"date":"2025-11-06T08:27:31","date_gmt":"2025-11-06T11:27:31","guid":{"rendered":"https:\/\/cdnoticias.com\/?p=187096"},"modified":"2025-11-06T10:44:55","modified_gmt":"2025-11-06T13:44:55","slug":"isabel-valentina-palomeque-viuda-de-ortiz-q-e-p-d","status":"publish","type":"post","link":"https:\/\/cdnoticias.com\/index.php\/2025\/11\/06\/isabel-valentina-palomeque-viuda-de-ortiz-q-e-p-d\/","title":{"rendered":"Isabel Valentina Palomeque viuda de Ort\u00edz (Q.E.P.D.)"},"content":{"rendered":"<p>Falleci\u00f3 en Olavarr\u00eda el 6 de noviembre de 2025 a los 87 a\u00f1os.<\/p>\n<p>Sus hijas M\u00f3nica, Lita, Mar\u00eda y Lorena; sus hijos pol\u00edticos \u00c1ngel, Fito, Carlitos y Gustavo; sus nietos Valeria, Valentina, Alejandra, Alexis, Juan Cruz, Martina e Ignacio; sus nietos pol\u00edticos Nicol\u00e1s, Kelu, Mat\u00edas, Melani y Alejandro; sus bisnietos Valentina, Josefina, Isa\u00edas, Le\u00f3n, Alma, Nahiara, Fiorela y Helena; sus hermanos Miguel y Ang\u00e9lica\u00a0Palomeque y dem\u00e1s deudos participan su fallecimiento.<\/p>\n<p>Sus restos ser\u00e1n velados este jueves 6 de noviembre de 9:00 a 12:30 horas en la Sala de Espa\u00f1a 2942 departamento \u201cE\u201d, previo responso en la Capilla Ardiente, e inhumados en el Cementerio Loma de Paz a las 12:30 horas. Servicio adherido a Coopelectric.<\/p>\n<p>Nacida en Olavarr\u00eda, vecina de barrio Hip\u00f3lito Yrigoyen, ama de casa jubilada.<\/p>\n","protected":false},"excerpt":{"rendered":"<p>Falleci\u00f3 en Olavarr\u00eda el 6 de noviembre de 2025 a los 87 a\u00f1os. Sus hijas M\u00f3nica, Lita, Mar\u00eda y Lorena;<\/p>\n","protected":false},"author":4,"featured_media":51544,"comment_status":"closed","ping_status":"closed","sticky":false,"template":"","format":"standard","meta":{"_jetpack_memberships_contains_paid_content":false,"footnotes":""},"categories":[10],"tags":[],"class_list":["post-187096","post","type-post","status-publish","format-standard","has-post-thumbnail","hentry","category-necrologicas"],"jetpack_featured_media_url":"https:\/\/i0.wp.com\/cdnoticias.com\/wp-content\/uploads\/2022\/04\/necrologicas-390-x-240.jpg?fit=390%2C240&ssl=1","jetpack_sharing_enabled":true,"_links":{"self":[{"href":"https:\/\/cdnoticias.com\/index.php\/wp-json\/wp\/v2\/posts\/187096","targetHints":{"allow":["GET"]}}],"collection":[{"href":"https:\/\/cdnoticias.com\/index.php\/wp-json\/wp\/v2\/posts"}],"about":[{"href":"https:\/\/cdnoticias.com\/index.php\/wp-json\/wp\/v2\/types\/post"}],"author":[{"embeddable":true,"href":"https:\/\/cdnoticias.com\/index.php\/wp-json\/wp\/v2\/users\/4"}],"replies":[{"embeddable":true,"href":"https:\/\/cdnoticias.com\/index.php\/wp-json\/wp\/v2\/comments?post=187096"}],"version-history":[{"count":0,"href":"https:\/\/cdnoticias.com\/index.php\/wp-json\/wp\/v2\/posts\/187096\/revisions"}],"wp:featuredmedia":[{"embeddable":true,"href":"https:\/\/cdnoticias.com\/index.php\/wp-json\/wp\/v2\/media\/51544"}],"wp:attachment":[{"href":"https:\/\/cdnoticias.com\/index.php\/wp-json\/wp\/v2\/media?parent=187096"}],"wp:term":[{"taxonomy":"category","embeddable":true,"href":"https:\/\/cdnoticias.com\/index.php\/wp-json\/wp\/v2\/categories?post=187096"},{"taxonomy":"post_tag","embeddable":true,"href":"https:\/\/cdnoticias.com\/index.php\/wp-json\/wp\/v2\/tags?post=187096"}],"curies":[{"name":"wp","href":"https:\/\/api.w.org\/{rel}","templated":true}]}}