{"id":18707,"date":"2021-04-13T12:52:57","date_gmt":"2021-04-13T15:52:57","guid":{"rendered":"http:\/\/www.centraldenoticias.com.ar\/?p=18707"},"modified":"2021-04-13T13:18:29","modified_gmt":"2021-04-13T16:18:29","slug":"importante-convocatoria-a-la-jornada-de-testeos-rapidos-en-villa-floresta","status":"publish","type":"post","link":"https:\/\/cdnoticias.com\/index.php\/2021\/04\/13\/importante-convocatoria-a-la-jornada-de-testeos-rapidos-en-villa-floresta\/","title":{"rendered":"Importante convocatoria a la jornada de testeos r\u00e1pidos en Villa Floresta"},"content":{"rendered":"<p>Hubo una recorrida territorial a domicilio. Las colas para hisoparse superaron las tres cuadras. Importante despliegue de voluntarios. Estuvieron presentes Ramiro Borzi y Germ\u00e1n Caputo.\u00a0<!--more--><\/p>\n<hr \/>\n<p>Este martes por la ma\u00f1ana, <strong>un imponente despliegue de voluntarios y profesionales de la salud estuvieron en el barrio Villa Floresta para realizar una jornada de concientizaci\u00f3n, rastreo de casos sospechosos e hisopados por posible COVID.<\/strong><\/p>\n<p>&nbsp;<\/p>\n<p><img data-recalc-dims=\"1\" loading=\"lazy\" decoding=\"async\" class=\"alignnone size-full wp-image-18711\" src=\"https:\/\/i0.wp.com\/cdnoticias.com\/wp-content\/uploads\/2021\/04\/testeo-rapido-villa-floresta-4.jpg?resize=800%2C600&#038;ssl=1\" alt=\"\" width=\"800\" height=\"600\" srcset=\"https:\/\/i0.wp.com\/cdnoticias.com\/wp-content\/uploads\/2021\/04\/testeo-rapido-villa-floresta-4.jpg?w=1040&amp;ssl=1 1040w, https:\/\/i0.wp.com\/cdnoticias.com\/wp-content\/uploads\/2021\/04\/testeo-rapido-villa-floresta-4.jpg?resize=300%2C225&amp;ssl=1 300w, https:\/\/i0.wp.com\/cdnoticias.com\/wp-content\/uploads\/2021\/04\/testeo-rapido-villa-floresta-4.jpg?resize=768%2C576&amp;ssl=1 768w, https:\/\/i0.wp.com\/cdnoticias.com\/wp-content\/uploads\/2021\/04\/testeo-rapido-villa-floresta-4.jpg?resize=1024%2C768&amp;ssl=1 1024w\" sizes=\"auto, (max-width: 800px) 100vw, 800px\" \/><\/p>\n<p>&nbsp;<\/p>\n<p>En un contexto complejo por la segunda ola, con malas noticias y un panorama incierto, <strong>desde la Regi\u00f3n Sanitaria IX se organiz\u00f3 esta jornada que tuvo recorrido por tres barrios, tanto Villa Floresta, Mart\u00edn Fierro y Belgrano.<\/strong> <em>\u201cBuscamos vecinos y vecinas que tengan al menos dos s\u00edntomas, con eso pod\u00edan acercarse a la sede del club para hisoparse\u201d<\/em> indicaron.<\/p>\n<p>&nbsp;<\/p>\n<blockquote><p>Adem\u00e1s, se concientiz\u00f3 sobre los cuidados y se hizo especial \u00e9nfasis en el uso de tapaboca y nariz, en evitar la circulaci\u00f3n en caso de que no sea necesario y evitar los encuentros sociales.<\/p><\/blockquote>\n<p>&nbsp;<\/p>\n<p>Desde las 11, <strong>se pudo ver una importante cola de vecinos y vecinas para testearse y conocer si tienen o no COVID19<\/strong>.<\/p>\n<p>&nbsp;<\/p>\n<p><img data-recalc-dims=\"1\" loading=\"lazy\" decoding=\"async\" class=\"alignnone size-full wp-image-18715\" src=\"https:\/\/i0.wp.com\/cdnoticias.com\/wp-content\/uploads\/2021\/04\/testeo-rapido-villa-floresta-8.jpg?resize=800%2C600&#038;ssl=1\" alt=\"\" width=\"800\" height=\"600\" srcset=\"https:\/\/i0.wp.com\/cdnoticias.com\/wp-content\/uploads\/2021\/04\/testeo-rapido-villa-floresta-8.jpg?w=1040&amp;ssl=1 1040w, https:\/\/i0.wp.com\/cdnoticias.com\/wp-content\/uploads\/2021\/04\/testeo-rapido-villa-floresta-8.jpg?resize=300%2C225&amp;ssl=1 300w, https:\/\/i0.wp.com\/cdnoticias.com\/wp-content\/uploads\/2021\/04\/testeo-rapido-villa-floresta-8.jpg?resize=768%2C576&amp;ssl=1 768w, https:\/\/i0.wp.com\/cdnoticias.com\/wp-content\/uploads\/2021\/04\/testeo-rapido-villa-floresta-8.jpg?resize=1024%2C768&amp;ssl=1 1024w\" sizes=\"auto, (max-width: 800px) 100vw, 800px\" \/><\/p>\n<p>&nbsp;<\/p>\n<p>Estuvieron presentes, adem\u00e1s de los voluntarios, el titular de la Regi\u00f3n Sanitaria IX, Ramiro Borzi, el secretario de Salud municipal Germ\u00e1n Caputo, el director del Hospital Municipal Christian Waiman, y los concejales del Frente de Todos Guillermo Santell\u00e1n y Mercedes Landivar.<\/p>\n<p>&nbsp;<\/p>\n<p><img data-recalc-dims=\"1\" loading=\"lazy\" decoding=\"async\" class=\"alignnone size-full wp-image-18709\" src=\"https:\/\/i0.wp.com\/cdnoticias.com\/wp-content\/uploads\/2021\/04\/testeo-rapido-villa-floresta-2.jpg?resize=800%2C600&#038;ssl=1\" alt=\"\" width=\"800\" height=\"600\" srcset=\"https:\/\/i0.wp.com\/cdnoticias.com\/wp-content\/uploads\/2021\/04\/testeo-rapido-villa-floresta-2.jpg?w=1040&amp;ssl=1 1040w, https:\/\/i0.wp.com\/cdnoticias.com\/wp-content\/uploads\/2021\/04\/testeo-rapido-villa-floresta-2.jpg?resize=300%2C225&amp;ssl=1 300w, https:\/\/i0.wp.com\/cdnoticias.com\/wp-content\/uploads\/2021\/04\/testeo-rapido-villa-floresta-2.jpg?resize=768%2C576&amp;ssl=1 768w, https:\/\/i0.wp.com\/cdnoticias.com\/wp-content\/uploads\/2021\/04\/testeo-rapido-villa-floresta-2.jpg?resize=1024%2C768&amp;ssl=1 1024w\" sizes=\"auto, (max-width: 800px) 100vw, 800px\" \/><\/p>\n<p>&nbsp;<\/p>\n<p><strong>El horario l\u00edmite fue las 12 del mediod\u00eda, momento en el que se enviaron las muestras al Laboratorio y all\u00ed se analizar\u00e1n si son positivos o negativos.<\/strong> En el lugar, nuevamente surgieron las versiones de un martes con una cantidad de testeos que superar\u00edan las 500 muestras en total.<\/p>\n","protected":false},"excerpt":{"rendered":"<p>Hubo una recorrida territorial a domicilio. Las colas para hisoparse superaron las tres cuadras. Importante despliegue de voluntarios. Estuvieron presentes<\/p>\n","protected":false},"author":2,"featured_media":18714,"comment_status":"closed","ping_status":"closed","sticky":false,"template":"","format":"standard","meta":{"_jetpack_memberships_contains_paid_content":false,"footnotes":""},"categories":[5,1],"tags":[],"class_list":["post-18707","post","type-post","status-publish","format-standard","has-post-thumbnail","hentry","category-informacion-general","category-portada"],"jetpack_featured_media_url":"https:\/\/i0.wp.com\/cdnoticias.com\/wp-content\/uploads\/2021\/04\/testeo-rapido-villa-floresta-7.jpg?fit=1040%2C780&ssl=1","jetpack_sharing_enabled":true,"_links":{"self":[{"href":"https:\/\/cdnoticias.com\/index.php\/wp-json\/wp\/v2\/posts\/18707","targetHints":{"allow":["GET"]}}],"collection":[{"href":"https:\/\/cdnoticias.com\/index.php\/wp-json\/wp\/v2\/posts"}],"about":[{"href":"https:\/\/cdnoticias.com\/index.php\/wp-json\/wp\/v2\/types\/post"}],"author":[{"embeddable":true,"href":"https:\/\/cdnoticias.com\/index.php\/wp-json\/wp\/v2\/users\/2"}],"replies":[{"embeddable":true,"href":"https:\/\/cdnoticias.com\/index.php\/wp-json\/wp\/v2\/comments?post=18707"}],"version-history":[{"count":0,"href":"https:\/\/cdnoticias.com\/index.php\/wp-json\/wp\/v2\/posts\/18707\/revisions"}],"wp:featuredmedia":[{"embeddable":true,"href":"https:\/\/cdnoticias.com\/index.php\/wp-json\/wp\/v2\/media\/18714"}],"wp:attachment":[{"href":"https:\/\/cdnoticias.com\/index.php\/wp-json\/wp\/v2\/media?parent=18707"}],"wp:term":[{"taxonomy":"category","embeddable":true,"href":"https:\/\/cdnoticias.com\/index.php\/wp-json\/wp\/v2\/categories?post=18707"},{"taxonomy":"post_tag","embeddable":true,"href":"https:\/\/cdnoticias.com\/index.php\/wp-json\/wp\/v2\/tags?post=18707"}],"curies":[{"name":"wp","href":"https:\/\/api.w.org\/{rel}","templated":true}]}}