{"id":187057,"date":"2025-11-05T16:45:05","date_gmt":"2025-11-05T19:45:05","guid":{"rendered":"https:\/\/cdnoticias.com\/?p=187057"},"modified":"2025-11-05T16:45:06","modified_gmt":"2025-11-05T19:45:06","slug":"narciso-corradini-q-e-p-d","status":"publish","type":"post","link":"https:\/\/cdnoticias.com\/index.php\/2025\/11\/05\/narciso-corradini-q-e-p-d\/","title":{"rendered":"Narciso Corradini (Q.E.P.D.)"},"content":{"rendered":"\n<p>Falleci\u00f3 en Ciudadela el 5 de noviembre de 2025 a los 76 a\u00f1os.&nbsp;<\/p>\n\n\n\n<p>Sus hijos, hijos pol\u00edticos, nietos, hermanos, sobrinos,&nbsp; dem\u00e1s familiares y amigos participan su fallecimiento.<\/p>\n\n\n\n<p>Sin velatorio. Responso: Capilla ardiente, 6 de noviembre a las 16:30 horas. Inhumaci\u00f3n: Crematorio Pinos de Paz, jueves 6 de noviembre a las 17:00 horas. Servicio adherido a Coopelectric.&nbsp;<\/p>\n\n\n\n<p>Barrio en el que viv\u00eda: Pueblo Nuevo.<\/p>\n\n\n\n<p>Lugar de nacimiento: Rallo; Trento, Italia.<\/p>\n\n\n\n<p>Actividad que desarrollaba:&nbsp; Jubilado t\u00e9cnico afinador de Pianos.&nbsp;<\/p>\n","protected":false},"excerpt":{"rendered":"<p>Falleci\u00f3 en Ciudadela el 5 de noviembre de 2025 a los 76 a\u00f1os.&nbsp; Sus hijos, hijos pol\u00edticos, nietos, hermanos, sobrinos,&nbsp;<\/p>\n","protected":false},"author":6,"featured_media":100390,"comment_status":"closed","ping_status":"closed","sticky":false,"template":"","format":"standard","meta":{"_jetpack_memberships_contains_paid_content":false,"footnotes":""},"categories":[10],"tags":[],"class_list":["post-187057","post","type-post","status-publish","format-standard","has-post-thumbnail","hentry","category-necrologicas"],"jetpack_featured_media_url":"https:\/\/i0.wp.com\/cdnoticias.com\/wp-content\/uploads\/2023\/10\/necrologicas-390-x-240.jpg?fit=390%2C240&ssl=1","jetpack_sharing_enabled":true,"_links":{"self":[{"href":"https:\/\/cdnoticias.com\/index.php\/wp-json\/wp\/v2\/posts\/187057","targetHints":{"allow":["GET"]}}],"collection":[{"href":"https:\/\/cdnoticias.com\/index.php\/wp-json\/wp\/v2\/posts"}],"about":[{"href":"https:\/\/cdnoticias.com\/index.php\/wp-json\/wp\/v2\/types\/post"}],"author":[{"embeddable":true,"href":"https:\/\/cdnoticias.com\/index.php\/wp-json\/wp\/v2\/users\/6"}],"replies":[{"embeddable":true,"href":"https:\/\/cdnoticias.com\/index.php\/wp-json\/wp\/v2\/comments?post=187057"}],"version-history":[{"count":0,"href":"https:\/\/cdnoticias.com\/index.php\/wp-json\/wp\/v2\/posts\/187057\/revisions"}],"wp:featuredmedia":[{"embeddable":true,"href":"https:\/\/cdnoticias.com\/index.php\/wp-json\/wp\/v2\/media\/100390"}],"wp:attachment":[{"href":"https:\/\/cdnoticias.com\/index.php\/wp-json\/wp\/v2\/media?parent=187057"}],"wp:term":[{"taxonomy":"category","embeddable":true,"href":"https:\/\/cdnoticias.com\/index.php\/wp-json\/wp\/v2\/categories?post=187057"},{"taxonomy":"post_tag","embeddable":true,"href":"https:\/\/cdnoticias.com\/index.php\/wp-json\/wp\/v2\/tags?post=187057"}],"curies":[{"name":"wp","href":"https:\/\/api.w.org\/{rel}","templated":true}]}}