{"id":187053,"date":"2025-11-06T16:08:54","date_gmt":"2025-11-06T19:08:54","guid":{"rendered":"https:\/\/cdnoticias.com\/?p=187053"},"modified":"2025-11-06T16:08:56","modified_gmt":"2025-11-06T19:08:56","slug":"continua-vigente-la-reorganizacion-del-sistema-de-turnos-para-afiliados-de-pami-en-el-hospital-municipal","status":"publish","type":"post","link":"https:\/\/cdnoticias.com\/index.php\/2025\/11\/06\/continua-vigente-la-reorganizacion-del-sistema-de-turnos-para-afiliados-de-pami-en-el-hospital-municipal\/","title":{"rendered":"Contin\u00faa vigente la reorganizaci\u00f3n del sistema de turnos para afiliados de PAMI en el Hospital Municipal"},"content":{"rendered":"\n<p>El objetivo es acortar los tiempos de espera para poder brindar una respuesta m\u00e1s r\u00e1pida.<\/p>\n\n\n\n<hr class=\"wp-block-separator aligncenter has-alpha-channel-opacity\"\/>\n\n\n\n<p>Contin\u00faa vigente la<strong> reorganizaci\u00f3n del otorgamiento de turnos en el Hospital Municipal \u201cDr. H\u00e9ctor M. Cura\u201d,<\/strong> a los fines de optimizar la atenci\u00f3n en el centro asistencial local, y <strong>descomprimir los d\u00edas lunes y martes <\/strong>de mayor tr\u00e1nsito de personas.\u00a0<\/p>\n\n\n\n<p><\/p>\n\n\n\n<blockquote class=\"wp-block-quote is-layout-flow wp-block-quote-is-layout-flow\">\n<p>El objetivo es acortar los tiempos de espera para poder brindar una respuesta m\u00e1s r\u00e1pida. De esta forma, la solicitud de turnos podr\u00e1 realizarse en funci\u00f3n del siguiente cronograma:<\/p>\n<\/blockquote>\n\n\n\n<p><\/p>\n\n\n\n<ul class=\"wp-block-list\">\n<li>Afiliados a PAMI: prioridad de atenci\u00f3n<\/li>\n<\/ul>\n\n\n\n<p>Mi\u00e9rcoles, jueves y viernes de 7 a 15 horas de forma presencial, y de 7 a 15 horas v\u00eda WhatsApp.<\/p>\n\n\n\n<ul class=\"wp-block-list\">\n<li>Cobertura p\u00fablica exclusiva y obras sociales<\/li>\n<\/ul>\n\n\n\n<p>Todos los d\u00edas de 7 a 15 horas de forma presencial, y de 7 a 15 horas v\u00eda WhatsApp.<\/p>\n\n\n\n<p><\/p>\n\n\n\n<p>De acuerdo con lo que se expuso desde el \u00e1rea, <strong>durante el inicio de la semana se registraban los picos de demanda<\/strong>, por lo cual se dise\u00f1\u00f3 este plan de trabajo para <strong>redistribuir la solicitud de turnos.<\/strong><\/p>\n\n\n\n<p><\/p>\n\n\n\n<blockquote class=\"wp-block-quote is-layout-flow wp-block-quote-is-layout-flow\">\n<p>\u201cEs notable c\u00f3mo aumenta la cantidad de personas que asisten a sacar turnos los d\u00edas lunes y martes y en cambio del mi\u00e9rcoles al viernes baja la demanda, por tal motivo queremos instar a los pacientes a que se distribuyen a lo largo de toda la semana y evitar as\u00ed que los adultos vayan lunes y martes y tengan que esperar. No cambia la disponibilidad de turnos porque PAMI tiene una turnera exclusiva, solo se busca descomprimir y acelerar la atenci\u00f3n del personal al p\u00fablico\u201d, indicaron desde el \u00e1rea de administraci\u00f3n del Hospital.<\/p>\n<\/blockquote>\n\n\n\n<p><\/p>\n\n\n\n<p>Por \u00faltimo, se record\u00f3 que los afiliados deben concurrir con orden de derivaci\u00f3n m\u00e9dica y credencial de PAMI.<\/p>\n\n\n\n<p><\/p>\n","protected":false},"excerpt":{"rendered":"<p>El objetivo es acortar los tiempos de espera para poder brindar una respuesta m\u00e1s r\u00e1pida. Contin\u00faa vigente la reorganizaci\u00f3n del<\/p>\n","protected":false},"author":6,"featured_media":177068,"comment_status":"closed","ping_status":"closed","sticky":false,"template":"","format":"standard","meta":{"_jetpack_memberships_contains_paid_content":false,"footnotes":""},"categories":[5,1],"tags":[],"class_list":["post-187053","post","type-post","status-publish","format-standard","has-post-thumbnail","hentry","category-informacion-general","category-portada"],"jetpack_featured_media_url":"https:\/\/i0.wp.com\/cdnoticias.com\/wp-content\/uploads\/2025\/07\/hospital-municipal-frente-00.jpg?fit=1000%2C556&ssl=1","jetpack_sharing_enabled":true,"_links":{"self":[{"href":"https:\/\/cdnoticias.com\/index.php\/wp-json\/wp\/v2\/posts\/187053","targetHints":{"allow":["GET"]}}],"collection":[{"href":"https:\/\/cdnoticias.com\/index.php\/wp-json\/wp\/v2\/posts"}],"about":[{"href":"https:\/\/cdnoticias.com\/index.php\/wp-json\/wp\/v2\/types\/post"}],"author":[{"embeddable":true,"href":"https:\/\/cdnoticias.com\/index.php\/wp-json\/wp\/v2\/users\/6"}],"replies":[{"embeddable":true,"href":"https:\/\/cdnoticias.com\/index.php\/wp-json\/wp\/v2\/comments?post=187053"}],"version-history":[{"count":0,"href":"https:\/\/cdnoticias.com\/index.php\/wp-json\/wp\/v2\/posts\/187053\/revisions"}],"wp:featuredmedia":[{"embeddable":true,"href":"https:\/\/cdnoticias.com\/index.php\/wp-json\/wp\/v2\/media\/177068"}],"wp:attachment":[{"href":"https:\/\/cdnoticias.com\/index.php\/wp-json\/wp\/v2\/media?parent=187053"}],"wp:term":[{"taxonomy":"category","embeddable":true,"href":"https:\/\/cdnoticias.com\/index.php\/wp-json\/wp\/v2\/categories?post=187053"},{"taxonomy":"post_tag","embeddable":true,"href":"https:\/\/cdnoticias.com\/index.php\/wp-json\/wp\/v2\/tags?post=187053"}],"curies":[{"name":"wp","href":"https:\/\/api.w.org\/{rel}","templated":true}]}}