{"id":187045,"date":"2025-11-07T12:28:11","date_gmt":"2025-11-07T15:28:11","guid":{"rendered":"https:\/\/cdnoticias.com\/?p=187045"},"modified":"2025-11-07T12:28:13","modified_gmt":"2025-11-07T15:28:13","slug":"sala-cabral-presenta-la-obra-oiga-chamigo-aguara","status":"publish","type":"post","link":"https:\/\/cdnoticias.com\/index.php\/2025\/11\/07\/sala-cabral-presenta-la-obra-oiga-chamigo-aguara\/","title":{"rendered":"Sala Cabral presenta la obra \u201cOiga Chamigo Aguar\u00e1\u201d\u00a0"},"content":{"rendered":"\n<p>La funci\u00f3n ser\u00e1 el domingo 9 de noviembre&nbsp; a las 21 horas. Las entradas ya est\u00e1n a la venta.<\/p>\n\n\n\n<hr class=\"wp-block-separator aligncenter has-alpha-channel-opacity\"\/>\n\n\n\n<p>El grupo de teatro joven <strong>Cambalache<\/strong>, estren\u00f3 el pasado mes de octubre la obra \u201c<strong>Oiga Chamigo Aguar\u00e1\u201d<\/strong> de <strong>Adela Basch.<\/strong> Las funciones del 25 y 26 se llevaron a cabo en Sala Cabral, con una<strong> gran convocatoria del p\u00fablico<\/strong> que acompa\u00f1\u00f3 cada funci\u00f3n a sala llena.<\/p>\n\n\n\n<p><\/p>\n\n\n\n<blockquote class=\"wp-block-quote is-layout-flow wp-block-quote-is-layout-flow\">\n<p>Este noviembre volver\u00e1 a escena \u201cOiga, chamigo Aguar\u00e1\u201d, una obra llena de humor, picard\u00eda y sabidur\u00eda popular, apta para toda la familia.\u00a0 La pr\u00f3xima funci\u00f3n ser\u00e1 este domingo 9 a las 21 horas\u00a0 en Sala Cabral (Sargento Cabral 3232). <\/p>\n<\/blockquote>\n\n\n\n<p><\/p>\n\n\n\n<p>Las <strong>entradas ya est\u00e1n a la venta con reserva previa al 2284-657619<\/strong>. La capacidad de la sala es limitada. Luego de la funci\u00f3n se ofrece <strong>servicio de cantina.<\/strong><\/p>\n\n\n\n<p><\/p>\n\n\n\n<p>\u201cOiga, chamigo Aguar\u00e1\u201d es una obra de teatro breve escrita por Adela Basch, destinada a todo p\u00fablico. A trav\u00e9s del humor, el juego con el lenguaje y los personajes del litoral, la autora plantea una reflexi\u00f3n sobre la amistad, la confianza y la \u201cautoridad\u201d.<\/p>\n\n\n\n<p><\/p>\n\n\n\n<p>Act\u00faan: Franco T\u00e9vez, Ainara Mir\u00e1cola, Iara G\u00f3mez Acu\u00f1a, Manuela Nard\u00edn Potes y Alma L\u00f3pez Sochi. El vestuario est\u00e1 a cargo de Paola Albrecht, la escenograf\u00eda de Maiky Hatrick y la direcci\u00f3n es de Fernanda Moraga.<\/p>\n\n\n\n<p><\/p>\n\n\n\n<figure class=\"wp-block-image aligncenter size-full\"><img data-recalc-dims=\"1\" loading=\"lazy\" decoding=\"async\" width=\"800\" height=\"770\" src=\"https:\/\/i0.wp.com\/cdnoticias.com\/wp-content\/uploads\/2025\/11\/salacabral-obra.jpg?resize=800%2C770&#038;ssl=1\" alt=\"\" class=\"wp-image-187047\" srcset=\"https:\/\/i0.wp.com\/cdnoticias.com\/wp-content\/uploads\/2025\/11\/salacabral-obra.jpg?w=898&amp;ssl=1 898w, https:\/\/i0.wp.com\/cdnoticias.com\/wp-content\/uploads\/2025\/11\/salacabral-obra.jpg?resize=300%2C289&amp;ssl=1 300w, https:\/\/i0.wp.com\/cdnoticias.com\/wp-content\/uploads\/2025\/11\/salacabral-obra.jpg?resize=768%2C739&amp;ssl=1 768w\" sizes=\"auto, (max-width: 800px) 100vw, 800px\" \/><\/figure>\n\n\n\n<p><\/p>\n\n\n\n<p>El Grupo de <strong>Teatro Cambalache naci\u00f3 en 2021 <\/strong>como resultado de los <strong>talleres de teatro joven que dicta la profesora Fernanda Moraga<\/strong>.\u00a0El taller surgi\u00f3 con el prop\u00f3sito de reconstruir los espacios expresivos colectivos que la pandemia hab\u00eda interrumpido, y ofrecer a <strong>adolescentes de entre 13 y 17 a\u00f1os <\/strong>un lugar donde el juego, la creatividad y la exploraci\u00f3n de los c\u00f3digos teatrales pudieran desplegarse plenamente.<\/p>\n\n\n\n<p><\/p>\n\n\n\n<p>Desde entonces, el grupo ha recorrido un camino de constante crecimiento, presentando cada a\u00f1o una nueva propuesta esc\u00e9nica como parte de las muestras del taller: La casa del hechizo (2021), 50 a medias (2022), Conectadxs (2023) y Caos en Verona (2024).<\/p>\n\n\n\n<p><\/p>\n\n\n\n<p>\u201cEste a\u00f1o, en el taller de producci\u00f3n teatral nos propusimos un nuevo desaf\u00edo: <strong>trabajar con un texto de autor o autora<\/strong>. As\u00ed fue como, en abril, comenzamos a explorar el universo l\u00fadico y po\u00e9tico de \u201cOiga, chamigo Aguar\u00e1\u201d, de Adela Basch, una obra que nos invita a sumergirnos en el monte misionero, entre risas, enredos y ense\u00f1anzas. <strong>Un trabajo que nos llen\u00f3 de desaf\u00edos, descubrimientos y nos impuls\u00f3 a crecer como hacedores teatrales.<\/strong> Con esta obra intentamos crear un puente que acerque a la gente a ver teatro local y valorar el teatro hecho por j\u00f3venes de la ciudad. El teatro merece su espacio y la juventud est\u00e1 preparada y con ganas de ser parte de esa movida. <strong>Esperamos que la gente nos acompa\u00f1e en esta aventura sum\u00e1ndose a las funciones que tenemos previstas\u201d<\/strong> expres\u00f3 su directora, Fernanda Moraga.<\/p>\n\n\n\n<p><\/p>\n","protected":false},"excerpt":{"rendered":"<p>La funci\u00f3n ser\u00e1 el domingo 9 de noviembre&nbsp; a las 21 horas. Las entradas ya est\u00e1n a la venta. El<\/p>\n","protected":false},"author":6,"featured_media":179601,"comment_status":"closed","ping_status":"closed","sticky":false,"template":"","format":"standard","meta":{"_jetpack_memberships_contains_paid_content":false,"footnotes":""},"categories":[9,1],"tags":[],"class_list":["post-187045","post","type-post","status-publish","format-standard","has-post-thumbnail","hentry","category-cultura","category-portada"],"jetpack_featured_media_url":"https:\/\/i0.wp.com\/cdnoticias.com\/wp-content\/uploads\/2025\/08\/sala-cabral-teatro-asiseteje-02.png?fit=800%2C445&ssl=1","jetpack_sharing_enabled":true,"_links":{"self":[{"href":"https:\/\/cdnoticias.com\/index.php\/wp-json\/wp\/v2\/posts\/187045","targetHints":{"allow":["GET"]}}],"collection":[{"href":"https:\/\/cdnoticias.com\/index.php\/wp-json\/wp\/v2\/posts"}],"about":[{"href":"https:\/\/cdnoticias.com\/index.php\/wp-json\/wp\/v2\/types\/post"}],"author":[{"embeddable":true,"href":"https:\/\/cdnoticias.com\/index.php\/wp-json\/wp\/v2\/users\/6"}],"replies":[{"embeddable":true,"href":"https:\/\/cdnoticias.com\/index.php\/wp-json\/wp\/v2\/comments?post=187045"}],"version-history":[{"count":0,"href":"https:\/\/cdnoticias.com\/index.php\/wp-json\/wp\/v2\/posts\/187045\/revisions"}],"wp:featuredmedia":[{"embeddable":true,"href":"https:\/\/cdnoticias.com\/index.php\/wp-json\/wp\/v2\/media\/179601"}],"wp:attachment":[{"href":"https:\/\/cdnoticias.com\/index.php\/wp-json\/wp\/v2\/media?parent=187045"}],"wp:term":[{"taxonomy":"category","embeddable":true,"href":"https:\/\/cdnoticias.com\/index.php\/wp-json\/wp\/v2\/categories?post=187045"},{"taxonomy":"post_tag","embeddable":true,"href":"https:\/\/cdnoticias.com\/index.php\/wp-json\/wp\/v2\/tags?post=187045"}],"curies":[{"name":"wp","href":"https:\/\/api.w.org\/{rel}","templated":true}]}}