{"id":187028,"date":"2025-11-05T15:32:45","date_gmt":"2025-11-05T18:32:45","guid":{"rendered":"https:\/\/cdnoticias.com\/?p=187028"},"modified":"2025-11-05T15:32:47","modified_gmt":"2025-11-05T18:32:47","slug":"correa-pide-una-reforma-laboral-real-y-no-con-lo-que-inventa-la-derecha","status":"publish","type":"post","link":"https:\/\/cdnoticias.com\/index.php\/2025\/11\/05\/correa-pide-una-reforma-laboral-real-y-no-con-lo-que-inventa-la-derecha\/","title":{"rendered":"Correa pide una reforma laboral \u201creal y no con lo que inventa la derecha\u201d"},"content":{"rendered":"<p>El Ministro expuso sobre \u201cPeronismo y Derechos Laborales: Proyectos de Reforma del poder Econ\u00f3mico Concentrado\u201d.<!--more--><\/p>\n<hr \/>\n<p>El <strong>ministro de Trabajo de la provincia de Buenos Aires, Walter Correa<\/strong>, disert\u00f3 este martes en el marco de la C\u00e1tedra Libre Filosof\u00eda y Doctrina Peronista de la Universidad Nacional de La Plata (UNLP), en la que ante un numeroso auditorio <strong>expuso sobre \u201cPeronismo y Derechos Laborales: Proyectos de Reforma del poder Econ\u00f3mico Concentrado\u201d<\/strong>, conferencia que se inscribi\u00f3 en el espacio que comenz\u00f3 a funcionar en junio de este a\u00f1o y dirige el secretario de Ambiente de la municipalidad de La Plata, Guillermo Escudero. El encuentro tuvo como sede al edificio \u201cSergio Karakachoff&#8221;, de la casa de altos estudios platense.<\/p>\n<p>Participaron de la clase el propio Escudero; los concejales platenses de extracci\u00f3n sindical Cristian Vander (del gremio SOEESIT) y Julio Cuenca (del Sindicato de Pasteleros); el secretario de Gobierno de La Plata, Guillermo \u201cNano\u201d Cara; el coordinador general de los Comit\u00e9s Mixtos de la cartera laboral, Sergio S\u00e1nchez; el director provincial de la Negociaci\u00f3n Colectiva, Juan Pablo Lorenzo, y una nutrida militancia pol\u00edtica y sindical de la Regi\u00f3n Capital.<\/p>\n<p>Correa hizo un <strong>recorrido hist\u00f3rico de las luchas y conquistas sindicales<\/strong> desde los or\u00edgenes del peronismo y hasta la actualidad, y puso el <strong>foco cr\u00edtico en el proyecto de <a href=\"https:\/\/cdnoticias.com\/index.php\/2025\/10\/29\/reforma-laboral-cuales-son-los-principales-puntos\/\" target=\"_blank\" rel=\"noopener\">reforma laboral<\/a> que fogonea el Gobierno nacional<\/strong>.<\/p>\n<blockquote><p>Tras destacar a que nivel mundial lo que impera en la Comunidad Europea y en pa\u00edses de Latinoam\u00e9rica es la reducci\u00f3n de la jornada laboral \u2013en contraposici\u00f3n a la ampliaci\u00f3n de las horas de trabajo diarias que plantea el oficialismo a nivel local\u2013, el funcionario llam\u00f3 a dar \u201cuna discusi\u00f3n con sustento, basada en lo que rige en el mundo real, no con lo que inventa la extrema derecha\u201d.<\/p><\/blockquote>\n<p><img data-recalc-dims=\"1\" loading=\"lazy\" decoding=\"async\" class=\"alignnone size-full wp-image-187030 aligncenter\" src=\"https:\/\/i0.wp.com\/cdnoticias.com\/wp-content\/uploads\/2025\/11\/walter-correa.jpeg?resize=700%2C466&#038;ssl=1\" alt=\"\" width=\"700\" height=\"466\" srcset=\"https:\/\/i0.wp.com\/cdnoticias.com\/wp-content\/uploads\/2025\/11\/walter-correa.jpeg?w=700&amp;ssl=1 700w, https:\/\/i0.wp.com\/cdnoticias.com\/wp-content\/uploads\/2025\/11\/walter-correa.jpeg?resize=300%2C200&amp;ssl=1 300w, https:\/\/i0.wp.com\/cdnoticias.com\/wp-content\/uploads\/2025\/11\/walter-correa.jpeg?resize=272%2C182&amp;ssl=1 272w\" sizes=\"auto, (max-width: 700px) 100vw, 700px\" \/><\/p>\n<blockquote><p>\u201cNos quieren llevar a discutir ese retroceso, por eso es important\u00edsimo que podamos hacer una reflexi\u00f3n, empezar a ver d\u00f3nde estamos parados y hacia d\u00f3nde tenemos que ir, que es a abrazar a nuestros compa\u00f1eros y compa\u00f1eras\u201d, dijo Correa, quien destac\u00f3 el legado hist\u00f3rico del nacimiento del movimiento nacional justicialista \u201cque fue desde la centralidad de los laburantes\u201d.<\/p><\/blockquote>\n<p>\u201cMe parece sumamente importante que nos hagamos fuertes desde nosotros mismos como un movimiento de compa\u00f1eros y compa\u00f1eras para resistir, para bancar\u201d, enfatiz\u00f3 el ministro\u201d, y agreg\u00f3 que<strong> \u201chumildemente veo que tenemos la posibilidad como militantes de ejercer el mandato del pueblo<\/strong>, porque desde el proceso pol\u00edtico muchas veces se dijo \u2018es \u00e9l o nosotros\u2019, y debemos<strong> reivindicar el mandato popular contenido en el mensaje del 7 de septiembre<\/strong> en el sentido de defender la gesti\u00f3n del gobernador Axel Kicillof\u201d.<\/p>\n","protected":false},"excerpt":{"rendered":"<p>El Ministro expuso sobre \u201cPeronismo y Derechos Laborales: Proyectos de Reforma del poder Econ\u00f3mico Concentrado\u201d.<\/p>\n","protected":false},"author":4,"featured_media":187029,"comment_status":"closed","ping_status":"closed","sticky":false,"template":"","format":"standard","meta":{"_jetpack_memberships_contains_paid_content":false,"footnotes":""},"categories":[6,1],"tags":[],"class_list":["post-187028","post","type-post","status-publish","format-standard","has-post-thumbnail","hentry","category-nacionales","category-portada"],"jetpack_featured_media_url":"https:\/\/i0.wp.com\/cdnoticias.com\/wp-content\/uploads\/2025\/11\/walter-correa-1.jpeg?fit=650%2C433&ssl=1","jetpack_sharing_enabled":true,"_links":{"self":[{"href":"https:\/\/cdnoticias.com\/index.php\/wp-json\/wp\/v2\/posts\/187028","targetHints":{"allow":["GET"]}}],"collection":[{"href":"https:\/\/cdnoticias.com\/index.php\/wp-json\/wp\/v2\/posts"}],"about":[{"href":"https:\/\/cdnoticias.com\/index.php\/wp-json\/wp\/v2\/types\/post"}],"author":[{"embeddable":true,"href":"https:\/\/cdnoticias.com\/index.php\/wp-json\/wp\/v2\/users\/4"}],"replies":[{"embeddable":true,"href":"https:\/\/cdnoticias.com\/index.php\/wp-json\/wp\/v2\/comments?post=187028"}],"version-history":[{"count":0,"href":"https:\/\/cdnoticias.com\/index.php\/wp-json\/wp\/v2\/posts\/187028\/revisions"}],"wp:featuredmedia":[{"embeddable":true,"href":"https:\/\/cdnoticias.com\/index.php\/wp-json\/wp\/v2\/media\/187029"}],"wp:attachment":[{"href":"https:\/\/cdnoticias.com\/index.php\/wp-json\/wp\/v2\/media?parent=187028"}],"wp:term":[{"taxonomy":"category","embeddable":true,"href":"https:\/\/cdnoticias.com\/index.php\/wp-json\/wp\/v2\/categories?post=187028"},{"taxonomy":"post_tag","embeddable":true,"href":"https:\/\/cdnoticias.com\/index.php\/wp-json\/wp\/v2\/tags?post=187028"}],"curies":[{"name":"wp","href":"https:\/\/api.w.org\/{rel}","templated":true}]}}