{"id":18702,"date":"2021-04-13T11:49:43","date_gmt":"2021-04-13T14:49:43","guid":{"rendered":"http:\/\/www.centraldenoticias.com.ar\/?p=18702"},"modified":"2021-04-13T11:49:43","modified_gmt":"2021-04-13T14:49:43","slug":"cambio-de-sede-pero-no-de-masividad-nuevo-rta-en-el-servicio-territorial-no-1","status":"publish","type":"post","link":"https:\/\/cdnoticias.com\/index.php\/2021\/04\/13\/cambio-de-sede-pero-no-de-masividad-nuevo-rta-en-el-servicio-territorial-no-1\/","title":{"rendered":"Cambio de sede pero no de masividad: nuevo RTA en el Servicio Territorial N\u00ba 1"},"content":{"rendered":"<p>Una gran cantidad de vecinos y vecinos acudieron al edificio ubicado en Alberdi y Fassina para realizar su testeo. Se observ\u00f3, al menos, tres cuadras de cola.\u00a0<!--more--><\/p>\n<hr \/>\n<p>En la jornada de este martes, con mucha expectativa sobre posibles medidas y ante una ola imparable de casos de COVID, <strong>el RTA cambi\u00f3 de sede pero no de masividad: se observaron al menos tres colas de cuadra para testeos en el Servicio Territorial N.\u00ba 1.<\/strong><\/p>\n<p>&nbsp;<\/p>\n<p><img data-recalc-dims=\"1\" loading=\"lazy\" decoding=\"async\" class=\"alignnone size-full wp-image-18704\" src=\"https:\/\/i0.wp.com\/cdnoticias.com\/wp-content\/uploads\/2021\/04\/rta-territorial-12.jpg?resize=800%2C600&#038;ssl=1\" alt=\"\" width=\"800\" height=\"600\" srcset=\"https:\/\/i0.wp.com\/cdnoticias.com\/wp-content\/uploads\/2021\/04\/rta-territorial-12.jpg?w=1040&amp;ssl=1 1040w, https:\/\/i0.wp.com\/cdnoticias.com\/wp-content\/uploads\/2021\/04\/rta-territorial-12.jpg?resize=300%2C225&amp;ssl=1 300w, https:\/\/i0.wp.com\/cdnoticias.com\/wp-content\/uploads\/2021\/04\/rta-territorial-12.jpg?resize=768%2C576&amp;ssl=1 768w, https:\/\/i0.wp.com\/cdnoticias.com\/wp-content\/uploads\/2021\/04\/rta-territorial-12.jpg?resize=1024%2C768&amp;ssl=1 1024w\" sizes=\"auto, (max-width: 800px) 100vw, 800px\" \/><\/p>\n<p>&nbsp;<\/p>\n<p>Vecinos y vecinas del barrio y barrios aleda\u00f1os acudieron para <strong>realizarse hisopados luego de presentar s\u00edntomas compatibles con COVID19 tales como tos, falta de olfato y gusto, fiebre mayor a 37.5\u00ba, dolor de garganta, falta de aire y diarrea de m\u00e1s de 48 horas.<\/strong><\/p>\n<p>&nbsp;<\/p>\n<blockquote><p>Durante la jornada se les ir\u00e1 notificando el resultado del testeo y desde all\u00ed se har\u00e1 un seguimiento con aislamiento y atenci\u00f3n m\u00e9dica en caso de arrojar saldo positivo.<\/p><\/blockquote>\n<p>&nbsp;<\/p>\n<p>Este RTA se suma a <strong>la jornada de testeo r\u00e1pido organizado por la Regi\u00f3n Sanitaria IX en Villa Floresta, que tambi\u00e9n tuvo una importante convocatoria.<\/strong><\/p>\n<p>&nbsp;<\/p>\n<p><img data-recalc-dims=\"1\" loading=\"lazy\" decoding=\"async\" class=\"alignnone size-full wp-image-18703\" src=\"https:\/\/i0.wp.com\/cdnoticias.com\/wp-content\/uploads\/2021\/04\/rta-territorial-1.jpg?resize=800%2C600&#038;ssl=1\" alt=\"\" width=\"800\" height=\"600\" srcset=\"https:\/\/i0.wp.com\/cdnoticias.com\/wp-content\/uploads\/2021\/04\/rta-territorial-1.jpg?w=1040&amp;ssl=1 1040w, https:\/\/i0.wp.com\/cdnoticias.com\/wp-content\/uploads\/2021\/04\/rta-territorial-1.jpg?resize=300%2C225&amp;ssl=1 300w, https:\/\/i0.wp.com\/cdnoticias.com\/wp-content\/uploads\/2021\/04\/rta-territorial-1.jpg?resize=768%2C576&amp;ssl=1 768w, https:\/\/i0.wp.com\/cdnoticias.com\/wp-content\/uploads\/2021\/04\/rta-territorial-1.jpg?resize=1024%2C768&amp;ssl=1 1024w\" sizes=\"auto, (max-width: 800px) 100vw, 800px\" \/><\/p>\n<p>&nbsp;<\/p>\n<p>Funcionarios municipales estimaron en di\u00e1logo con medios una importante cantidad de testeos y <strong>se prestar\u00e1 especial atenci\u00f3n a la positividad. El \u00faltimo lunes, hubo un 43,40% de casos positivos del total de hisopados<\/strong>, seg\u00fan lo informado por el ingeniero Fernando Quiroga.<\/p>\n","protected":false},"excerpt":{"rendered":"<p>Una gran cantidad de vecinos y vecinos acudieron al edificio ubicado en Alberdi y Fassina para realizar su testeo. Se<\/p>\n","protected":false},"author":2,"featured_media":18705,"comment_status":"closed","ping_status":"closed","sticky":false,"template":"","format":"standard","meta":{"_jetpack_memberships_contains_paid_content":false,"footnotes":""},"categories":[5,1],"tags":[],"class_list":["post-18702","post","type-post","status-publish","format-standard","has-post-thumbnail","hentry","category-informacion-general","category-portada"],"jetpack_featured_media_url":"https:\/\/i0.wp.com\/cdnoticias.com\/wp-content\/uploads\/2021\/04\/rta-territorial-13.jpg?fit=1040%2C780&ssl=1","jetpack_sharing_enabled":true,"_links":{"self":[{"href":"https:\/\/cdnoticias.com\/index.php\/wp-json\/wp\/v2\/posts\/18702","targetHints":{"allow":["GET"]}}],"collection":[{"href":"https:\/\/cdnoticias.com\/index.php\/wp-json\/wp\/v2\/posts"}],"about":[{"href":"https:\/\/cdnoticias.com\/index.php\/wp-json\/wp\/v2\/types\/post"}],"author":[{"embeddable":true,"href":"https:\/\/cdnoticias.com\/index.php\/wp-json\/wp\/v2\/users\/2"}],"replies":[{"embeddable":true,"href":"https:\/\/cdnoticias.com\/index.php\/wp-json\/wp\/v2\/comments?post=18702"}],"version-history":[{"count":0,"href":"https:\/\/cdnoticias.com\/index.php\/wp-json\/wp\/v2\/posts\/18702\/revisions"}],"wp:featuredmedia":[{"embeddable":true,"href":"https:\/\/cdnoticias.com\/index.php\/wp-json\/wp\/v2\/media\/18705"}],"wp:attachment":[{"href":"https:\/\/cdnoticias.com\/index.php\/wp-json\/wp\/v2\/media?parent=18702"}],"wp:term":[{"taxonomy":"category","embeddable":true,"href":"https:\/\/cdnoticias.com\/index.php\/wp-json\/wp\/v2\/categories?post=18702"},{"taxonomy":"post_tag","embeddable":true,"href":"https:\/\/cdnoticias.com\/index.php\/wp-json\/wp\/v2\/tags?post=18702"}],"curies":[{"name":"wp","href":"https:\/\/api.w.org\/{rel}","templated":true}]}}