{"id":187005,"date":"2025-11-05T10:06:23","date_gmt":"2025-11-05T13:06:23","guid":{"rendered":"https:\/\/cdnoticias.com\/?p=187005"},"modified":"2025-11-05T15:11:19","modified_gmt":"2025-11-05T18:11:19","slug":"para-2026-la-provincia-propone-bajar-la-patente-y-congelar-el-inmobiliario","status":"publish","type":"post","link":"https:\/\/cdnoticias.com\/index.php\/2025\/11\/05\/para-2026-la-provincia-propone-bajar-la-patente-y-congelar-el-inmobiliario\/","title":{"rendered":"Para 2026 la Provincia propone bajar la Patente y congelar el Inmobiliario"},"content":{"rendered":"<p>El titular de ARBA, Cristian Girard, defendi\u00f3 el proyecto de Ley Impositiva provincial junto al ministro de Econom\u00eda, Pablo L\u00f3pez. Las principales novedades para los contribuyentes.<!--more--><\/p>\n<hr \/>\n<p>El <strong>gobierno de la provincia de Buenos Aires<\/strong> present\u00f3 en la <strong>Legislatura el proyecto de Ley Impositiva 2026<\/strong>, <a href=\"https:\/\/cdnoticias.com\/index.php\/2025\/11\/03\/kicillof-presento-los-proyectos-de-leyes-de-presupuesto-impositiva-y-financiamiento-2026\/\" target=\"_blank\" rel=\"noopener\">junto con el Presupuesto y la solicitud de endeudamiento<\/a>.<\/p>\n<p>El titular de la <strong>Agencia de Recaudaci\u00f3n Bonaerense (ARBA), Cristian Girard<\/strong>, encabez\u00f3 la exposici\u00f3n ante legisladores acompa\u00f1ado por el <strong>ministro de Econom\u00eda, Pablo L\u00f3pez, y las autoridades parlamentarias Ver\u00f3nica Magario y Alexis Guerrera<\/strong>.<\/p>\n<blockquote class=\"twitter-tweet\">\n<p lang=\"es\" dir=\"ltr\">Hoy, junto al ministro de Econom\u00eda, <a href=\"https:\/\/twitter.com\/PabloJ_LopezOK?ref_src=twsrc%5Etfw\">@PabloJ_LopezOK<\/a>, presentamos en la Legislatura bonaerense los principales lineamientos de la Ley Impositiva 2026, que consolida una estructura tributaria m\u00e1s progresiva y justa, orientada a cuidar el bolsillo de las familias bonaerenses y\u2026 <a href=\"https:\/\/t.co\/t7DVHqQOUW\">pic.twitter.com\/t7DVHqQOUW<\/a><\/p>\n<p>&mdash; Cristian Girard (@cristiangirard) <a href=\"https:\/\/twitter.com\/cristiangirard\/status\/1985813883055899100?ref_src=twsrc%5Etfw\">November 4, 2025<\/a><\/p><\/blockquote>\n<p> <script async src=\"https:\/\/platform.twitter.com\/widgets.js\" charset=\"utf-8\"><\/script><\/p>\n<blockquote><p>\u201cLa Ley Impositiva es un engranaje m\u00e1s dentro de nuestra concepci\u00f3n sobre el rol del Estado: intervenir para mejorar las condiciones de vida, ampliar derechos y sostener una sociedad m\u00e1s justa y solidaria\u201d, afirm\u00f3 Girard.<\/p><\/blockquote>\n<p>El funcionario explic\u00f3 que <strong>la norma \u201cprofundiza la progresividad en la recaudaci\u00f3n de impuestos patrimoniales<\/strong> y sostiene una visi\u00f3n pro producci\u00f3n y empleo en Ingresos Brutos\u201d.<\/p>\n<p><img data-recalc-dims=\"1\" loading=\"lazy\" decoding=\"async\" class=\"alignnone size-full wp-image-187007 aligncenter\" src=\"https:\/\/i0.wp.com\/cdnoticias.com\/wp-content\/uploads\/2025\/11\/pablo-lopez-alexis-guerrera-veronica-magario.jpg?resize=800%2C445&#038;ssl=1\" alt=\"\" width=\"800\" height=\"445\" srcset=\"https:\/\/i0.wp.com\/cdnoticias.com\/wp-content\/uploads\/2025\/11\/pablo-lopez-alexis-guerrera-veronica-magario.jpg?w=1000&amp;ssl=1 1000w, https:\/\/i0.wp.com\/cdnoticias.com\/wp-content\/uploads\/2025\/11\/pablo-lopez-alexis-guerrera-veronica-magario.jpg?resize=300%2C167&amp;ssl=1 300w, https:\/\/i0.wp.com\/cdnoticias.com\/wp-content\/uploads\/2025\/11\/pablo-lopez-alexis-guerrera-veronica-magario.jpg?resize=768%2C427&amp;ssl=1 768w, https:\/\/i0.wp.com\/cdnoticias.com\/wp-content\/uploads\/2025\/11\/pablo-lopez-alexis-guerrera-veronica-magario.jpg?resize=800%2C445&amp;ssl=1 800w\" sizes=\"auto, (max-width: 800px) 100vw, 800px\" \/><\/p>\n<h3>Congelamiento<\/h3>\n<blockquote><p>Una de las principales medidas es el congelamiento del Impuesto Inmobiliario, tanto urbano como rural. Girard detall\u00f3 que se mantiene la estructura del tributo sin modificar tablas ni al\u00edcuotas, lo que \u201cimplica una disminuci\u00f3n real de la carga fiscal para el 100% de las partidas\u201d.<\/p><\/blockquote>\n<p>En un contexto de fuerte deterioro econ\u00f3mico, el funcionario insisti\u00f3: <strong>\u201cNo hay cuotas adicionales ni aumentos en el Inmobiliario. Es un alivio concreto para las familias y el sector rural\u201d<\/strong>.<\/p>\n<h3>Patente<\/h3>\n<blockquote><p>Otro de los ejes centrales es la reducci\u00f3n nominal de la Patente Automotor. Seg\u00fan el proyecto, el 75% de los contribuyentes pagar\u00e1 menos que en 2024.<\/p><\/blockquote>\n<p><strong>\u201cTres de cada cuatro bonaerenses se ver\u00e1n beneficiados gracias a una reformulaci\u00f3n de las tablas<\/strong> que corrige los saltos de al\u00edcuota derivados de la suba en el precio de los autos\u201d, se\u00f1al\u00f3 el titular de ARBA. La medida busca<strong> recomponer la equidad y evitar que la presi\u00f3n fiscal recaiga sobre los sectores medios<\/strong>.<\/p>\n<p>En la Provincia de Buenos Aires, la patente automotor <strong>se calcula en cinco tramos<\/strong> seg\u00fan la valuaci\u00f3n fiscal del veh\u00edculo, aplicando una al\u00edcuota progresiva al valor del mismo, con <strong>topes de aumento anuales para moderar las subas<\/strong>, y beneficios por pago anticipado; la Ley Impositiva de cada a\u00f1o establece los montos espec\u00edficos y las al\u00edcuotas para cada escala de valuaci\u00f3n. Para 2025, <strong>se fijaron diferentes porcentajes seg\u00fan el tramo de valuaci\u00f3n<\/strong>, con al\u00edcuotas m\u00e1s altas para veh\u00edculos de mayor valor.<\/p>\n<p><img data-recalc-dims=\"1\" loading=\"lazy\" decoding=\"async\" class=\"alignnone size-full wp-image-172506 aligncenter\" src=\"https:\/\/i0.wp.com\/cdnoticias.com\/wp-content\/uploads\/2025\/05\/ARBA-Vencimiento-Automotor-patente.jpg?resize=800%2C445&#038;ssl=1\" alt=\"\" width=\"800\" height=\"445\" srcset=\"https:\/\/i0.wp.com\/cdnoticias.com\/wp-content\/uploads\/2025\/05\/ARBA-Vencimiento-Automotor-patente.jpg?w=800&amp;ssl=1 800w, https:\/\/i0.wp.com\/cdnoticias.com\/wp-content\/uploads\/2025\/05\/ARBA-Vencimiento-Automotor-patente.jpg?resize=300%2C167&amp;ssl=1 300w, https:\/\/i0.wp.com\/cdnoticias.com\/wp-content\/uploads\/2025\/05\/ARBA-Vencimiento-Automotor-patente.jpg?resize=768%2C427&amp;ssl=1 768w\" sizes=\"auto, (max-width: 800px) 100vw, 800px\" \/><\/p>\n<p><strong>La patente es progresiva<\/strong>, lo que significa que el porcentaje de impuesto aumenta a medida que el valor del veh\u00edculo es mayor.<\/p>\n<p>Girard detall\u00f3: \u201cSe va a llevar a cabo por medio de <strong>una reformulaci\u00f3n de las tablas<\/strong>. En la ley anterior se arrancaba con una al\u00edcuota m\u00ednima de 3,6% y una m\u00e1xima de 5%, ahora esos valores se reducir\u00e1n en cuatro tramos con valores entre 1% y 4%\u201d, puntualiz\u00f3.<\/p>\n<blockquote><p>\u201cEn relaci\u00f3n con Ingresos Brutos, no hay incremento de al\u00edcuota para ninguna actividad ni se incluye el anticipo extraordinario a grandes contribuyentes. La provincia decidi\u00f3 sostener el beneficio de al\u00edcuota disminuida incrementada. Vamos a actualizar los tramos en un 40% para que mas Pymes se vean beneficiada\u201d, concluy\u00f3 Girard.<\/p><\/blockquote>\n<p>En tanto, <strong>desde la oposici\u00f3n aguardar\u00e1n el an\u00e1lisis del proyecto completo<\/strong> previo a emitir su respaldo a la iniciativa. <em>\u201cEs positivo que no haya aumento en Ingresos Brutos durante esta recesi\u00f3n, aunque esperamos conocer los n\u00fameros de la actualizaci\u00f3n inmobiliaria\u201d<\/em>, detallaron desde el radicalismo.<\/p>\n<blockquote class=\"wp-embedded-content\" data-secret=\"LJJ1NQAHAP\"><p><a href=\"https:\/\/cdnoticias.com\/index.php\/2025\/11\/03\/kicillof-presento-los-proyectos-de-leyes-de-presupuesto-impositiva-y-financiamiento-2026\/\">Kicillof present\u00f3 los proyectos de leyes de Presupuesto, Impositiva y Financiamiento 2026<\/a><\/p><\/blockquote>\n<p><iframe loading=\"lazy\" class=\"wp-embedded-content\" sandbox=\"allow-scripts\" security=\"restricted\" style=\"position: absolute; visibility: hidden;\" title=\"&#8220;Kicillof present\u00f3 los proyectos de leyes de Presupuesto, Impositiva y Financiamiento 2026&#8221; &#8212; Central de Noticias | Olavarr\u00eda\" src=\"https:\/\/cdnoticias.com\/index.php\/2025\/11\/03\/kicillof-presento-los-proyectos-de-leyes-de-presupuesto-impositiva-y-financiamiento-2026\/embed\/#?secret=xp58JHEIK1#?secret=LJJ1NQAHAP\" data-secret=\"LJJ1NQAHAP\" width=\"600\" height=\"338\" frameborder=\"0\" marginwidth=\"0\" marginheight=\"0\" scrolling=\"no\"><\/iframe><\/p>\n<h3>Ingresos brutos<\/h3>\n<p>Respecto a Ingresos Brutos, Girard ratific\u00f3 la continuidad de una pol\u00edtica que combina simplificaci\u00f3n tributaria y alivio para PyMEs, con mayor fiscalizaci\u00f3n sobre actividades de alta capacidad contributiva. <strong>\u201cSeguimos fortaleciendo la progresividad, modernizando la administraci\u00f3n tributaria con herramientas digitales que nos permiten recaudar mejor sin ahogar la producci\u00f3n ni el consumo\u201d<\/strong>, subray\u00f3.<\/p>\n<p>Finalmente, el funcionario defendi\u00f3 el esp\u00edritu general de la Ley Impositiva 2026:<strong> \u201cEs una norma que acompa\u00f1a a quienes producen y trabajan<\/strong>, reduce la carga sobre los patrimonios medios y reafirma el principio de que paguen m\u00e1s quienes m\u00e1s tienen. As\u00ed logramos distribuir mejor el esfuerzo y construimos una provincia m\u00e1s justa\u201d.<\/p>\n<p>Fuente: <em>Agencia DIB<\/em><\/p>\n","protected":false},"excerpt":{"rendered":"<p>El titular de ARBA, Cristian Girard, defendi\u00f3 el proyecto de Ley Impositiva provincial junto al ministro de Econom\u00eda, Pablo L\u00f3pez.<\/p>\n","protected":false},"author":4,"featured_media":187006,"comment_status":"closed","ping_status":"closed","sticky":false,"template":"","format":"standard","meta":{"_jetpack_memberships_contains_paid_content":false,"footnotes":""},"categories":[6,1],"tags":[],"class_list":["post-187005","post","type-post","status-publish","format-standard","has-post-thumbnail","hentry","category-nacionales","category-portada"],"jetpack_featured_media_url":"https:\/\/i0.wp.com\/cdnoticias.com\/wp-content\/uploads\/2025\/11\/ARBA-cristian-girard.jpg?fit=1000%2C556&ssl=1","jetpack_sharing_enabled":true,"_links":{"self":[{"href":"https:\/\/cdnoticias.com\/index.php\/wp-json\/wp\/v2\/posts\/187005","targetHints":{"allow":["GET"]}}],"collection":[{"href":"https:\/\/cdnoticias.com\/index.php\/wp-json\/wp\/v2\/posts"}],"about":[{"href":"https:\/\/cdnoticias.com\/index.php\/wp-json\/wp\/v2\/types\/post"}],"author":[{"embeddable":true,"href":"https:\/\/cdnoticias.com\/index.php\/wp-json\/wp\/v2\/users\/4"}],"replies":[{"embeddable":true,"href":"https:\/\/cdnoticias.com\/index.php\/wp-json\/wp\/v2\/comments?post=187005"}],"version-history":[{"count":0,"href":"https:\/\/cdnoticias.com\/index.php\/wp-json\/wp\/v2\/posts\/187005\/revisions"}],"wp:featuredmedia":[{"embeddable":true,"href":"https:\/\/cdnoticias.com\/index.php\/wp-json\/wp\/v2\/media\/187006"}],"wp:attachment":[{"href":"https:\/\/cdnoticias.com\/index.php\/wp-json\/wp\/v2\/media?parent=187005"}],"wp:term":[{"taxonomy":"category","embeddable":true,"href":"https:\/\/cdnoticias.com\/index.php\/wp-json\/wp\/v2\/categories?post=187005"},{"taxonomy":"post_tag","embeddable":true,"href":"https:\/\/cdnoticias.com\/index.php\/wp-json\/wp\/v2\/tags?post=187005"}],"curies":[{"name":"wp","href":"https:\/\/api.w.org\/{rel}","templated":true}]}}