{"id":187002,"date":"2025-11-05T09:42:44","date_gmt":"2025-11-05T12:42:44","guid":{"rendered":"https:\/\/cdnoticias.com\/?p=187002"},"modified":"2025-11-05T11:14:52","modified_gmt":"2025-11-05T14:14:52","slug":"hcd-pedido-de-informe-sobre-el-contrato-de-la-municipalidad-con-coopelectric","status":"publish","type":"post","link":"https:\/\/cdnoticias.com\/index.php\/2025\/11\/05\/hcd-pedido-de-informe-sobre-el-contrato-de-la-municipalidad-con-coopelectric\/","title":{"rendered":"HCD: pedido de informe sobre el contrato de la Municipalidad con Coopelectric"},"content":{"rendered":"<p>Lo present\u00f3 La Libertad Avanza que busca acceder a documentaci\u00f3n ante la decisi\u00f3n del Ejecutivo de dar por finalizada la contrataci\u00f3n.<!--more--><\/p>\n<hr \/>\n<p>La semana pasada<strong> el Municipio de Olavarr\u00eda dio a conocer el<a href=\"https:\/\/cdnoticias.com\/index.php\/2025\/10\/31\/el-municipio-dio-por-finalizado-el-contrato-con-coopelectric-por-el-suministro-electrico-de-olavarria\/\" target=\"_blank\" rel=\"noopener\"> final de la contrataci\u00f3n a Coopelectric<\/a><\/strong> para la <strong>prestaci\u00f3n del servicio de distribuci\u00f3n de electricidad<\/strong> en la ciudad.<\/p>\n<p>En ese marco, <strong>el bloque La Libertad Avanza en el Concejo Deliberante present\u00f3 un pedido de informe<\/strong> para acceder a documentaci\u00f3n.<\/p>\n<blockquote><p>\u201cSolicitamos vista y acceso a informes t\u00e9cnicos sobre los requerimientos operativos de la red el\u00e9ctrica urbana, rural y alumbrado p\u00fablico. Asimismo, la situaci\u00f3n econ\u00f3mica y financiera de la actual concesionaria Coopelectric, como su capacidad para dar cumplimiento a las necesidades de infraestructura el\u00e9ctrica que requiere el partido de Olavarr\u00eda para su desarrollo\u201d indic\u00f3 la bancada.<\/p><\/blockquote>\n<p>En el proyecto impulsado, los concejales libertarios plantearon que <strong>\u201ces necesario saber por parte del Municipio si hubo pr\u00f3rroga o acto administrativo que declare fin o resoluci\u00f3n que ordene la licitaci\u00f3n<\/strong> y en qu\u00e9 consiste el mantenimiento del servicio y hasta cu\u00e1ndo\u201d. Adem\u00e1s, se incluy\u00f3 un punto del pedido de informe <strong>sobre el plan de pago que la cooperativa firm\u00f3 con <a href=\"https:\/\/cdnoticias.com\/index.php\/2025\/07\/18\/coopelectric-informo-que-acordo-un-plan-de-pago-con-cammesa\/\" target=\"_blank\" rel=\"noopener\">la empresa CAMMESA<\/a><\/strong>.<\/p>\n<blockquote class=\"wp-embedded-content\" data-secret=\"SMjcFmMArJ\"><p><a href=\"https:\/\/cdnoticias.com\/index.php\/2025\/10\/31\/el-municipio-dio-por-finalizado-el-contrato-con-coopelectric-por-el-suministro-electrico-de-olavarria\/\">El Municipio dio por finalizado el contrato con Coopelectric por el suministro el\u00e9ctrico de Olavarr\u00eda<\/a><\/p><\/blockquote>\n<p><iframe loading=\"lazy\" class=\"wp-embedded-content\" sandbox=\"allow-scripts\" security=\"restricted\" style=\"position: absolute; visibility: hidden;\" title=\"&#8220;El Municipio dio por finalizado el contrato con Coopelectric por el suministro el\u00e9ctrico de Olavarr\u00eda&#8221; &#8212; Central de Noticias | Olavarr\u00eda\" src=\"https:\/\/cdnoticias.com\/index.php\/2025\/10\/31\/el-municipio-dio-por-finalizado-el-contrato-con-coopelectric-por-el-suministro-electrico-de-olavarria\/embed\/#?secret=Xr06ZoiAZu#?secret=SMjcFmMArJ\" data-secret=\"SMjcFmMArJ\" width=\"600\" height=\"338\" frameborder=\"0\" marginwidth=\"0\" marginheight=\"0\" scrolling=\"no\"><\/iframe><\/p>\n","protected":false},"excerpt":{"rendered":"<p>Lo present\u00f3 La Libertad Avanza que busca acceder a documentaci\u00f3n ante la decisi\u00f3n del Ejecutivo de dar por finalizada la<\/p>\n","protected":false},"author":4,"featured_media":151108,"comment_status":"closed","ping_status":"closed","sticky":false,"template":"","format":"standard","meta":{"_jetpack_memberships_contains_paid_content":false,"footnotes":""},"categories":[4,1],"tags":[],"class_list":["post-187002","post","type-post","status-publish","format-standard","has-post-thumbnail","hentry","category-politica","category-portada"],"jetpack_featured_media_url":"https:\/\/i0.wp.com\/cdnoticias.com\/wp-content\/uploads\/2025\/02\/HCD-la-libertad-avanza-gamondi-odello-00.jpg?fit=900%2C501&ssl=1","jetpack_sharing_enabled":true,"_links":{"self":[{"href":"https:\/\/cdnoticias.com\/index.php\/wp-json\/wp\/v2\/posts\/187002","targetHints":{"allow":["GET"]}}],"collection":[{"href":"https:\/\/cdnoticias.com\/index.php\/wp-json\/wp\/v2\/posts"}],"about":[{"href":"https:\/\/cdnoticias.com\/index.php\/wp-json\/wp\/v2\/types\/post"}],"author":[{"embeddable":true,"href":"https:\/\/cdnoticias.com\/index.php\/wp-json\/wp\/v2\/users\/4"}],"replies":[{"embeddable":true,"href":"https:\/\/cdnoticias.com\/index.php\/wp-json\/wp\/v2\/comments?post=187002"}],"version-history":[{"count":0,"href":"https:\/\/cdnoticias.com\/index.php\/wp-json\/wp\/v2\/posts\/187002\/revisions"}],"wp:featuredmedia":[{"embeddable":true,"href":"https:\/\/cdnoticias.com\/index.php\/wp-json\/wp\/v2\/media\/151108"}],"wp:attachment":[{"href":"https:\/\/cdnoticias.com\/index.php\/wp-json\/wp\/v2\/media?parent=187002"}],"wp:term":[{"taxonomy":"category","embeddable":true,"href":"https:\/\/cdnoticias.com\/index.php\/wp-json\/wp\/v2\/categories?post=187002"},{"taxonomy":"post_tag","embeddable":true,"href":"https:\/\/cdnoticias.com\/index.php\/wp-json\/wp\/v2\/tags?post=187002"}],"curies":[{"name":"wp","href":"https:\/\/api.w.org\/{rel}","templated":true}]}}