{"id":186950,"date":"2025-11-04T16:33:34","date_gmt":"2025-11-04T19:33:34","guid":{"rendered":"https:\/\/cdnoticias.com\/?p=186950"},"modified":"2025-11-04T16:33:36","modified_gmt":"2025-11-04T19:33:36","slug":"preocupacion-por-el-estado-de-abandono-de-la-sociedad-de-fomento-coronel-dorrego","status":"publish","type":"post","link":"https:\/\/cdnoticias.com\/index.php\/2025\/11\/04\/preocupacion-por-el-estado-de-abandono-de-la-sociedad-de-fomento-coronel-dorrego\/","title":{"rendered":"Preocupaci\u00f3n por el estado de abandono de la Sociedad de Fomento \u201cCoronel Dorrego\u201d"},"content":{"rendered":"<p>A trav\u00e9s de un pedido de informes, el bloque de concejales de la UCR solicit\u00f3 al Ejecutivo Municipal informaci\u00f3n acerca de las acciones previstas para abordar la situaci\u00f3n que atraviesa la entidad.<!--more--><\/p>\n<hr \/>\n<p>En la ma\u00f1ana de este martes, <strong>la Uni\u00f3n C\u00edvica Radical de Olavarr\u00eda<\/strong> present\u00f3 en el Honorable Concejo Deliberante un <strong>Pedido de Informes por el estado de abandono<\/strong> que presenta la <strong>Sociedad de Fomento \u201cCoronel Dorrego\u201d<\/strong>.<\/p>\n<blockquote><p>Desde el bloque se explic\u00f3 que la iniciativa, que surge de un reclamo de los vecinos y vecinas del sector, solicita al Departamento Ejecutivo Municipal informaci\u00f3n acerca de las acciones que tiene prevista para abordar la situaci\u00f3n que atraviesa la entidad.<\/p><\/blockquote>\n<p><img data-recalc-dims=\"1\" loading=\"lazy\" decoding=\"async\" class=\"alignnone size-full wp-image-186954 aligncenter\" src=\"https:\/\/i0.wp.com\/cdnoticias.com\/wp-content\/uploads\/2025\/11\/sociedad-de-fomento-coronel-dorrego-UCR-3.jpeg?resize=800%2C600&#038;ssl=1\" alt=\"\" width=\"800\" height=\"600\" srcset=\"https:\/\/i0.wp.com\/cdnoticias.com\/wp-content\/uploads\/2025\/11\/sociedad-de-fomento-coronel-dorrego-UCR-3.jpeg?w=1000&amp;ssl=1 1000w, https:\/\/i0.wp.com\/cdnoticias.com\/wp-content\/uploads\/2025\/11\/sociedad-de-fomento-coronel-dorrego-UCR-3.jpeg?resize=300%2C225&amp;ssl=1 300w, https:\/\/i0.wp.com\/cdnoticias.com\/wp-content\/uploads\/2025\/11\/sociedad-de-fomento-coronel-dorrego-UCR-3.jpeg?resize=768%2C576&amp;ssl=1 768w\" sizes=\"auto, (max-width: 800px) 100vw, 800px\" \/><\/p>\n<p>A su vez, tambi\u00e9n pide datos sobre el <strong>estado jur\u00eddico contable de la instituci\u00f3n<\/strong>, su regularidad y fechas en las que se han convocado las \u00faltimas asambleas y, en caso de negativa, los motivos de su falta de convocatoria.<\/p>\n<p>Por \u00faltimo, exige informaci\u00f3n si el Municipio tiene previsto un <strong>plan de reactivaci\u00f3n o acompa\u00f1amiento a las Sociedades de Fomento inactivas o intervenidas<\/strong>, en proceso de regulaci\u00f3n o normalizaci\u00f3n, indicando en qu\u00e9 situaci\u00f3n se encuentran actualmente.<\/p>\n<blockquote><p>En este sentido, el concejal Francisco Gonz\u00e1lez manifest\u00f3 que \u201ceste planteo surge de la preocupaci\u00f3n de vecinos sobre el estado en el que se encuentra el edificio desde hace mucho tiempo. La comunidad del barrio tiene la intenci\u00f3n de recuperar el espacio, por eso es que le estamos pidiendo al Municipio informaci\u00f3n sobre c\u00f3mo est\u00e1 manejando y c\u00f3mo va a manejar esta situaci\u00f3n\u201d.<\/p><\/blockquote>\n<p><img data-recalc-dims=\"1\" loading=\"lazy\" decoding=\"async\" class=\"alignnone size-full wp-image-186952 aligncenter\" src=\"https:\/\/i0.wp.com\/cdnoticias.com\/wp-content\/uploads\/2025\/11\/sociedad-de-fomento-coronel-dorrego-UCR-1.jpeg?resize=800%2C600&#038;ssl=1\" alt=\"\" width=\"800\" height=\"600\" srcset=\"https:\/\/i0.wp.com\/cdnoticias.com\/wp-content\/uploads\/2025\/11\/sociedad-de-fomento-coronel-dorrego-UCR-1.jpeg?w=1000&amp;ssl=1 1000w, https:\/\/i0.wp.com\/cdnoticias.com\/wp-content\/uploads\/2025\/11\/sociedad-de-fomento-coronel-dorrego-UCR-1.jpeg?resize=300%2C225&amp;ssl=1 300w, https:\/\/i0.wp.com\/cdnoticias.com\/wp-content\/uploads\/2025\/11\/sociedad-de-fomento-coronel-dorrego-UCR-1.jpeg?resize=768%2C576&amp;ssl=1 768w\" sizes=\"auto, (max-width: 800px) 100vw, 800px\" \/><\/p>\n<p style=\"text-align: center;\"><img data-recalc-dims=\"1\" loading=\"lazy\" decoding=\"async\" class=\"alignnone size-full wp-image-186953\" src=\"https:\/\/i0.wp.com\/cdnoticias.com\/wp-content\/uploads\/2025\/11\/sociedad-de-fomento-coronel-dorrego-UCR-4.jpeg?resize=800%2C600&#038;ssl=1\" alt=\"\" width=\"800\" height=\"600\" srcset=\"https:\/\/i0.wp.com\/cdnoticias.com\/wp-content\/uploads\/2025\/11\/sociedad-de-fomento-coronel-dorrego-UCR-4.jpeg?w=1000&amp;ssl=1 1000w, https:\/\/i0.wp.com\/cdnoticias.com\/wp-content\/uploads\/2025\/11\/sociedad-de-fomento-coronel-dorrego-UCR-4.jpeg?resize=300%2C225&amp;ssl=1 300w, https:\/\/i0.wp.com\/cdnoticias.com\/wp-content\/uploads\/2025\/11\/sociedad-de-fomento-coronel-dorrego-UCR-4.jpeg?resize=768%2C576&amp;ssl=1 768w\" sizes=\"auto, (max-width: 800px) 100vw, 800px\" \/><\/p>\n","protected":false},"excerpt":{"rendered":"<p>A trav\u00e9s de un pedido de informes, el bloque de concejales de la UCR solicit\u00f3 al Ejecutivo Municipal informaci\u00f3n acerca<\/p>\n","protected":false},"author":4,"featured_media":186951,"comment_status":"closed","ping_status":"closed","sticky":false,"template":"","format":"standard","meta":{"_jetpack_memberships_contains_paid_content":false,"footnotes":""},"categories":[4,1],"tags":[],"class_list":["post-186950","post","type-post","status-publish","format-standard","has-post-thumbnail","hentry","category-politica","category-portada"],"jetpack_featured_media_url":"https:\/\/i0.wp.com\/cdnoticias.com\/wp-content\/uploads\/2025\/11\/sociedad-de-fomento-coronel-dorrego-UCR-2.jpeg?fit=1000%2C556&ssl=1","jetpack_sharing_enabled":true,"_links":{"self":[{"href":"https:\/\/cdnoticias.com\/index.php\/wp-json\/wp\/v2\/posts\/186950","targetHints":{"allow":["GET"]}}],"collection":[{"href":"https:\/\/cdnoticias.com\/index.php\/wp-json\/wp\/v2\/posts"}],"about":[{"href":"https:\/\/cdnoticias.com\/index.php\/wp-json\/wp\/v2\/types\/post"}],"author":[{"embeddable":true,"href":"https:\/\/cdnoticias.com\/index.php\/wp-json\/wp\/v2\/users\/4"}],"replies":[{"embeddable":true,"href":"https:\/\/cdnoticias.com\/index.php\/wp-json\/wp\/v2\/comments?post=186950"}],"version-history":[{"count":0,"href":"https:\/\/cdnoticias.com\/index.php\/wp-json\/wp\/v2\/posts\/186950\/revisions"}],"wp:featuredmedia":[{"embeddable":true,"href":"https:\/\/cdnoticias.com\/index.php\/wp-json\/wp\/v2\/media\/186951"}],"wp:attachment":[{"href":"https:\/\/cdnoticias.com\/index.php\/wp-json\/wp\/v2\/media?parent=186950"}],"wp:term":[{"taxonomy":"category","embeddable":true,"href":"https:\/\/cdnoticias.com\/index.php\/wp-json\/wp\/v2\/categories?post=186950"},{"taxonomy":"post_tag","embeddable":true,"href":"https:\/\/cdnoticias.com\/index.php\/wp-json\/wp\/v2\/tags?post=186950"}],"curies":[{"name":"wp","href":"https:\/\/api.w.org\/{rel}","templated":true}]}}