{"id":186941,"date":"2025-11-04T11:20:39","date_gmt":"2025-11-04T14:20:39","guid":{"rendered":"https:\/\/cdnoticias.com\/?p=186941"},"modified":"2025-11-04T16:08:06","modified_gmt":"2025-11-04T19:08:06","slug":"emiten-una-nueva-alerta-amarilla-por-tormentas-en-olavarria","status":"publish","type":"post","link":"https:\/\/cdnoticias.com\/index.php\/2025\/11\/04\/emiten-una-nueva-alerta-amarilla-por-tormentas-en-olavarria\/","title":{"rendered":"Emiten una nueva alerta amarilla por tormentas en Olavarr\u00eda"},"content":{"rendered":"\n<p>Rige para este martes 4 de noviembre por la noche. El SMN anticip\u00f3 abundante ca\u00edda de agua en cortos per\u00edodos, intensas r\u00e1fagas y actividad el\u00e9ctrica.<\/p>\n\n\n\n<hr class=\"wp-block-separator has-alpha-channel-opacity\"\/>\n\n\n\n<p>Tras la <a href=\"https:\/\/cdnoticias.com\/index.php\/2025\/11\/04\/recalde-unos-150-mm-caidos-y-una-familia-autoevacuada\/\" data-type=\"link\" data-id=\"https:\/\/cdnoticias.com\/index.php\/2025\/11\/04\/recalde-unos-150-mm-caidos-y-una-familia-autoevacuada\/\">fuerte tormenta de lluvia <\/a>con importante actividad el\u00e9ctrica que se registr\u00f3 en Olavarr\u00eda durante la noche del lunes y la madrugada del martes, el Servicio Meteorol\u00f3gico Nacional (SMN) <strong>lanz\u00f3 una nueva alerta para nuestra ciudad.<\/strong><\/p>\n\n\n\n<p><\/p>\n\n\n\n<p>En este caso, la advertencia <strong>nivel amarillo<\/strong> rige para la noche de este martes e incluye a las localidades de General La Madrid y Laprida.<\/p>\n\n\n\n<p><\/p>\n\n\n\n<figure class=\"wp-block-image size-full\"><img data-recalc-dims=\"1\" loading=\"lazy\" decoding=\"async\" width=\"653\" height=\"275\" src=\"https:\/\/i0.wp.com\/cdnoticias.com\/wp-content\/uploads\/2025\/11\/image.png?resize=653%2C275&#038;ssl=1\" alt=\"\" class=\"wp-image-186942\" srcset=\"https:\/\/i0.wp.com\/cdnoticias.com\/wp-content\/uploads\/2025\/11\/image.png?w=653&amp;ssl=1 653w, https:\/\/i0.wp.com\/cdnoticias.com\/wp-content\/uploads\/2025\/11\/image.png?resize=300%2C126&amp;ssl=1 300w\" sizes=\"auto, (max-width: 653px) 100vw, 653px\" \/><\/figure>\n\n\n\n<p><\/p>\n\n\n\n<blockquote class=\"wp-block-quote is-layout-flow wp-block-quote-is-layout-flow\">\n<p>Seg\u00fan anticip\u00f3 el organismo, \u201c<strong>el \u00e1rea ser\u00e1 afectada por tormentas de variada intensidad, algunas localmente fuertes. <\/strong>Las mismas podr\u00e1n provocar abundante ca\u00edda de agua en cortos per\u00edodos, intensas r\u00e1fagas que pueden alcanzar localmente los 70 km\/h, actividad el\u00e9ctrica frecuente y ocasional ca\u00edda granizo\u201d.<\/p>\n<\/blockquote>\n\n\n\n<p><\/p>\n\n\n\n<p>Adem\u00e1s, se prev\u00e9n valores de precipitaci\u00f3n acumulada<strong> \u201centre 30 y 65 mm, pudiendo ser superados de manera puntual\u201d.<\/strong><\/p>\n\n\n\n<p><\/p>\n\n\n\n<figure class=\"wp-block-embed is-type-wp-embed is-provider-central-de-noticias-olavarr-a wp-block-embed-central-de-noticias-olavarr-a\"><div class=\"wp-block-embed__wrapper\">\n<blockquote class=\"wp-embedded-content\" data-secret=\"1LGBfmIQeC\"><a href=\"https:\/\/cdnoticias.com\/index.php\/2025\/11\/04\/recalde-unos-150-mm-caidos-y-una-familia-autoevacuada\/\">Recalde: unos 150 mm ca\u00eddos y una familia autoevacuada<\/a><\/blockquote><iframe loading=\"lazy\" class=\"wp-embedded-content\" sandbox=\"allow-scripts\" security=\"restricted\" style=\"position: absolute; visibility: hidden;\" title=\"&#8220;Recalde: unos 150 mm ca\u00eddos y una familia autoevacuada&#8221; &#8212; Central de Noticias | Olavarr\u00eda\" src=\"https:\/\/cdnoticias.com\/index.php\/2025\/11\/04\/recalde-unos-150-mm-caidos-y-una-familia-autoevacuada\/embed\/#?secret=AGSIoqCGWJ#?secret=1LGBfmIQeC\" data-secret=\"1LGBfmIQeC\" width=\"600\" height=\"338\" frameborder=\"0\" marginwidth=\"0\" marginheight=\"0\" scrolling=\"no\"><\/iframe>\n<\/div><\/figure>\n","protected":false},"excerpt":{"rendered":"<p>Rige para este martes 4 de noviembre por la noche. El SMN anticip\u00f3 abundante ca\u00edda de agua en cortos per\u00edodos,<\/p>\n","protected":false},"author":5,"featured_media":165768,"comment_status":"closed","ping_status":"closed","sticky":false,"template":"","format":"standard","meta":{"_jetpack_memberships_contains_paid_content":false,"footnotes":""},"categories":[5,1],"tags":[],"class_list":["post-186941","post","type-post","status-publish","format-standard","has-post-thumbnail","hentry","category-informacion-general","category-portada"],"jetpack_featured_media_url":"https:\/\/i0.wp.com\/cdnoticias.com\/wp-content\/uploads\/2025\/03\/arroyo-tormenta-01.jpg?fit=1000%2C556&ssl=1","jetpack_sharing_enabled":true,"_links":{"self":[{"href":"https:\/\/cdnoticias.com\/index.php\/wp-json\/wp\/v2\/posts\/186941","targetHints":{"allow":["GET"]}}],"collection":[{"href":"https:\/\/cdnoticias.com\/index.php\/wp-json\/wp\/v2\/posts"}],"about":[{"href":"https:\/\/cdnoticias.com\/index.php\/wp-json\/wp\/v2\/types\/post"}],"author":[{"embeddable":true,"href":"https:\/\/cdnoticias.com\/index.php\/wp-json\/wp\/v2\/users\/5"}],"replies":[{"embeddable":true,"href":"https:\/\/cdnoticias.com\/index.php\/wp-json\/wp\/v2\/comments?post=186941"}],"version-history":[{"count":0,"href":"https:\/\/cdnoticias.com\/index.php\/wp-json\/wp\/v2\/posts\/186941\/revisions"}],"wp:featuredmedia":[{"embeddable":true,"href":"https:\/\/cdnoticias.com\/index.php\/wp-json\/wp\/v2\/media\/165768"}],"wp:attachment":[{"href":"https:\/\/cdnoticias.com\/index.php\/wp-json\/wp\/v2\/media?parent=186941"}],"wp:term":[{"taxonomy":"category","embeddable":true,"href":"https:\/\/cdnoticias.com\/index.php\/wp-json\/wp\/v2\/categories?post=186941"},{"taxonomy":"post_tag","embeddable":true,"href":"https:\/\/cdnoticias.com\/index.php\/wp-json\/wp\/v2\/tags?post=186941"}],"curies":[{"name":"wp","href":"https:\/\/api.w.org\/{rel}","templated":true}]}}