{"id":186929,"date":"2025-11-04T10:02:01","date_gmt":"2025-11-04T13:02:01","guid":{"rendered":"https:\/\/cdnoticias.com\/?p=186929"},"modified":"2025-11-04T10:04:20","modified_gmt":"2025-11-04T13:04:20","slug":"urdampilleta-violento-temporal-provoco-voladura-de-techos-caidas-de-arboles-y-cortes-de-electricidad","status":"publish","type":"post","link":"https:\/\/cdnoticias.com\/index.php\/2025\/11\/04\/urdampilleta-violento-temporal-provoco-voladura-de-techos-caidas-de-arboles-y-cortes-de-electricidad\/","title":{"rendered":"Urdampilleta: violento temporal provoc\u00f3 voladura de techos, ca\u00eddas de \u00e1rboles y cortes de electricidad"},"content":{"rendered":"<p>Hubo 40 techos volados y al menos 13 evacuados en la localidad bolivarense. El intendente Marcos Pisano celebr\u00f3 que no hubiera v\u00edctimas. Tambi\u00e9n temporal en Daireaux.<!--more--><\/p>\n<hr \/>\n<p>En medio de la <strong>alerta meteorol\u00f3gica que cubre la provincia de Buenos Aires<\/strong>, un <strong>violento temporal de lluvia, viento y granizo<\/strong> azot\u00f3 los partidos bonaerenses de <strong>Bol\u00edvar y Daireaux<\/strong>.<\/p>\n<blockquote>\n<p>En el vecino municipio de Bol\u00edvar provoc\u00f3 graves destrozos en la localidad de Urdampilleta, donde se registraron voladura de techos, ca\u00eddas de \u00e1rboles y suspensi\u00f3n del servicio el\u00e9ctrico.<\/p>\n<\/blockquote>\n<p>El<strong> intendente bolivarense Marcos Pisano<\/strong> celebr\u00f3 que <strong>no hubiera habido v\u00edctimas: &#8220;Fue una especie de milagro que eso no suceda&#8221;<\/strong>.<\/p>\n<p>En tanto,<strong> en Daireaux, se registr\u00f3 una granizada<\/strong> que si bien dur\u00f3 pocos minutos dej\u00f3 ve<strong>r \u201cpiedras\u201d de gran tama\u00f1o<\/strong>, y tambi\u00e9n <strong>cayeron \u00e1rboles en establecimientos rurales.<\/strong><\/p>\n<h3>Bol\u00edvar: evacuados<\/h3>\n<p>La tormenta se desat\u00f3 a eso de las 23 del lunes, con viento, lluvia y granizo. Sobre las 23.30 horas la <strong>Direcci\u00f3n de Prensa de la Municipalidad de Bol\u00edvar<\/strong>, seg\u00fan expuso diario La Ma\u00f1ana, emiti\u00f3 un primer<strong> informe relativo a la situaci\u00f3n<\/strong> en el que se dio cuenta de la voladura de <strong>unos 40 techos de viviendas en Urdampilleta<\/strong>.<\/p>\n<p>De inmediato <strong>Pisano se traslad\u00f3 hacia esa localidad<\/strong> en compa\u00f1\u00eda de Sonia Mart\u00ednez, secretaria de Desarrollo de la Comunidad. All\u00ed, junto a la <strong>delegada Micaela Chiminella<\/strong>, acompa\u00f1aron el trabajo que llevan adelante los<strong> Bomberos Voluntarios, Polic\u00eda, Defensa Civil y Protecci\u00f3n Ciudadana<\/strong> y brindaron la asistencia necesaria en la emergencia.<\/p>\n<p><img data-recalc-dims=\"1\" loading=\"lazy\" decoding=\"async\" class=\"alignnone size-full wp-image-186931\" src=\"https:\/\/i0.wp.com\/cdnoticias.com\/wp-content\/uploads\/2025\/11\/tormenta-urdampilleta-01.jpg?resize=800%2C450&#038;ssl=1\" alt=\"\" width=\"800\" height=\"450\" srcset=\"https:\/\/i0.wp.com\/cdnoticias.com\/wp-content\/uploads\/2025\/11\/tormenta-urdampilleta-01.jpg?w=1000&amp;ssl=1 1000w, https:\/\/i0.wp.com\/cdnoticias.com\/wp-content\/uploads\/2025\/11\/tormenta-urdampilleta-01.jpg?resize=300%2C169&amp;ssl=1 300w, https:\/\/i0.wp.com\/cdnoticias.com\/wp-content\/uploads\/2025\/11\/tormenta-urdampilleta-01.jpg?resize=768%2C432&amp;ssl=1 768w\" sizes=\"auto, (max-width: 800px) 100vw, 800px\" \/><\/p>\n<p>El jefe comunal afirm\u00f3 que <strong>en horas de la madrugada de este martes hab\u00eda 13 evacuados en Urdampilleta<\/strong>, que fueron trasladados al hospital de la localidad.<\/p>\n<blockquote>\n<p>Luego de insistir con que \u201cfue una especie de milagro\u201d que no hubiera heridos por el temporal, coment\u00f3: \u201cHe dispuesto que el Centro Log\u00edstico se establezca en la delegaci\u00f3n y dejar al hospital solamente como centro de evacuados. En estos momentos estamos haciendo un relevamiento para conocer situaciones particulares, como por ejemplo la posibilidad de que existan ancianos aislados o electro dependientes a los que debamos atender&#8221;.<\/p>\n<\/blockquote>\n<p>Pisano tambi\u00e9n dio cuenta de la <strong>solicitud de ayuda elevada a la Provincia<\/strong>, que dispuso el env\u00edo de <strong>ocho camionetas de Defensa Civil<\/strong>. <em>&#8220;Ahora viene un intenso trabajo en lo que se refiere a la limpieza de la localidad\u201d<\/em> agreg\u00f3, para lo cual llegar\u00e1 a Urdampilleta personal municipal de la ciudad cabecera del partido.<\/p>\n<h3>Electricidad y gas<\/h3>\n<p>Por otra parte, <strong>el servicio el\u00e9ctrico en la localidad se manten\u00eda interrumpido<\/strong> como medida preventiva ante la ca\u00edda de postes en diferentes lugares.<\/p>\n<p>Tambi\u00e9n se registr\u00f3 <strong>p\u00e9rdida de gas en una vivienda<\/strong>, lo que requiri\u00f3 el trabajo de Bomberos Voluntarios y la empresa Camuzzi.<\/p>\n<p><img data-recalc-dims=\"1\" loading=\"lazy\" decoding=\"async\" class=\"alignnone size-full wp-image-186932\" src=\"https:\/\/i0.wp.com\/cdnoticias.com\/wp-content\/uploads\/2025\/11\/tormenta-urdampilleta-02.jpg?resize=800%2C450&#038;ssl=1\" alt=\"\" width=\"800\" height=\"450\" srcset=\"https:\/\/i0.wp.com\/cdnoticias.com\/wp-content\/uploads\/2025\/11\/tormenta-urdampilleta-02.jpg?w=1006&amp;ssl=1 1006w, https:\/\/i0.wp.com\/cdnoticias.com\/wp-content\/uploads\/2025\/11\/tormenta-urdampilleta-02.jpg?resize=300%2C169&amp;ssl=1 300w, https:\/\/i0.wp.com\/cdnoticias.com\/wp-content\/uploads\/2025\/11\/tormenta-urdampilleta-02.jpg?resize=768%2C432&amp;ssl=1 768w\" sizes=\"auto, (max-width: 800px) 100vw, 800px\" \/><\/p>\n<h3>En Daireaux<\/h3>\n<blockquote>\n<p>El temporal tambi\u00e9n alcanz\u00f3 a la localidad vecina de Daireaux, provocando la ca\u00edda de \u00e1rboles en distintos puntos y donde al menos un veh\u00edculo result\u00f3 da\u00f1ado tras ser aplastado por uno de ellos.<\/p>\n<\/blockquote>\n<p>Mientras tanto, la alerta meteorol\u00f3gica en la zona ya ces\u00f3, pero se extendi\u00f3 al resto de la provincia (incluido el AMBA), que permanece bajo una advertencia de nivel amarillo. Esto implica \u201ctormentas de variada intensidad, algunas localmente fuertes\u201d, que \u201cpodr\u00e1n provocar abundante ca\u00edda de agua en cortos per\u00edodos, intensas r\u00e1fagas que pueden alcanzar localmente los 70 km\/h, actividad el\u00e9ctrica frecuente y ocasional ca\u00edda granizo\u201d.<\/p>\n<p>Fuentes y fotos: <em>DIB y diario La Ma\u00f1ana<\/em><\/p>\n","protected":false},"excerpt":{"rendered":"<p>Hubo 40 techos volados y al menos 13 evacuados en la localidad bolivarense. El intendente Marcos Pisano celebr\u00f3 que no<\/p>\n","protected":false},"author":4,"featured_media":186930,"comment_status":"closed","ping_status":"closed","sticky":false,"template":"","format":"standard","meta":{"_jetpack_memberships_contains_paid_content":false,"footnotes":""},"categories":[6,1],"tags":[],"class_list":["post-186929","post","type-post","status-publish","format-standard","has-post-thumbnail","hentry","category-nacionales","category-portada"],"jetpack_featured_media_url":"https:\/\/i0.wp.com\/cdnoticias.com\/wp-content\/uploads\/2025\/11\/tormenta-urdampilleta-00.jpg?fit=1000%2C563&ssl=1","jetpack_sharing_enabled":true,"_links":{"self":[{"href":"https:\/\/cdnoticias.com\/index.php\/wp-json\/wp\/v2\/posts\/186929","targetHints":{"allow":["GET"]}}],"collection":[{"href":"https:\/\/cdnoticias.com\/index.php\/wp-json\/wp\/v2\/posts"}],"about":[{"href":"https:\/\/cdnoticias.com\/index.php\/wp-json\/wp\/v2\/types\/post"}],"author":[{"embeddable":true,"href":"https:\/\/cdnoticias.com\/index.php\/wp-json\/wp\/v2\/users\/4"}],"replies":[{"embeddable":true,"href":"https:\/\/cdnoticias.com\/index.php\/wp-json\/wp\/v2\/comments?post=186929"}],"version-history":[{"count":0,"href":"https:\/\/cdnoticias.com\/index.php\/wp-json\/wp\/v2\/posts\/186929\/revisions"}],"wp:featuredmedia":[{"embeddable":true,"href":"https:\/\/cdnoticias.com\/index.php\/wp-json\/wp\/v2\/media\/186930"}],"wp:attachment":[{"href":"https:\/\/cdnoticias.com\/index.php\/wp-json\/wp\/v2\/media?parent=186929"}],"wp:term":[{"taxonomy":"category","embeddable":true,"href":"https:\/\/cdnoticias.com\/index.php\/wp-json\/wp\/v2\/categories?post=186929"},{"taxonomy":"post_tag","embeddable":true,"href":"https:\/\/cdnoticias.com\/index.php\/wp-json\/wp\/v2\/tags?post=186929"}],"curies":[{"name":"wp","href":"https:\/\/api.w.org\/{rel}","templated":true}]}}