{"id":186896,"date":"2025-11-07T16:00:14","date_gmt":"2025-11-07T19:00:14","guid":{"rendered":"https:\/\/cdnoticias.com\/?p=186896"},"modified":"2025-11-07T18:00:24","modified_gmt":"2025-11-07T21:00:24","slug":"nueva-edicion-de-mercados-bonaerenses-con-productores-locales-3","status":"publish","type":"post","link":"https:\/\/cdnoticias.com\/index.php\/2025\/11\/07\/nueva-edicion-de-mercados-bonaerenses-con-productores-locales-3\/","title":{"rendered":"Nueva edici\u00f3n de \u201cMercados Bonaerenses\u201d con productores locales"},"content":{"rendered":"\n<p>Se llevar\u00e1 a cabo el pr\u00f3ximo s\u00e1bado 8 de noviembre, de 10:00 a 13:00 horas en Parque Mitre. Se solicita a los asistentes llevar bolsas para sus compras.<\/p>\n\n\n\n<hr class=\"wp-block-separator aligncenter has-alpha-channel-opacity\"\/>\n\n\n\n<p>El pr\u00f3ximo <strong>s\u00e1bado 8 de noviembre<\/strong> se llevar\u00e1 a cabo una <strong>nueva edici\u00f3n de Mercados Bonaerenses con productores locales.<\/strong>\u00a0La jornada ser\u00e1 de<strong> 10:00 a 13:00 <\/strong>horas, en el<strong> Parque Mitre,<\/strong> espec\u00edficamente en<strong> Necochea y Brown.\u00a0<\/strong><\/p>\n\n\n\n<p><\/p>\n\n\n\n<blockquote class=\"wp-block-quote is-layout-flow wp-block-quote-is-layout-flow\">\n<p>La feria contar\u00e1 con la participaci\u00f3n de productores locales entre los cuales se podr\u00e1n encontrar elaboraciones como: panificados dulces y salados, huevos de campo, bebidas, quesos, legumbres, cereales y harinas, o productos agroecol\u00f3gicos, plantas y plantines, miel, verduras y productos sin tacc, alfajores artesanales.<\/p>\n<\/blockquote>\n\n\n\n<p><\/p>\n\n\n\n<p>Se destac\u00f3 que esta vez <strong>no estar\u00e1n los camiones de pastas, l\u00e1cteos y pescados.<\/strong> Se solicita a los asistentes <strong>llevar bolsas para sus compras.<\/strong><\/p>\n\n\n\n<p><\/p>\n\n\n\n<p>El Programa \u201cMercados Bonaerenses\u201d pertenece al Ministerio de Desarrollo Agrario de la Provincia de Buenos Aires, promociona la producci\u00f3n y el consumo de Alimentos Bonaerenses acercando a productores, productoras, consumidores y consumidoras a trav\u00e9s de una red de ferias y mercados en toda la provincia de Buenos Aires.<\/p>\n\n\n\n<p><\/p>\n","protected":false},"excerpt":{"rendered":"<p>Se llevar\u00e1 a cabo el pr\u00f3ximo s\u00e1bado 8 de noviembre, de 10:00 a 13:00 horas en Parque Mitre. Se solicita<\/p>\n","protected":false},"author":6,"featured_media":134867,"comment_status":"closed","ping_status":"closed","sticky":false,"template":"","format":"standard","meta":{"_jetpack_memberships_contains_paid_content":false,"footnotes":""},"categories":[5,1],"tags":[],"class_list":["post-186896","post","type-post","status-publish","format-standard","has-post-thumbnail","hentry","category-informacion-general","category-portada"],"jetpack_featured_media_url":"https:\/\/i0.wp.com\/cdnoticias.com\/wp-content\/uploads\/2025\/01\/mercados-bonaerenses-enero-2025-2.jpg?fit=1072%2C597&ssl=1","jetpack_sharing_enabled":true,"_links":{"self":[{"href":"https:\/\/cdnoticias.com\/index.php\/wp-json\/wp\/v2\/posts\/186896","targetHints":{"allow":["GET"]}}],"collection":[{"href":"https:\/\/cdnoticias.com\/index.php\/wp-json\/wp\/v2\/posts"}],"about":[{"href":"https:\/\/cdnoticias.com\/index.php\/wp-json\/wp\/v2\/types\/post"}],"author":[{"embeddable":true,"href":"https:\/\/cdnoticias.com\/index.php\/wp-json\/wp\/v2\/users\/6"}],"replies":[{"embeddable":true,"href":"https:\/\/cdnoticias.com\/index.php\/wp-json\/wp\/v2\/comments?post=186896"}],"version-history":[{"count":0,"href":"https:\/\/cdnoticias.com\/index.php\/wp-json\/wp\/v2\/posts\/186896\/revisions"}],"wp:featuredmedia":[{"embeddable":true,"href":"https:\/\/cdnoticias.com\/index.php\/wp-json\/wp\/v2\/media\/134867"}],"wp:attachment":[{"href":"https:\/\/cdnoticias.com\/index.php\/wp-json\/wp\/v2\/media?parent=186896"}],"wp:term":[{"taxonomy":"category","embeddable":true,"href":"https:\/\/cdnoticias.com\/index.php\/wp-json\/wp\/v2\/categories?post=186896"},{"taxonomy":"post_tag","embeddable":true,"href":"https:\/\/cdnoticias.com\/index.php\/wp-json\/wp\/v2\/tags?post=186896"}],"curies":[{"name":"wp","href":"https:\/\/api.w.org\/{rel}","templated":true}]}}