{"id":186892,"date":"2025-11-03T18:30:09","date_gmt":"2025-11-03T21:30:09","guid":{"rendered":"https:\/\/cdnoticias.com\/?p=186892"},"modified":"2025-11-03T20:07:22","modified_gmt":"2025-11-03T23:07:22","slug":"el-gobierno-avanza-con-la-licitacion-para-concesionar-las-rutas-nacionales-3-5-y-205","status":"publish","type":"post","link":"https:\/\/cdnoticias.com\/index.php\/2025\/11\/03\/el-gobierno-avanza-con-la-licitacion-para-concesionar-las-rutas-nacionales-3-5-y-205\/","title":{"rendered":"El Gobierno avanza con la licitaci\u00f3n para concesionar las rutas nacionales 3, 5 y 205"},"content":{"rendered":"\n<p>La gesti\u00f3n nacional lanz\u00f3 una nueva licitaci\u00f3n para privatizar dos tramos de la Red Federal de Concesiones, que abarcan rutas clave del interior del pa\u00eds.<\/p>\n\n\n\n<hr class=\"wp-block-separator aligncenter has-alpha-channel-opacity\"\/>\n\n\n\n<p><strong>El Gobierno nacional <\/strong>dar\u00e1 un nuevo paso para la concesi\u00f3n de 1.900 kil\u00f3metros que integran la segunda etapa de la Red Federal de Concesiones, en el marco del plan que proyecta <strong>privatizar unos 9.000 kil\u00f3metros de rutas nacionales.<\/strong><\/p>\n\n\n\n<p><\/p>\n\n\n\n<p>El ministro de Econom\u00eda, Luis Caputo, confirm\u00f3 el lanzamiento de la licitaci\u00f3n p\u00fablica nacional e internacional para dos tramos de esta etapa. <strong>El primero es el Tramo Sur\u2013Atl\u00e1ntico\u2013Acceso Sur, de 1.325 kil\u00f3metros, que abarca las rutas nacionales 3 (615 km), 205 (254 km), 206 y las autopistas Riccheri, Newbery y Ezeiza\u2013Ca\u00f1uelas. El segundo es el Tramo Pampa, de 547 kil\u00f3metros, correspondiente a la ruta nacional 5 entre Luj\u00e1n y Santa Rosa. En total, son 1.872 kil\u00f3metros que pasar\u00e1n a gesti\u00f3n privada.<\/strong><\/p>\n\n\n\n<p><\/p>\n\n\n\n<blockquote class=\"wp-block-quote is-layout-flow wp-block-quote-is-layout-flow\">\n<p>Seg\u00fan expres\u00f3 Caputo en la red social X, la iniciativa busca \u201creemplazar un modelo deficitario por uno transparente, competitivo y sin subsidios del Tesoro\u201d, con el objetivo de modernizar la infraestructura vial y promover la inversi\u00f3n privada.<\/p>\n<\/blockquote>\n\n\n\n<p><\/p>\n\n\n\n<p>El 8 de octubre pasado se abrieron los sobres para la concesi\u00f3n de 741 kil\u00f3metros correspondientes a la etapa 1 de la Red Federal de Concesiones, que incluye las rutas nacionales 12, 14, 135, A-015, 117 y 174, en las provincias de Buenos Aires, Entre R\u00edos, Santa Fe y Corrientes. Esa primera etapa comprende el Tramo Oriental, conformado por la autov\u00eda del Mercosur de las rutas 12 y 14, y el Tramo Conexi\u00f3n, que re\u00fane caminos de accesos y el puente Rosario\u2013Victoria. La licitaci\u00f3n deb\u00eda iniciarse en diciembre \u00faltimo, pero los plazos se retrasaron por la crisis econ\u00f3mica.<\/p>\n\n\n\n<p><\/p>\n\n\n\n<p>A lo largo del pa\u00eds, <strong>vecinos han reclamado por el deterioro de las rutas, situaci\u00f3n que se profundiz\u00f3 por la falta de inversi\u00f3n del Gobierno de Javier Milei en obra p\u00fablica. En este contexto, la gesti\u00f3n avanzar\u00e1 con la licitaci\u00f3n de 9.000 kil\u00f3metros que representan el 20% de la red vial nacional y concentran el 80% del tr\u00e1nsito.<\/strong><\/p>\n","protected":false},"excerpt":{"rendered":"<p>La gesti\u00f3n nacional lanz\u00f3 una nueva licitaci\u00f3n para privatizar dos tramos de la Red Federal de Concesiones, que abarcan rutas<\/p>\n","protected":false},"author":2,"featured_media":186893,"comment_status":"closed","ping_status":"closed","sticky":false,"template":"","format":"standard","meta":{"_jetpack_memberships_contains_paid_content":false,"footnotes":""},"categories":[6,1],"tags":[],"class_list":["post-186892","post","type-post","status-publish","format-standard","has-post-thumbnail","hentry","category-nacionales","category-portada"],"jetpack_featured_media_url":"https:\/\/i0.wp.com\/cdnoticias.com\/wp-content\/uploads\/2025\/11\/ruta-3-obras.jpg?fit=893%2C549&ssl=1","jetpack_sharing_enabled":true,"_links":{"self":[{"href":"https:\/\/cdnoticias.com\/index.php\/wp-json\/wp\/v2\/posts\/186892","targetHints":{"allow":["GET"]}}],"collection":[{"href":"https:\/\/cdnoticias.com\/index.php\/wp-json\/wp\/v2\/posts"}],"about":[{"href":"https:\/\/cdnoticias.com\/index.php\/wp-json\/wp\/v2\/types\/post"}],"author":[{"embeddable":true,"href":"https:\/\/cdnoticias.com\/index.php\/wp-json\/wp\/v2\/users\/2"}],"replies":[{"embeddable":true,"href":"https:\/\/cdnoticias.com\/index.php\/wp-json\/wp\/v2\/comments?post=186892"}],"version-history":[{"count":0,"href":"https:\/\/cdnoticias.com\/index.php\/wp-json\/wp\/v2\/posts\/186892\/revisions"}],"wp:featuredmedia":[{"embeddable":true,"href":"https:\/\/cdnoticias.com\/index.php\/wp-json\/wp\/v2\/media\/186893"}],"wp:attachment":[{"href":"https:\/\/cdnoticias.com\/index.php\/wp-json\/wp\/v2\/media?parent=186892"}],"wp:term":[{"taxonomy":"category","embeddable":true,"href":"https:\/\/cdnoticias.com\/index.php\/wp-json\/wp\/v2\/categories?post=186892"},{"taxonomy":"post_tag","embeddable":true,"href":"https:\/\/cdnoticias.com\/index.php\/wp-json\/wp\/v2\/tags?post=186892"}],"curies":[{"name":"wp","href":"https:\/\/api.w.org\/{rel}","templated":true}]}}