{"id":186887,"date":"2025-11-03T17:07:19","date_gmt":"2025-11-03T20:07:19","guid":{"rendered":"https:\/\/cdnoticias.com\/?p=186887"},"modified":"2025-11-03T19:21:39","modified_gmt":"2025-11-03T22:21:39","slug":"un-olavarriense-fue-condenado-a-3-anos-de-prision-condicional-por-un-abuso-sexual-simple-agravado","status":"publish","type":"post","link":"https:\/\/cdnoticias.com\/index.php\/2025\/11\/03\/un-olavarriense-fue-condenado-a-3-anos-de-prision-condicional-por-un-abuso-sexual-simple-agravado\/","title":{"rendered":"Un olavarriense fue condenado a 3 a\u00f1os de prisi\u00f3n condicional por un abuso sexual simple agravado"},"content":{"rendered":"\n<p>Los hechos datan de 2022. La agrupaci\u00f3n Animate expres\u00f3 su malestar con la determinaci\u00f3n del Tribunal Oral en lo Criminal N\u00b01 de Azul.<\/p>\n\n\n\n<hr class=\"wp-block-separator aligncenter has-alpha-channel-opacity\"\/>\n\n\n\n<p>En los \u00faltimos d\u00edas, <strong>el Tribunal Oral en lo Criminal N\u00b01 de Azul conden\u00f3 a un olavarriense a 3 a\u00f1os de prisi\u00f3n de ejecuci\u00f3n condicional por un abuso sexual simple agravado.<\/strong><\/p>\n\n\n\n<p><\/p>\n\n\n\n<blockquote class=\"wp-block-quote is-layout-flow wp-block-quote-is-layout-flow\">\n<p>As\u00ed lo dio a conocer la agrupaci\u00f3n Animate, que expres\u00f3 su malestar por la decisi\u00f3n de los jueces ya que no cumplir\u00e1 la condena en una c\u00e1rcel \u201ccomo corresponde\u201d y \u201cs\u00f3lo tendr\u00e1 que firmar en patronato deliberado y cumplir con perimetral hacia la v\u00edctima\u201d.<\/p>\n<\/blockquote>\n\n\n\n<p><\/p>\n\n\n\n<p>La causa por la que fue condenado el olavarriense est\u00e1 caratulada como <em><strong>\u201cAbuso sexual simple agravado por ser cometido contra un menor de edad aprovechando la situaci\u00f3n de convivencia preexistente y por encontrarse la v\u00edctima bajo su guarda\u201d.<\/strong><\/em><\/p>\n\n\n\n<p><\/p>\n\n\n\n<p>Adem\u00e1s, deber\u00e1n obtener muestras o evidencias biol\u00f3gicas para<strong> ser inscripto en el Registro Nacional de Datos Vinculados a los delitos contra la integridad sexual.<\/strong><\/p>\n\n\n\n<p><\/p>\n\n\n\n<p>Los hechos fueron acreditados en <strong>enero de 2022, causa que finalmente fue elevada a juicio este a\u00f1o y que tuvo una condena de prisi\u00f3n condicional.<\/strong><\/p>\n","protected":false},"excerpt":{"rendered":"<p>Los hechos datan de 2022. La agrupaci\u00f3n Animate expres\u00f3 su malestar con la determinaci\u00f3n del Tribunal Oral en lo Criminal<\/p>\n","protected":false},"author":2,"featured_media":12885,"comment_status":"closed","ping_status":"closed","sticky":false,"template":"","format":"standard","meta":{"_jetpack_memberships_contains_paid_content":false,"footnotes":""},"categories":[14,1],"tags":[],"class_list":["post-186887","post","type-post","status-publish","format-standard","has-post-thumbnail","hentry","category-policiales","category-portada"],"jetpack_featured_media_url":"https:\/\/i0.wp.com\/cdnoticias.com\/wp-content\/uploads\/2021\/02\/tribunales-e1748092128270.jpg?fit=791%2C417&ssl=1","jetpack_sharing_enabled":true,"_links":{"self":[{"href":"https:\/\/cdnoticias.com\/index.php\/wp-json\/wp\/v2\/posts\/186887","targetHints":{"allow":["GET"]}}],"collection":[{"href":"https:\/\/cdnoticias.com\/index.php\/wp-json\/wp\/v2\/posts"}],"about":[{"href":"https:\/\/cdnoticias.com\/index.php\/wp-json\/wp\/v2\/types\/post"}],"author":[{"embeddable":true,"href":"https:\/\/cdnoticias.com\/index.php\/wp-json\/wp\/v2\/users\/2"}],"replies":[{"embeddable":true,"href":"https:\/\/cdnoticias.com\/index.php\/wp-json\/wp\/v2\/comments?post=186887"}],"version-history":[{"count":0,"href":"https:\/\/cdnoticias.com\/index.php\/wp-json\/wp\/v2\/posts\/186887\/revisions"}],"wp:featuredmedia":[{"embeddable":true,"href":"https:\/\/cdnoticias.com\/index.php\/wp-json\/wp\/v2\/media\/12885"}],"wp:attachment":[{"href":"https:\/\/cdnoticias.com\/index.php\/wp-json\/wp\/v2\/media?parent=186887"}],"wp:term":[{"taxonomy":"category","embeddable":true,"href":"https:\/\/cdnoticias.com\/index.php\/wp-json\/wp\/v2\/categories?post=186887"},{"taxonomy":"post_tag","embeddable":true,"href":"https:\/\/cdnoticias.com\/index.php\/wp-json\/wp\/v2\/tags?post=186887"}],"curies":[{"name":"wp","href":"https:\/\/api.w.org\/{rel}","templated":true}]}}