{"id":186880,"date":"2025-11-03T18:01:17","date_gmt":"2025-11-03T21:01:17","guid":{"rendered":"https:\/\/cdnoticias.com\/?p=186880"},"modified":"2025-11-03T18:01:19","modified_gmt":"2025-11-03T21:01:19","slug":"se-desarrollo-la-jornada-menos-residuos-mas-salud-en-barrio-trabajadores","status":"publish","type":"post","link":"https:\/\/cdnoticias.com\/index.php\/2025\/11\/03\/se-desarrollo-la-jornada-menos-residuos-mas-salud-en-barrio-trabajadores\/","title":{"rendered":"Se desarroll\u00f3 la jornada \u201cMenos residuos, m\u00e1s salud\u201d en barrio Trabajadores"},"content":{"rendered":"\n<p>El objetivo fue promover una adecuada gesti\u00f3n de los residuos domiciliarios, en conjunto con los vecinos y vecinas de la comunidad.<\/p>\n\n\n\n<hr class=\"wp-block-separator aligncenter has-alpha-channel-opacity\"\/>\n\n\n\n<p>El pasado viernes 31 de octubre se llev\u00f3 adelante la\u00a0 jornada <strong>\u201cMenos residuos, m\u00e1s salud<\/strong>\u201d, en <strong>barrio Trabajadores<\/strong>, en el programa municipal Mesas de Gesti\u00f3n Territorial.<\/p>\n\n\n\n<p><\/p>\n\n\n\n<blockquote class=\"wp-block-quote is-layout-flow wp-block-quote-is-layout-flow\">\n<p>Estuvo organizada por los servicios municipales, instituciones educativas y organismos que se encuentran trabajando en los barrios Lourdes, Pro Casa, El Progreso, 4 de octubre, 12 de octubre, Trabajadores, Acupo III, 86 viviendas, Acupo II y Sarmiento.<\/p>\n<\/blockquote>\n\n\n\n<p><\/p>\n\n\n\n<p>El objetivo de la jornada fue <strong>promover una adecuada gesti\u00f3n de los residuos domiciliarios<\/strong>, en conjunto con los vecinos y vecinas de la comunidad.<\/p>\n\n\n\n<p><\/p>\n\n\n\n<p>En el barrio Trabajadores se desarrollaron distintas actividades, que incluyeron una<strong> jornada de reciclado, <\/strong>a cargo de promotoras ambientales de Viento, con la <strong>recepci\u00f3n de distintos materiales<\/strong> (papeles, cart\u00f3n, botellas de pl\u00e1stico, envases tetrabrik o aluminio).<\/p>\n\n\n\n<p><\/p>\n\n\n\n<figure class=\"wp-block-image aligncenter size-full\"><img data-recalc-dims=\"1\" loading=\"lazy\" decoding=\"async\" width=\"800\" height=\"463\" src=\"https:\/\/i0.wp.com\/cdnoticias.com\/wp-content\/uploads\/2025\/11\/menosresiduosjornada2.jpg?resize=800%2C463&#038;ssl=1\" alt=\"\" class=\"wp-image-186881\" srcset=\"https:\/\/i0.wp.com\/cdnoticias.com\/wp-content\/uploads\/2025\/11\/menosresiduosjornada2.jpg?w=900&amp;ssl=1 900w, https:\/\/i0.wp.com\/cdnoticias.com\/wp-content\/uploads\/2025\/11\/menosresiduosjornada2.jpg?resize=300%2C174&amp;ssl=1 300w, https:\/\/i0.wp.com\/cdnoticias.com\/wp-content\/uploads\/2025\/11\/menosresiduosjornada2.jpg?resize=768%2C445&amp;ssl=1 768w\" sizes=\"auto, (max-width: 800px) 100vw, 800px\" \/><\/figure>\n\n\n\n<p><\/p>\n\n\n\n<blockquote class=\"wp-block-quote is-layout-flow wp-block-quote-is-layout-flow\">\n<p>Tambi\u00e9n se llev\u00f3 a cabo una encuesta casa por casa del barrio Trabajadores, que estuvo a cargo de estudiantes y docentes de la Facultad de Ingenier\u00eda y la Escuela Secundaria 18.<\/p>\n<\/blockquote>\n\n\n\n<p><\/p>\n\n\n\n<p>Como parte de la propuesta se realiz\u00f3 la <strong>entrega de folleter\u00eda informativa <\/strong>sobre modalidad, d\u00edas y horarios de la recolecci\u00f3n de residuos s\u00f3lidos urbanos.<\/p>\n\n\n\n<p><\/p>\n\n\n\n<p>Por \u00faltimo, se llev\u00f3 a cabo una<strong> muestra de proyectos educativos <\/strong>de distintas tem\u00e1ticas, tales como: Proyecto \u201cPatitas\u201d sobre reciclaje y <strong>tenencia responsable de mascotas,<\/strong> macetas con yerba reciclada, compost, macetas y maceteros con material reciclado.<\/p>\n\n\n\n<p><\/p>\n","protected":false},"excerpt":{"rendered":"<p>El objetivo fue promover una adecuada gesti\u00f3n de los residuos domiciliarios, en conjunto con los vecinos y vecinas de la<\/p>\n","protected":false},"author":6,"featured_media":186882,"comment_status":"closed","ping_status":"closed","sticky":false,"template":"","format":"standard","meta":{"_jetpack_memberships_contains_paid_content":false,"footnotes":""},"categories":[5,1],"tags":[],"class_list":["post-186880","post","type-post","status-publish","format-standard","has-post-thumbnail","hentry","category-informacion-general","category-portada"],"jetpack_featured_media_url":"https:\/\/i0.wp.com\/cdnoticias.com\/wp-content\/uploads\/2025\/11\/menosresiduosjornada1.png?fit=900%2C503&ssl=1","jetpack_sharing_enabled":true,"_links":{"self":[{"href":"https:\/\/cdnoticias.com\/index.php\/wp-json\/wp\/v2\/posts\/186880","targetHints":{"allow":["GET"]}}],"collection":[{"href":"https:\/\/cdnoticias.com\/index.php\/wp-json\/wp\/v2\/posts"}],"about":[{"href":"https:\/\/cdnoticias.com\/index.php\/wp-json\/wp\/v2\/types\/post"}],"author":[{"embeddable":true,"href":"https:\/\/cdnoticias.com\/index.php\/wp-json\/wp\/v2\/users\/6"}],"replies":[{"embeddable":true,"href":"https:\/\/cdnoticias.com\/index.php\/wp-json\/wp\/v2\/comments?post=186880"}],"version-history":[{"count":0,"href":"https:\/\/cdnoticias.com\/index.php\/wp-json\/wp\/v2\/posts\/186880\/revisions"}],"wp:featuredmedia":[{"embeddable":true,"href":"https:\/\/cdnoticias.com\/index.php\/wp-json\/wp\/v2\/media\/186882"}],"wp:attachment":[{"href":"https:\/\/cdnoticias.com\/index.php\/wp-json\/wp\/v2\/media?parent=186880"}],"wp:term":[{"taxonomy":"category","embeddable":true,"href":"https:\/\/cdnoticias.com\/index.php\/wp-json\/wp\/v2\/categories?post=186880"},{"taxonomy":"post_tag","embeddable":true,"href":"https:\/\/cdnoticias.com\/index.php\/wp-json\/wp\/v2\/tags?post=186880"}],"curies":[{"name":"wp","href":"https:\/\/api.w.org\/{rel}","templated":true}]}}