{"id":186878,"date":"2025-11-04T08:27:33","date_gmt":"2025-11-04T11:27:33","guid":{"rendered":"https:\/\/cdnoticias.com\/?p=186878"},"modified":"2025-11-04T08:27:35","modified_gmt":"2025-11-04T11:27:35","slug":"la-biblioteca-armando-collinet-abre-convocatoria-para-talleristas-2026","status":"publish","type":"post","link":"https:\/\/cdnoticias.com\/index.php\/2025\/11\/04\/la-biblioteca-armando-collinet-abre-convocatoria-para-talleristas-2026\/","title":{"rendered":"La Biblioteca Armando Collinet abre convocatoria para talleristas 2026"},"content":{"rendered":"\n<p>El objetivo es sumar nuevas propuestas de talleres y seminarios.<\/p>\n\n\n\n<hr class=\"wp-block-separator aligncenter has-alpha-channel-opacity\"\/>\n\n\n\n<p>La B<strong>iblioteca Popular Armando Collinet<\/strong> inform\u00f3 que <strong>est\u00e1 abierta la convocatoria para la presentaci\u00f3n de propuestas de talleres y seminarios.<\/strong> El objetivo es sumar nuevos proyectos para el a\u00f1o 2026.<\/p>\n\n\n\n<p><\/p>\n\n\n\n<blockquote class=\"wp-block-quote is-layout-flow wp-block-quote-is-layout-flow\">\n<p>La invitaci\u00f3n est\u00e1 dirigida a docentes, talleristas, profesionales, artistas, especialistas en oficios, disciplinas culturales, educativas o recreativas que deseen compartir sus conocimientos en la instituci\u00f3n.<\/p>\n<\/blockquote>\n\n\n\n<p><\/p>\n\n\n\n<p>Desde la biblioteca se\u00f1alan que <em>\u201cuno de los objetivos es continuar fortaleciendo la oferta cultural y formativa de la instituci\u00f3n, promoviendo propuestas accesibles, diversas y de calidad para la comunidad\u201d .<\/em> De esta manera, quienes est\u00e9n interesados en brindar talleres, podr\u00e1n <strong>solicitar informaci\u00f3n sobre los requisitos y condiciones<\/strong> para la presentaci\u00f3n de proyectos.<\/p>\n\n\n\n<p><\/p>\n\n\n\n<p>Las personas interesadas pueden comunicarse a trav\u00e9s del <strong>WhatsApp 2284-545589<\/strong>, mediante las redes sociales @biblioarmandocollinet en Instagram y Biblioteca Popular Armando Collinet por Facebook. Tambi\u00e9n mediante el correo electr\u00f3nico <em>biblioarmandocollinetredes@gmail.com<\/em> . En caso de desear acercarse de manera presencial, podr\u00e1n hacerlo <strong>de lunes a viernes de 9 a 12 y de 14 a 18 horas<\/strong>.<\/p>\n\n\n\n<p><\/p>\n","protected":false},"excerpt":{"rendered":"<p>El objetivo es sumar nuevas propuestas de talleres y seminarios. La Biblioteca Popular Armando Collinet inform\u00f3 que est\u00e1 abierta la<\/p>\n","protected":false},"author":6,"featured_media":115700,"comment_status":"closed","ping_status":"closed","sticky":false,"template":"","format":"standard","meta":{"_jetpack_memberships_contains_paid_content":false,"footnotes":""},"categories":[9,1],"tags":[],"class_list":["post-186878","post","type-post","status-publish","format-standard","has-post-thumbnail","hentry","category-cultura","category-portada"],"jetpack_featured_media_url":"https:\/\/i0.wp.com\/cdnoticias.com\/wp-content\/uploads\/2024\/05\/Biblioteca-Popular-Armando-Collinet.jpeg?fit=800%2C450&ssl=1","jetpack_sharing_enabled":true,"_links":{"self":[{"href":"https:\/\/cdnoticias.com\/index.php\/wp-json\/wp\/v2\/posts\/186878","targetHints":{"allow":["GET"]}}],"collection":[{"href":"https:\/\/cdnoticias.com\/index.php\/wp-json\/wp\/v2\/posts"}],"about":[{"href":"https:\/\/cdnoticias.com\/index.php\/wp-json\/wp\/v2\/types\/post"}],"author":[{"embeddable":true,"href":"https:\/\/cdnoticias.com\/index.php\/wp-json\/wp\/v2\/users\/6"}],"replies":[{"embeddable":true,"href":"https:\/\/cdnoticias.com\/index.php\/wp-json\/wp\/v2\/comments?post=186878"}],"version-history":[{"count":0,"href":"https:\/\/cdnoticias.com\/index.php\/wp-json\/wp\/v2\/posts\/186878\/revisions"}],"wp:featuredmedia":[{"embeddable":true,"href":"https:\/\/cdnoticias.com\/index.php\/wp-json\/wp\/v2\/media\/115700"}],"wp:attachment":[{"href":"https:\/\/cdnoticias.com\/index.php\/wp-json\/wp\/v2\/media?parent=186878"}],"wp:term":[{"taxonomy":"category","embeddable":true,"href":"https:\/\/cdnoticias.com\/index.php\/wp-json\/wp\/v2\/categories?post=186878"},{"taxonomy":"post_tag","embeddable":true,"href":"https:\/\/cdnoticias.com\/index.php\/wp-json\/wp\/v2\/tags?post=186878"}],"curies":[{"name":"wp","href":"https:\/\/api.w.org\/{rel}","templated":true}]}}