{"id":186867,"date":"2025-11-03T20:00:37","date_gmt":"2025-11-03T23:00:37","guid":{"rendered":"https:\/\/cdnoticias.com\/?p=186867"},"modified":"2025-11-04T09:55:46","modified_gmt":"2025-11-04T12:55:46","slug":"nuevos-profesionales-de-la-carrera-de-medicina-en-la-facultad-de-ciencias-de-la-salud","status":"publish","type":"post","link":"https:\/\/cdnoticias.com\/index.php\/2025\/11\/03\/nuevos-profesionales-de-la-carrera-de-medicina-en-la-facultad-de-ciencias-de-la-salud\/","title":{"rendered":"Nuevos profesionales de la carrera de Medicina en la Facultad de Ciencias de la Salud"},"content":{"rendered":"<p>Este s\u00e1bado se llev\u00f3 a cabo la evaluaci\u00f3n final de la Pr\u00e1ctica Final Obligatoria (PFO) en la que 20 estudiantes culminaron su trayectoria acad\u00e9mica.<!--more--><\/p>\n<hr \/>\n<p>Este s\u00e1bado se llev\u00f3 a cabo la<strong> evaluaci\u00f3n final de la Pr\u00e1ctica Final Obligatoria (PFO) de la carrera de Medicina<\/strong> en la Facultad de Ciencias de la Salud de la UNICEN, una instancia clave que marca el<strong> cierre del proceso formativo de los futuros profesionales<\/strong>.<\/p>\n<p>\u00a0<\/p>\n<p>En esta oportunidad, <strong>20 estudiantes culminaron su trayectoria acad\u00e9mica<\/strong> y se convirtieron en<strong> nuevos y nuevas m\u00e9dicas<\/strong> de la Universidad Nacional del Centro de la Provincia de Buenos Aires.<\/p>\n<p>\u00a0<\/p>\n<p><img data-recalc-dims=\"1\" loading=\"lazy\" decoding=\"async\" class=\"alignnone size-full wp-image-186872 aligncenter\" src=\"https:\/\/i0.wp.com\/cdnoticias.com\/wp-content\/uploads\/2025\/11\/egresados-facultad-de-ciencias-de-la-salud-2.jpeg?resize=800%2C445&#038;ssl=1\" alt=\"\" width=\"800\" height=\"445\" srcset=\"https:\/\/i0.wp.com\/cdnoticias.com\/wp-content\/uploads\/2025\/11\/egresados-facultad-de-ciencias-de-la-salud-2.jpeg?w=1000&amp;ssl=1 1000w, https:\/\/i0.wp.com\/cdnoticias.com\/wp-content\/uploads\/2025\/11\/egresados-facultad-de-ciencias-de-la-salud-2.jpeg?resize=300%2C167&amp;ssl=1 300w, https:\/\/i0.wp.com\/cdnoticias.com\/wp-content\/uploads\/2025\/11\/egresados-facultad-de-ciencias-de-la-salud-2.jpeg?resize=768%2C427&amp;ssl=1 768w, https:\/\/i0.wp.com\/cdnoticias.com\/wp-content\/uploads\/2025\/11\/egresados-facultad-de-ciencias-de-la-salud-2.jpeg?resize=800%2C445&amp;ssl=1 800w\" sizes=\"auto, (max-width: 800px) 100vw, 800px\" \/><\/p>\n<p>\u00a0<\/p>\n<blockquote>\n<p>Las y los flamantes egresados son: Alejandra In\u00e9s Acu\u00f1a, Alanis Eloisa Asua, Mat\u00edas Alejandro Bertini, Fiorella Bianchi, I\u00f1aki Bilbao, Mail\u00e9n Coria, Mar\u00eda Paula Coronel, M\u00e1ximo de Tezano Pintos, Gabriel Ezequiel Di Campli, Bernardita Echegaray, Mariano Ezequiel Emiliozzi, Juli\u00e1n Ferster, Josefina Haritrchet, Nieves Luj\u00e1n, Tali Abigail Mariezcurrena, Mar\u00eda Brisa Mozes, Daiana Solange Rizzo, Eugenia Santero, Julia V\u00e1squez y Angelina Vega.<\/p>\n<\/blockquote>\n<p>\u00a0<\/p>\n<p>La evaluaci\u00f3n se realiz\u00f3 mediante el sistema <strong>ECOE (Examen Cl\u00ednico Objetivo Estructurado)<\/strong>, una metodolog\u00eda reconocida internacionalmente que permite <strong>valorar de manera integral los conocimientos te\u00f3ricos, las habilidades cl\u00ednicas y las actitudes profesionales<\/strong> de cada estudiante.<\/p>\n<p>\u00a0<\/p>\n<p><img data-recalc-dims=\"1\" loading=\"lazy\" decoding=\"async\" class=\"alignnone size-full wp-image-186873\" src=\"https:\/\/i0.wp.com\/cdnoticias.com\/wp-content\/uploads\/2025\/11\/egresados-facultad-de-ciencias-de-la-salud-1.jpeg?resize=800%2C445&#038;ssl=1\" alt=\"\" width=\"800\" height=\"445\" srcset=\"https:\/\/i0.wp.com\/cdnoticias.com\/wp-content\/uploads\/2025\/11\/egresados-facultad-de-ciencias-de-la-salud-1.jpeg?w=1000&amp;ssl=1 1000w, https:\/\/i0.wp.com\/cdnoticias.com\/wp-content\/uploads\/2025\/11\/egresados-facultad-de-ciencias-de-la-salud-1.jpeg?resize=300%2C167&amp;ssl=1 300w, https:\/\/i0.wp.com\/cdnoticias.com\/wp-content\/uploads\/2025\/11\/egresados-facultad-de-ciencias-de-la-salud-1.jpeg?resize=768%2C427&amp;ssl=1 768w, https:\/\/i0.wp.com\/cdnoticias.com\/wp-content\/uploads\/2025\/11\/egresados-facultad-de-ciencias-de-la-salud-1.jpeg?resize=800%2C445&amp;ssl=1 800w\" sizes=\"auto, (max-width: 800px) 100vw, 800px\" \/><\/p>\n<p>\u00a0<\/p>\n<blockquote>\n<p>Durante la jornada, distintos espacios de la Facultad se transformaron en consultorios, donde las y los estudiantes resolvieron casos cl\u00ednicos con la participaci\u00f3n de actores y actrices que interpretaron a pacientes, generando un entorno realista y controlado que simula la pr\u00e1ctica profesional.<\/p>\n<\/blockquote>\n<p>\u00a0<\/p>\n<p>&#8220;<em>Desde la Facultad de Ciencias de la Salud, se felicita a las y los nuevos profesionales por este importante logro y se reafirma el compromiso institucional con una formaci\u00f3n integral, inclusiva y de calidad, que contribuye al fortalecimiento del sistema de salud y al bienestar de la comunidad<\/em>&#8221; comunic\u00f3 la instituci\u00f3n educativa.<\/p>\n\n\n<p><\/p>\n","protected":false},"excerpt":{"rendered":"<p>Este s\u00e1bado se llev\u00f3 a cabo la evaluaci\u00f3n final de la Pr\u00e1ctica Final Obligatoria (PFO) en la que 20 estudiantes<\/p>\n","protected":false},"author":4,"featured_media":186871,"comment_status":"closed","ping_status":"closed","sticky":false,"template":"","format":"standard","meta":{"_jetpack_memberships_contains_paid_content":false,"footnotes":""},"categories":[5,1],"tags":[],"class_list":["post-186867","post","type-post","status-publish","format-standard","has-post-thumbnail","hentry","category-informacion-general","category-portada"],"jetpack_featured_media_url":"https:\/\/i0.wp.com\/cdnoticias.com\/wp-content\/uploads\/2025\/11\/egresados-facultad-de-ciencias-de-la-salud-3.jpeg?fit=1000%2C556&ssl=1","jetpack_sharing_enabled":true,"_links":{"self":[{"href":"https:\/\/cdnoticias.com\/index.php\/wp-json\/wp\/v2\/posts\/186867","targetHints":{"allow":["GET"]}}],"collection":[{"href":"https:\/\/cdnoticias.com\/index.php\/wp-json\/wp\/v2\/posts"}],"about":[{"href":"https:\/\/cdnoticias.com\/index.php\/wp-json\/wp\/v2\/types\/post"}],"author":[{"embeddable":true,"href":"https:\/\/cdnoticias.com\/index.php\/wp-json\/wp\/v2\/users\/4"}],"replies":[{"embeddable":true,"href":"https:\/\/cdnoticias.com\/index.php\/wp-json\/wp\/v2\/comments?post=186867"}],"version-history":[{"count":0,"href":"https:\/\/cdnoticias.com\/index.php\/wp-json\/wp\/v2\/posts\/186867\/revisions"}],"wp:featuredmedia":[{"embeddable":true,"href":"https:\/\/cdnoticias.com\/index.php\/wp-json\/wp\/v2\/media\/186871"}],"wp:attachment":[{"href":"https:\/\/cdnoticias.com\/index.php\/wp-json\/wp\/v2\/media?parent=186867"}],"wp:term":[{"taxonomy":"category","embeddable":true,"href":"https:\/\/cdnoticias.com\/index.php\/wp-json\/wp\/v2\/categories?post=186867"},{"taxonomy":"post_tag","embeddable":true,"href":"https:\/\/cdnoticias.com\/index.php\/wp-json\/wp\/v2\/tags?post=186867"}],"curies":[{"name":"wp","href":"https:\/\/api.w.org\/{rel}","templated":true}]}}