{"id":186852,"date":"2025-11-03T12:01:17","date_gmt":"2025-11-03T15:01:17","guid":{"rendered":"https:\/\/cdnoticias.com\/?p=186852"},"modified":"2025-11-03T17:07:39","modified_gmt":"2025-11-03T20:07:39","slug":"sierras-bayas-celebro-su-146-aniversario-con-gran-participacion-y-una-jornada-a-pleno-sol","status":"publish","type":"post","link":"https:\/\/cdnoticias.com\/index.php\/2025\/11\/03\/sierras-bayas-celebro-su-146-aniversario-con-gran-participacion-y-una-jornada-a-pleno-sol\/","title":{"rendered":"Sierras Bayas celebr\u00f3 su 146\u00b0 aniversario con gran participaci\u00f3n y una jornada a pleno sol"},"content":{"rendered":"\n<p>El intendente Maximiliano Wesner encabez\u00f3 el tradicional corte de tortas y entreg\u00f3 reconocimientos a vecinos destacados. Hubo m\u00fasica, propuestas recreativas y actividades culturales durante todo el domingo.<\/p>\n\n\n\n<hr class=\"wp-block-separator has-alpha-channel-opacity\"\/>\n\n\n\n<p>La localidad de Sierras Bayas celebr\u00f3 este domingo su 146\u00ba aniversario con un festejo multitudinario que reuni\u00f3 a vecinos y visitantes bajo un clima ideal. El evento se desarroll\u00f3 desde el mediod\u00eda y se extendi\u00f3 hasta la noche, con un amplio cronograma de <strong>actividades art\u00edsticas, gastron\u00f3micas y culturales.<\/strong><\/p>\n\n\n\n<p><\/p>\n\n\n\n<p>Las celebraciones comenzaron con la habilitaci\u00f3n de los puestos gastron\u00f3micos sobre la avenida Rivadavia, frente a la bicisenda Javier Ouda, donde se instal\u00f3 el escenario principal. <strong>Adem\u00e1s, se montaron numerosos stands de artesanos y emprendedores, que ofrecieron productos locales.<\/strong><\/p>\n\n\n\n<p><\/p>\n\n\n\n<p>Pasadas las 15 horas se iniciaron las presentaciones art\u00edsticas y musicales, mientras los asistentes se congregaban con reposeras y mates en los espacios verdes. <strong>La concurrencia fue constante durante toda la jornada, favorecida por una tarde soleada y agradable.<\/strong><\/p>\n\n\n\n<p><\/p>\n\n\n\n<p>El momento central lleg\u00f3 minutos despu\u00e9s de las 18, con el tradicional<strong> corte de la torta de cumplea\u00f1os, encabezado por el intendente Maximiliano Wesner, acompa\u00f1ado por el delegado municipal Alejandro Pereira y referentes institucionales de la comunidad.<\/strong><\/p>\n\n\n\n<p><\/p>\n\n\n\n<p>\u201cEs hermoso poder encontrarnos y celebrar en familia, como nos gusta en nuestras localidades\u201d, expres\u00f3 el jefe comunal.<\/p>\n\n\n\n<p><\/p>\n\n\n\n<blockquote class=\"wp-block-quote is-layout-flow wp-block-quote-is-layout-flow\">\n<p>Wesner destac\u00f3 adem\u00e1s el trabajo conjunto de las \u00e1reas municipales con las instituciones y la comunidad: \u201ceste festejo lo hacemos entre todos. Esta comunidad es un reflejo de nuestro Partido, por su producci\u00f3n, su cultura, su deporte y su educaci\u00f3n\u201d, afirm\u00f3.<\/p>\n<\/blockquote>\n\n\n\n<p><\/p>\n\n\n\n<div class=\"wp-block-jetpack-slideshow aligncenter\" data-effect=\"slide\" style=\"--aspect-ratio:calc(800 \/ 532)\"><div class=\"wp-block-jetpack-slideshow_container swiper\"><ul class=\"wp-block-jetpack-slideshow_swiper-wrapper swiper-wrapper\"><li class=\"wp-block-jetpack-slideshow_slide swiper-slide\"><figure><img data-recalc-dims=\"1\" loading=\"lazy\" decoding=\"async\" width=\"800\" height=\"532\" alt=\"\" class=\"wp-block-jetpack-slideshow_image wp-image-186859\" data-id=\"186859\" data-aspect-ratio=\"800 \/ 532\" src=\"https:\/\/i0.wp.com\/cdnoticias.com\/wp-content\/uploads\/2025\/11\/Aniversario-146-Sierras-Bayas-web-55.jpg?resize=800%2C532&#038;ssl=1\" srcset=\"https:\/\/i0.wp.com\/cdnoticias.com\/wp-content\/uploads\/2025\/11\/Aniversario-146-Sierras-Bayas-web-55.jpg?resize=1024%2C681&amp;ssl=1 1024w, https:\/\/i0.wp.com\/cdnoticias.com\/wp-content\/uploads\/2025\/11\/Aniversario-146-Sierras-Bayas-web-55.jpg?resize=300%2C200&amp;ssl=1 300w, https:\/\/i0.wp.com\/cdnoticias.com\/wp-content\/uploads\/2025\/11\/Aniversario-146-Sierras-Bayas-web-55.jpg?resize=768%2C511&amp;ssl=1 768w, https:\/\/i0.wp.com\/cdnoticias.com\/wp-content\/uploads\/2025\/11\/Aniversario-146-Sierras-Bayas-web-55.jpg?resize=272%2C182&amp;ssl=1 272w, https:\/\/i0.wp.com\/cdnoticias.com\/wp-content\/uploads\/2025\/11\/Aniversario-146-Sierras-Bayas-web-55.jpg?w=1400&amp;ssl=1 1400w\" sizes=\"(max-width: 800px) 100vw, 800px\" \/><\/figure><\/li><li class=\"wp-block-jetpack-slideshow_slide swiper-slide\"><figure><img data-recalc-dims=\"1\" loading=\"lazy\" decoding=\"async\" width=\"800\" height=\"532\" alt=\"\" class=\"wp-block-jetpack-slideshow_image wp-image-186856\" data-id=\"186856\" data-aspect-ratio=\"800 \/ 532\" src=\"https:\/\/i0.wp.com\/cdnoticias.com\/wp-content\/uploads\/2025\/11\/Aniversario-146-Sierras-Bayas-web-51.jpg?resize=800%2C532&#038;ssl=1\" srcset=\"https:\/\/i0.wp.com\/cdnoticias.com\/wp-content\/uploads\/2025\/11\/Aniversario-146-Sierras-Bayas-web-51.jpg?resize=1024%2C681&amp;ssl=1 1024w, https:\/\/i0.wp.com\/cdnoticias.com\/wp-content\/uploads\/2025\/11\/Aniversario-146-Sierras-Bayas-web-51.jpg?resize=300%2C200&amp;ssl=1 300w, https:\/\/i0.wp.com\/cdnoticias.com\/wp-content\/uploads\/2025\/11\/Aniversario-146-Sierras-Bayas-web-51.jpg?resize=768%2C511&amp;ssl=1 768w, https:\/\/i0.wp.com\/cdnoticias.com\/wp-content\/uploads\/2025\/11\/Aniversario-146-Sierras-Bayas-web-51.jpg?resize=272%2C182&amp;ssl=1 272w, https:\/\/i0.wp.com\/cdnoticias.com\/wp-content\/uploads\/2025\/11\/Aniversario-146-Sierras-Bayas-web-51.jpg?w=1400&amp;ssl=1 1400w\" sizes=\"(max-width: 800px) 100vw, 800px\" \/><\/figure><\/li><li class=\"wp-block-jetpack-slideshow_slide swiper-slide\"><figure><img data-recalc-dims=\"1\" loading=\"lazy\" decoding=\"async\" width=\"800\" height=\"532\" alt=\"\" class=\"wp-block-jetpack-slideshow_image wp-image-186857\" data-id=\"186857\" data-aspect-ratio=\"800 \/ 532\" src=\"https:\/\/i0.wp.com\/cdnoticias.com\/wp-content\/uploads\/2025\/11\/Aniversario-146-Sierras-Bayas-web-53.jpg?resize=800%2C532&#038;ssl=1\" srcset=\"https:\/\/i0.wp.com\/cdnoticias.com\/wp-content\/uploads\/2025\/11\/Aniversario-146-Sierras-Bayas-web-53.jpg?resize=1024%2C681&amp;ssl=1 1024w, https:\/\/i0.wp.com\/cdnoticias.com\/wp-content\/uploads\/2025\/11\/Aniversario-146-Sierras-Bayas-web-53.jpg?resize=300%2C200&amp;ssl=1 300w, https:\/\/i0.wp.com\/cdnoticias.com\/wp-content\/uploads\/2025\/11\/Aniversario-146-Sierras-Bayas-web-53.jpg?resize=768%2C511&amp;ssl=1 768w, https:\/\/i0.wp.com\/cdnoticias.com\/wp-content\/uploads\/2025\/11\/Aniversario-146-Sierras-Bayas-web-53.jpg?resize=272%2C182&amp;ssl=1 272w, https:\/\/i0.wp.com\/cdnoticias.com\/wp-content\/uploads\/2025\/11\/Aniversario-146-Sierras-Bayas-web-53.jpg?w=1400&amp;ssl=1 1400w\" sizes=\"(max-width: 800px) 100vw, 800px\" \/><\/figure><\/li><li class=\"wp-block-jetpack-slideshow_slide swiper-slide\"><figure><img data-recalc-dims=\"1\" loading=\"lazy\" decoding=\"async\" width=\"800\" height=\"532\" alt=\"\" class=\"wp-block-jetpack-slideshow_image wp-image-186858\" data-id=\"186858\" data-aspect-ratio=\"800 \/ 532\" src=\"https:\/\/i0.wp.com\/cdnoticias.com\/wp-content\/uploads\/2025\/11\/Aniversario-146-Sierras-Bayas-web-54.jpg?resize=800%2C532&#038;ssl=1\" srcset=\"https:\/\/i0.wp.com\/cdnoticias.com\/wp-content\/uploads\/2025\/11\/Aniversario-146-Sierras-Bayas-web-54.jpg?resize=1024%2C681&amp;ssl=1 1024w, https:\/\/i0.wp.com\/cdnoticias.com\/wp-content\/uploads\/2025\/11\/Aniversario-146-Sierras-Bayas-web-54.jpg?resize=300%2C200&amp;ssl=1 300w, https:\/\/i0.wp.com\/cdnoticias.com\/wp-content\/uploads\/2025\/11\/Aniversario-146-Sierras-Bayas-web-54.jpg?resize=768%2C511&amp;ssl=1 768w, https:\/\/i0.wp.com\/cdnoticias.com\/wp-content\/uploads\/2025\/11\/Aniversario-146-Sierras-Bayas-web-54.jpg?resize=272%2C182&amp;ssl=1 272w, https:\/\/i0.wp.com\/cdnoticias.com\/wp-content\/uploads\/2025\/11\/Aniversario-146-Sierras-Bayas-web-54.jpg?w=1400&amp;ssl=1 1400w\" sizes=\"(max-width: 800px) 100vw, 800px\" \/><\/figure><\/li><li class=\"wp-block-jetpack-slideshow_slide swiper-slide\"><figure><img data-recalc-dims=\"1\" loading=\"lazy\" decoding=\"async\" width=\"800\" height=\"532\" alt=\"\" class=\"wp-block-jetpack-slideshow_image wp-image-186860\" data-id=\"186860\" data-aspect-ratio=\"800 \/ 532\" src=\"https:\/\/i0.wp.com\/cdnoticias.com\/wp-content\/uploads\/2025\/11\/Aniversario-146-Sierras-Bayas-web-29.jpg?resize=800%2C532&#038;ssl=1\" srcset=\"https:\/\/i0.wp.com\/cdnoticias.com\/wp-content\/uploads\/2025\/11\/Aniversario-146-Sierras-Bayas-web-29.jpg?resize=1024%2C681&amp;ssl=1 1024w, https:\/\/i0.wp.com\/cdnoticias.com\/wp-content\/uploads\/2025\/11\/Aniversario-146-Sierras-Bayas-web-29.jpg?resize=300%2C200&amp;ssl=1 300w, https:\/\/i0.wp.com\/cdnoticias.com\/wp-content\/uploads\/2025\/11\/Aniversario-146-Sierras-Bayas-web-29.jpg?resize=768%2C511&amp;ssl=1 768w, https:\/\/i0.wp.com\/cdnoticias.com\/wp-content\/uploads\/2025\/11\/Aniversario-146-Sierras-Bayas-web-29.jpg?resize=272%2C182&amp;ssl=1 272w, https:\/\/i0.wp.com\/cdnoticias.com\/wp-content\/uploads\/2025\/11\/Aniversario-146-Sierras-Bayas-web-29.jpg?w=1400&amp;ssl=1 1400w\" sizes=\"(max-width: 800px) 100vw, 800px\" \/><\/figure><\/li><\/ul><a class=\"wp-block-jetpack-slideshow_button-prev swiper-button-prev swiper-button-white\" role=\"button\"><\/a><a class=\"wp-block-jetpack-slideshow_button-next swiper-button-next swiper-button-white\" role=\"button\"><\/a><a aria-label=\"Pause Slideshow\" class=\"wp-block-jetpack-slideshow_button-pause\" role=\"button\"><\/a><div class=\"wp-block-jetpack-slideshow_pagination swiper-pagination swiper-pagination-white\"><\/div><\/div><\/div>\n\n\n\n<p><\/p>\n\n\n\n<p>Luego se llev\u00f3 a cabo la <strong>entrega de reconocimientos a vecinos y vecinas destacadas de Sierras Bayas, en un momento de gran emotividad. <\/strong>La jornada continu\u00f3 con m\u00e1s shows musicales y cerr\u00f3 con un baile popular, a cargo del artista Nico Centineo.<\/p>\n\n\n\n<p><\/p>\n\n\n\n<p>Durante todo el d\u00eda hubo <strong>propuestas recreativas organizadas por la Subsecretar\u00eda de Deportes,<\/strong> con juegos inflables y actividades para todas las edades.<\/p>\n\n\n\n<p><\/p>\n\n\n\n<p>E<strong>l Museo de la Estaci\u00f3n<\/strong> tambi\u00e9n form\u00f3 parte del festejo, con talleres, visitas guiadas y actividades culturales.<\/p>\n\n\n\n<p><\/p>\n\n\n\n<p>Por \u00faltimo, la Subsecretar\u00eda de Protecci\u00f3n Ciudadana, junto al \u00e1rea de Salud municipal, implement\u00f3 un dispositivo preventivo y de control, que incluy\u00f3 acciones de <strong>prevenci\u00f3n vial, un puesto de monitoreo itinerante y la instalaci\u00f3n de c\u00e1maras de vigilancia temporales, <\/strong>coordinadas con el Centro de Monitoreo Municipal.<\/p>\n\n\n\n<p><\/p>\n","protected":false},"excerpt":{"rendered":"<p>El intendente Maximiliano Wesner encabez\u00f3 el tradicional corte de tortas y entreg\u00f3 reconocimientos a vecinos destacados. Hubo m\u00fasica, propuestas recreativas<\/p>\n","protected":false},"author":5,"featured_media":186854,"comment_status":"closed","ping_status":"closed","sticky":false,"template":"","format":"standard","meta":{"_jetpack_memberships_contains_paid_content":false,"footnotes":""},"categories":[9,1],"tags":[],"class_list":["post-186852","post","type-post","status-publish","format-standard","has-post-thumbnail","hentry","category-cultura","category-portada"],"jetpack_featured_media_url":"https:\/\/i0.wp.com\/cdnoticias.com\/wp-content\/uploads\/2025\/11\/Aniversario-146-Sierras-Bayas-web-39.jpg?fit=1400%2C931&ssl=1","jetpack_sharing_enabled":true,"_links":{"self":[{"href":"https:\/\/cdnoticias.com\/index.php\/wp-json\/wp\/v2\/posts\/186852","targetHints":{"allow":["GET"]}}],"collection":[{"href":"https:\/\/cdnoticias.com\/index.php\/wp-json\/wp\/v2\/posts"}],"about":[{"href":"https:\/\/cdnoticias.com\/index.php\/wp-json\/wp\/v2\/types\/post"}],"author":[{"embeddable":true,"href":"https:\/\/cdnoticias.com\/index.php\/wp-json\/wp\/v2\/users\/5"}],"replies":[{"embeddable":true,"href":"https:\/\/cdnoticias.com\/index.php\/wp-json\/wp\/v2\/comments?post=186852"}],"version-history":[{"count":0,"href":"https:\/\/cdnoticias.com\/index.php\/wp-json\/wp\/v2\/posts\/186852\/revisions"}],"wp:featuredmedia":[{"embeddable":true,"href":"https:\/\/cdnoticias.com\/index.php\/wp-json\/wp\/v2\/media\/186854"}],"wp:attachment":[{"href":"https:\/\/cdnoticias.com\/index.php\/wp-json\/wp\/v2\/media?parent=186852"}],"wp:term":[{"taxonomy":"category","embeddable":true,"href":"https:\/\/cdnoticias.com\/index.php\/wp-json\/wp\/v2\/categories?post=186852"},{"taxonomy":"post_tag","embeddable":true,"href":"https:\/\/cdnoticias.com\/index.php\/wp-json\/wp\/v2\/tags?post=186852"}],"curies":[{"name":"wp","href":"https:\/\/api.w.org\/{rel}","templated":true}]}}