{"id":186846,"date":"2025-11-03T11:07:23","date_gmt":"2025-11-03T14:07:23","guid":{"rendered":"https:\/\/cdnoticias.com\/?p=186846"},"modified":"2025-11-03T11:07:25","modified_gmt":"2025-11-03T14:07:25","slug":"hugo-albertino-ferreyra-q-e-p-d","status":"publish","type":"post","link":"https:\/\/cdnoticias.com\/index.php\/2025\/11\/03\/hugo-albertino-ferreyra-q-e-p-d\/","title":{"rendered":"Hugo Albertino Ferreyra (Q.E.P.D.)"},"content":{"rendered":"\n<hr class=\"wp-block-separator has-alpha-channel-opacity\"\/>\n\n\n\n<p>Falleci\u00f3 en Olavarr\u00eda el 3 de noviembre de 2025 a los 84 a\u00f1os. Sus hijos Hugo Ricardo y Mar\u00eda Silvia Ferreyra. Sus nietos Ricardo, Federico, Roc\u00edo, Enzo y Analuz Ferreyra y dem\u00e1s deudos participan su fallecimiento.<\/p>\n\n\n\n<p><\/p>\n\n\n\n<p>Sus restos ser\u00e1n velados en la Sala de Espa\u00f1a 2942 departamento \u201cB\u201d, previo responso en la Capilla Ardiente, y cremados en el Cementerio Loma de Paz este lunes 3 de noviembre de 2025 a las 14:30 horas. Servicio adherido a Coopelectric.<\/p>\n\n\n\n<p><\/p>\n\n\n\n<p>Nacido en Laprida, vecino de barrio San Vicente, comerciante jubilado.<\/p>\n","protected":false},"excerpt":{"rendered":"<p>Falleci\u00f3 en Olavarr\u00eda el 3 de noviembre de 2025 a los 84 a\u00f1os. Sus hijos Hugo Ricardo y Mar\u00eda Silvia<\/p>\n","protected":false},"author":5,"featured_media":100390,"comment_status":"closed","ping_status":"closed","sticky":false,"template":"","format":"standard","meta":{"_jetpack_memberships_contains_paid_content":false,"footnotes":""},"categories":[10],"tags":[],"class_list":["post-186846","post","type-post","status-publish","format-standard","has-post-thumbnail","hentry","category-necrologicas"],"jetpack_featured_media_url":"https:\/\/i0.wp.com\/cdnoticias.com\/wp-content\/uploads\/2023\/10\/necrologicas-390-x-240.jpg?fit=390%2C240&ssl=1","jetpack_sharing_enabled":true,"_links":{"self":[{"href":"https:\/\/cdnoticias.com\/index.php\/wp-json\/wp\/v2\/posts\/186846","targetHints":{"allow":["GET"]}}],"collection":[{"href":"https:\/\/cdnoticias.com\/index.php\/wp-json\/wp\/v2\/posts"}],"about":[{"href":"https:\/\/cdnoticias.com\/index.php\/wp-json\/wp\/v2\/types\/post"}],"author":[{"embeddable":true,"href":"https:\/\/cdnoticias.com\/index.php\/wp-json\/wp\/v2\/users\/5"}],"replies":[{"embeddable":true,"href":"https:\/\/cdnoticias.com\/index.php\/wp-json\/wp\/v2\/comments?post=186846"}],"version-history":[{"count":0,"href":"https:\/\/cdnoticias.com\/index.php\/wp-json\/wp\/v2\/posts\/186846\/revisions"}],"wp:featuredmedia":[{"embeddable":true,"href":"https:\/\/cdnoticias.com\/index.php\/wp-json\/wp\/v2\/media\/100390"}],"wp:attachment":[{"href":"https:\/\/cdnoticias.com\/index.php\/wp-json\/wp\/v2\/media?parent=186846"}],"wp:term":[{"taxonomy":"category","embeddable":true,"href":"https:\/\/cdnoticias.com\/index.php\/wp-json\/wp\/v2\/categories?post=186846"},{"taxonomy":"post_tag","embeddable":true,"href":"https:\/\/cdnoticias.com\/index.php\/wp-json\/wp\/v2\/tags?post=186846"}],"curies":[{"name":"wp","href":"https:\/\/api.w.org\/{rel}","templated":true}]}}