{"id":186844,"date":"2025-11-03T16:31:08","date_gmt":"2025-11-03T19:31:08","guid":{"rendered":"https:\/\/cdnoticias.com\/?p=186844"},"modified":"2025-11-03T16:31:11","modified_gmt":"2025-11-03T19:31:11","slug":"el-municipio-asesora-sobre-lineas-de-creditos-provinciales-para-emprendedores-y-comerciantes","status":"publish","type":"post","link":"https:\/\/cdnoticias.com\/index.php\/2025\/11\/03\/el-municipio-asesora-sobre-lineas-de-creditos-provinciales-para-emprendedores-y-comerciantes\/","title":{"rendered":"El Municipio asesora sobre l\u00edneas de cr\u00e9ditos provinciales para emprendedores y comerciantes"},"content":{"rendered":"\n<p>Convoc\u00f3 a emprendimientos productivos para el mi\u00e9rcoles 5 a las 10:00 , y a comercios a las 13:30. La sede es el Centro Cultural \u201cSan Jos\u00e9\u201d.<\/p>\n\n\n\n<hr class=\"wp-block-separator has-alpha-channel-opacity\"\/>\n\n\n\n<p>El Municipio, a trav\u00e9s de la Coordinaci\u00f3n de Econom\u00eda Popular de la Secretar\u00eda de Desarrollo Econ\u00f3mico y Productivo, inform\u00f3 que se encuentra abierta una nueva convocatoria a las l\u00edneas de financiamiento <strong>\u201cEmprend\u00e9 tu Comercio\u201d<\/strong> y <strong>\u201cArriba Emprendedores\u201d<\/strong> del Ministerio de Producci\u00f3n, Ciencia e Innovaci\u00f3n Tecnol\u00f3gica de la Provincia de Buenos Aires.<\/p>\n\n\n\n<p><\/p>\n\n\n\n<p>Con el objetivo de<strong> asesorar y acompa\u00f1ar la postulaci\u00f3n a estas l\u00edneas, <\/strong>se llevar\u00e1n a cabo reuniones informativas para conocer bases, condiciones, requisitos y documentaci\u00f3n a presentar.<\/p>\n\n\n\n<p><\/p>\n\n\n\n<p>Dichas reuniones se realizar\u00e1n el d\u00eda <strong>mi\u00e9rcoles 5 a las 10:00 horas, para emprendimientos productivos y prestadores de servicios,<\/strong> y a las<strong> 13:30 horas para comercios. <\/strong>En ambos casos la sede ser\u00e1 el Auditorio del Centro Cultural Municipal \u201cSan Jos\u00e9\u201d (Riobamba 2949).<\/p>\n\n\n\n<p><\/p>\n\n\n\n<p>Quienes deseen asistir deben inscribirse al <a href=\"https:\/\/docs.google.com\/forms\/d\/e\/1FAIpQLSepug-vF99_tKLkx9u2GGakfpOKdsYmh6enYcHK75RZ89c0tw\/viewform\" data-type=\"link\" data-id=\"https:\/\/docs.google.com\/forms\/d\/e\/1FAIpQLSepug-vF99_tKLkx9u2GGakfpOKdsYmh6enYcHK75RZ89c0tw\/viewform\">siguiente link.<\/a><\/p>\n\n\n\n<p><\/p>\n\n\n\n<p><strong>Requisitos<\/strong><\/p>\n\n\n\n<p><\/p>\n\n\n\n<p>Formalmente constituidos e inscriptos ante ARCA y ARBA (con un m\u00ednimo de 3 meses y un m\u00e1ximo de 4 a\u00f1os de desarrollo de la actividad para emprendedores; (con un m\u00ednimo de 6 meses y un m\u00e1ximo de 4 a\u00f1os de desarrollo de la actividad para comerciantes);<\/p>\n\n\n\n<p><\/p>\n\n\n\n<p>Con sede del proyecto o establecimiento comercial en la provincia de Buenos Aires;<\/p>\n\n\n\n<p><\/p>\n\n\n\n<p>Con cuenta bancaria en el Banco Provincia de Buenos Aires;<\/p>\n\n\n\n<p><\/p>\n\n\n\n<p>Que cuenten con una carta aval de apoyo o respaldo emitida por una organizaci\u00f3n intermedia (como municipios, c\u00e1maras empresariales, incubadoras, universidades o centros de estudio);<\/p>\n\n\n\n<p><\/p>\n\n\n\n<p>Que est\u00e9n inscriptos en el registro provincial ActiBA;<\/p>\n\n\n\n<p><\/p>\n\n\n\n<p>Que cuenten con certificado MiPyME.<\/p>\n\n\n\n<p><br>Es importante destacar que recientemente el intendente Maximiliano Wesner mantuvo un<strong> encuentro con los y las beneficiarias del cr\u00e9dito en la convocatoria pasada.<\/strong><\/p>\n\n\n\n<p><\/p>\n\n\n\n<p>En este caso fueron aprobadas ocho propuestas correspondientes a los rubros textil, elaboraci\u00f3n de bebidas artesanales, elaboraci\u00f3n de alimentos y cer\u00e1mica artesanal, lo cual implic\u00f3 una <strong>inversi\u00f3n total de 38.092.944 pesos.<\/strong><\/p>\n\n\n\n<p><\/p>\n\n\n\n<p>Para conocer m\u00e1s sobre las l\u00edneas pueden acceder a la <a href=\"https:\/\/www.gba.gob.ar\/produccion\/creditos_emprendimientos?fbclid=PAb21jcANu_RNleHRuA2FlbQIxMQABp1dELnW8DLwCsAS9NlSzbKlYOAosQO4TA6bO4SN8It4q5BGu4VhE4r6Xdqy2_aem_ktTVU1tzpum0M6_Xf6Oz8A\" data-type=\"link\" data-id=\"https:\/\/www.gba.gob.ar\/produccion\/creditos_emprendimientos?fbclid=PAb21jcANu_RNleHRuA2FlbQIxMQABp1dELnW8DLwCsAS9NlSzbKlYOAosQO4TA6bO4SN8It4q5BGu4VhE4r6Xdqy2_aem_ktTVU1tzpum0M6_Xf6Oz8A\">p\u00e1gina web<\/a> del Ministerio de Producci\u00f3n, Ciencia e Innovaci\u00f3n Tecnol\u00f3gica de la Provincia de Buenos Aires.<\/p>\n","protected":false},"excerpt":{"rendered":"<p>Convoc\u00f3 a emprendimientos productivos para el mi\u00e9rcoles 5 a las 10:00 , y a comercios a las 13:30. La sede<\/p>\n","protected":false},"author":5,"featured_media":176746,"comment_status":"closed","ping_status":"closed","sticky":false,"template":"","format":"standard","meta":{"_jetpack_memberships_contains_paid_content":false,"footnotes":""},"categories":[5,1],"tags":[],"class_list":["post-186844","post","type-post","status-publish","format-standard","has-post-thumbnail","hentry","category-informacion-general","category-portada"],"jetpack_featured_media_url":"https:\/\/i0.wp.com\/cdnoticias.com\/wp-content\/uploads\/2025\/07\/centro-cultural-municipal-san-jose-2.jpeg?fit=1000%2C556&ssl=1","jetpack_sharing_enabled":true,"_links":{"self":[{"href":"https:\/\/cdnoticias.com\/index.php\/wp-json\/wp\/v2\/posts\/186844","targetHints":{"allow":["GET"]}}],"collection":[{"href":"https:\/\/cdnoticias.com\/index.php\/wp-json\/wp\/v2\/posts"}],"about":[{"href":"https:\/\/cdnoticias.com\/index.php\/wp-json\/wp\/v2\/types\/post"}],"author":[{"embeddable":true,"href":"https:\/\/cdnoticias.com\/index.php\/wp-json\/wp\/v2\/users\/5"}],"replies":[{"embeddable":true,"href":"https:\/\/cdnoticias.com\/index.php\/wp-json\/wp\/v2\/comments?post=186844"}],"version-history":[{"count":0,"href":"https:\/\/cdnoticias.com\/index.php\/wp-json\/wp\/v2\/posts\/186844\/revisions"}],"wp:featuredmedia":[{"embeddable":true,"href":"https:\/\/cdnoticias.com\/index.php\/wp-json\/wp\/v2\/media\/176746"}],"wp:attachment":[{"href":"https:\/\/cdnoticias.com\/index.php\/wp-json\/wp\/v2\/media?parent=186844"}],"wp:term":[{"taxonomy":"category","embeddable":true,"href":"https:\/\/cdnoticias.com\/index.php\/wp-json\/wp\/v2\/categories?post=186844"},{"taxonomy":"post_tag","embeddable":true,"href":"https:\/\/cdnoticias.com\/index.php\/wp-json\/wp\/v2\/tags?post=186844"}],"curies":[{"name":"wp","href":"https:\/\/api.w.org\/{rel}","templated":true}]}}