{"id":186832,"date":"2025-11-03T08:39:28","date_gmt":"2025-11-03T11:39:28","guid":{"rendered":"https:\/\/cdnoticias.com\/?p=186832"},"modified":"2025-11-03T09:57:54","modified_gmt":"2025-11-03T12:57:54","slug":"pringles-un-adolescente-fallecio-en-un-choque-sobre-la-ruta-51","status":"publish","type":"post","link":"https:\/\/cdnoticias.com\/index.php\/2025\/11\/03\/pringles-un-adolescente-fallecio-en-un-choque-sobre-la-ruta-51\/","title":{"rendered":"Pringles: un adolescente falleci\u00f3 en un choque sobre la ruta 51"},"content":{"rendered":"<p>Una moto en la que transitaban dos menores de edad colision\u00f3 contra un cami\u00f3n.<!--more--><\/p>\n<hr \/>\n<p>Una <strong>tragedia vial<\/strong> sacudi\u00f3 la tarde del domingo en<strong> Coronel Pringles<\/strong>. Un <strong>adolescente de 16 a\u00f1os muri\u00f3<\/strong> en el acto y <strong>otro, de 14, result\u00f3 herido<\/strong> luego de que la <strong>motocicleta<\/strong> en la que viajaban impactara contra un <strong>cami\u00f3n<\/strong> sobre la <strong>ruta provincial 51.<\/strong><\/p>\n<blockquote><p>Ocurri\u00f3 pasadas las 18, a la altura de los boulevares 64 y 68. Seg\u00fan confirmaron fuentes policiales, la moto \u2014una Corven Hunter 150 cc\u2014 era conducida por un chico de 14 a\u00f1os, quien iba acompa\u00f1ado por Joaqu\u00edn S\u00e1enz Valiente, de 16 a\u00f1os.<\/p><\/blockquote>\n<p><img data-recalc-dims=\"1\" loading=\"lazy\" decoding=\"async\" class=\"alignnone size-full wp-image-186835\" src=\"https:\/\/i0.wp.com\/cdnoticias.com\/wp-content\/uploads\/2025\/11\/el-orden-choque-ruta-51-pringles-00.jpg?resize=768%2C576&#038;ssl=1\" alt=\"\" width=\"768\" height=\"576\" srcset=\"https:\/\/i0.wp.com\/cdnoticias.com\/wp-content\/uploads\/2025\/11\/el-orden-choque-ruta-51-pringles-00.jpg?w=768&amp;ssl=1 768w, https:\/\/i0.wp.com\/cdnoticias.com\/wp-content\/uploads\/2025\/11\/el-orden-choque-ruta-51-pringles-00.jpg?resize=300%2C225&amp;ssl=1 300w\" sizes=\"auto, (max-width: 768px) 100vw, 768px\" \/><\/p>\n<p>Ambos<strong> sal\u00edan del Club de Pelota<\/strong>, ubicado sobre la misma traza, cuando por razones que a\u00fan se investigan, <strong>embistieron de lleno contra un cami\u00f3n Scania<\/strong> que circulaba en sentido norte-sur. El veh\u00edculo de carga era manejado por <strong>Sebasti\u00e1n D\u00edaz, de 43 a\u00f1os, oriundo de R\u00edo Gallegos<\/strong>.<\/p>\n<blockquote><p>Producto del violento impacto, S\u00e1enz Valiente falleci\u00f3 en el lugar. En tanto, su acompa\u00f1ante logr\u00f3 saltar de la moto instantes antes de la colisi\u00f3n y fue trasladado de urgencia al Hospital Municipal, donde permanece internado fuera de peligro.<\/p><\/blockquote>\n<p><img data-recalc-dims=\"1\" loading=\"lazy\" decoding=\"async\" class=\"alignnone size-large wp-image-186833\" src=\"https:\/\/i0.wp.com\/cdnoticias.com\/wp-content\/uploads\/2025\/11\/el-diario-choque-ruta-51-pringles-01.jpg?resize=800%2C450&#038;ssl=1\" alt=\"\" width=\"800\" height=\"450\" srcset=\"https:\/\/i0.wp.com\/cdnoticias.com\/wp-content\/uploads\/2025\/11\/el-diario-choque-ruta-51-pringles-01.jpg?resize=1024%2C576&amp;ssl=1 1024w, https:\/\/i0.wp.com\/cdnoticias.com\/wp-content\/uploads\/2025\/11\/el-diario-choque-ruta-51-pringles-01.jpg?resize=300%2C169&amp;ssl=1 300w, https:\/\/i0.wp.com\/cdnoticias.com\/wp-content\/uploads\/2025\/11\/el-diario-choque-ruta-51-pringles-01.jpg?resize=768%2C432&amp;ssl=1 768w, https:\/\/i0.wp.com\/cdnoticias.com\/wp-content\/uploads\/2025\/11\/el-diario-choque-ruta-51-pringles-01.jpg?resize=1536%2C864&amp;ssl=1 1536w, https:\/\/i0.wp.com\/cdnoticias.com\/wp-content\/uploads\/2025\/11\/el-diario-choque-ruta-51-pringles-01.jpg?w=1600&amp;ssl=1 1600w\" sizes=\"auto, (max-width: 800px) 100vw, 800px\" \/><\/p>\n<p><strong>El conductor del cami\u00f3n fue asistido<\/strong> por una crisis nerviosa y posteriormente trasladado al mismo centro de salud.<\/p>\n<p>La ruta 51 permaneci\u00f3 cortada durante varias horas para permitir el trabajo de<strong> Polic\u00eda Cient\u00edfica de Coronel Su\u00e1rez,<\/strong> que realiz\u00f3 las pericias correspondientes. En el lugar tambi\u00e9n trabajaron<strong> Bomberos Voluntarios, Guardia Urbana y personal policial<\/strong>. Interviene en la causa la Ayudant\u00eda Fiscal de Pringles.<\/p>\n<p>Fuente: <em>El Orden<\/em><br \/>\nFotos: <em>El Orden y El Diario de Pringles<\/em><\/p>\n","protected":false},"excerpt":{"rendered":"<p>Una moto en la que transitaban dos menores de edad colision\u00f3 contra un cami\u00f3n.<\/p>\n","protected":false},"author":4,"featured_media":186834,"comment_status":"closed","ping_status":"closed","sticky":false,"template":"","format":"standard","meta":{"_jetpack_memberships_contains_paid_content":false,"footnotes":""},"categories":[6,1],"tags":[],"class_list":["post-186832","post","type-post","status-publish","format-standard","has-post-thumbnail","hentry","category-nacionales","category-portada"],"jetpack_featured_media_url":"https:\/\/i0.wp.com\/cdnoticias.com\/wp-content\/uploads\/2025\/11\/el-diario-choque-ruta-51-pringles-00.jpg?fit=1600%2C900&ssl=1","jetpack_sharing_enabled":true,"_links":{"self":[{"href":"https:\/\/cdnoticias.com\/index.php\/wp-json\/wp\/v2\/posts\/186832","targetHints":{"allow":["GET"]}}],"collection":[{"href":"https:\/\/cdnoticias.com\/index.php\/wp-json\/wp\/v2\/posts"}],"about":[{"href":"https:\/\/cdnoticias.com\/index.php\/wp-json\/wp\/v2\/types\/post"}],"author":[{"embeddable":true,"href":"https:\/\/cdnoticias.com\/index.php\/wp-json\/wp\/v2\/users\/4"}],"replies":[{"embeddable":true,"href":"https:\/\/cdnoticias.com\/index.php\/wp-json\/wp\/v2\/comments?post=186832"}],"version-history":[{"count":0,"href":"https:\/\/cdnoticias.com\/index.php\/wp-json\/wp\/v2\/posts\/186832\/revisions"}],"wp:featuredmedia":[{"embeddable":true,"href":"https:\/\/cdnoticias.com\/index.php\/wp-json\/wp\/v2\/media\/186834"}],"wp:attachment":[{"href":"https:\/\/cdnoticias.com\/index.php\/wp-json\/wp\/v2\/media?parent=186832"}],"wp:term":[{"taxonomy":"category","embeddable":true,"href":"https:\/\/cdnoticias.com\/index.php\/wp-json\/wp\/v2\/categories?post=186832"},{"taxonomy":"post_tag","embeddable":true,"href":"https:\/\/cdnoticias.com\/index.php\/wp-json\/wp\/v2\/tags?post=186832"}],"curies":[{"name":"wp","href":"https:\/\/api.w.org\/{rel}","templated":true}]}}