{"id":186825,"date":"2025-11-02T18:35:52","date_gmt":"2025-11-02T21:35:52","guid":{"rendered":"https:\/\/cdnoticias.com\/?p=186825"},"modified":"2025-11-03T09:05:47","modified_gmt":"2025-11-03T12:05:47","slug":"la-victoria-en-las-urnas-y-el-viraje-en-la-interna","status":"publish","type":"post","link":"https:\/\/cdnoticias.com\/index.php\/2025\/11\/02\/la-victoria-en-las-urnas-y-el-viraje-en-la-interna\/","title":{"rendered":"La victoria en las urnas y el viraje en la interna"},"content":{"rendered":"<p>Las Legislativas para LLA y las interpretaciones del resultado. Adem\u00e1s, el final del contrato con Coopelectric por el suministro el\u00e9ctrico.<!--more--><\/p>\n<hr \/>\n<p><em>Volver a las Fuentes \/\u00a0 por Alexis Grierson y Josefina Bargas<\/em><\/p>\n\n\n<p><strong>El conteo en violeta<\/strong><\/p>\n\n\n\n<p>Antes de cumplirse dos horas tras el cierre de los comicios el domingo 26<strong>&nbsp;qued\u00f3 clar\u00edsimo el resultado electoral<\/strong>:<strong>&nbsp;todos los fiscales que llegaban al local de La Libertad Avanza anunciaban la victoria en sus mesas<\/strong>&nbsp;y el tono era muy distinto de lo que hab\u00eda sido el 7 de septiembre. En contrapartida, en el local del PJ donde Fuerza Patria esper\u00f3 los resultados hab\u00eda muy poca gente, al menos en el espacio abierto a la prensa.<\/p>\n\n\n\n<p>Cuando en el local libertario ya hab\u00eda decenas de fiscales, el clima de festejo era total.&nbsp;<strong>\u201cKuka tirapiedra\u201d encabezaba la playlist<\/strong>, en una versi\u00f3n nueva, grabada pocos d\u00edas antes. No era la versi\u00f3n del Movistar Arena cantada por Milei. Las&nbsp;<strong>remeras violetas de La Libertad Avanza<\/strong>&nbsp;se destacaban, y aparec\u00edan cada tanto&nbsp;<strong>remeras y gorras de las Fuerzas del Cielo<\/strong>. Este \u00faltimo dato no ser\u00e1 menor para el an\u00e1lisis.<\/p>\n\n\n\n<p>31.400 votos obtuvo la&nbsp;<strong>lista libertaria<\/strong>&nbsp;de diputados nacionales para quedar&nbsp;<strong>muy cerca de 50%: sum\u00f3 11 mil votos<\/strong>&nbsp;en comparaci\u00f3n con la legislativa bonaerense. En segundo lugar&nbsp;<strong>Fuerza Patria<\/strong>&nbsp;lleg\u00f3 a 21.400 votos,&nbsp;<strong>casi 34%: cay\u00f3 en 1.300 electores<\/strong>&nbsp;desde el 7 de septiembre. La&nbsp;<strong>polarizaci\u00f3n<\/strong>&nbsp;fue el primer gran dato de la elecci\u00f3n, despu\u00e9s de la&nbsp;<strong>victoria oficialista. que fue local, provincial y nacional.<\/strong><\/p>\n\n\n\n<figure class=\"wp-block-image size-full\"><img data-recalc-dims=\"1\" loading=\"lazy\" decoding=\"async\" width=\"800\" height=\"445\" src=\"https:\/\/i0.wp.com\/cdnoticias.com\/wp-content\/uploads\/2025\/10\/BUP-legislativas-2025-01.png?resize=800%2C445&#038;ssl=1\" alt=\"\" class=\"wp-image-186183\" srcset=\"https:\/\/i0.wp.com\/cdnoticias.com\/wp-content\/uploads\/2025\/10\/BUP-legislativas-2025-01.png?w=800&amp;ssl=1 800w, https:\/\/i0.wp.com\/cdnoticias.com\/wp-content\/uploads\/2025\/10\/BUP-legislativas-2025-01.png?resize=300%2C167&amp;ssl=1 300w, https:\/\/i0.wp.com\/cdnoticias.com\/wp-content\/uploads\/2025\/10\/BUP-legislativas-2025-01.png?resize=768%2C427&amp;ssl=1 768w\" sizes=\"auto, (max-width: 800px) 100vw, 800px\" \/><\/figure>\n\n\n\n<p><strong>En el tercer puesto, el Frente de Izquierda&nbsp;<\/strong>cosech\u00f3 2.800 votos para llegar a<strong>&nbsp;4,39%. Gan\u00f3 800 votantes<\/strong>&nbsp;desde septiembre. Esta ubicaci\u00f3n fue otra novedad destacada, lugar que el mes anterior hab\u00eda ocupado<strong>&nbsp;el radicalismo que esta vez qued\u00f3 desdibujado<\/strong>.<\/p>\n\n\n\n<p>El segundo dato importante de la elecci\u00f3n fue<strong>&nbsp;la participaci\u00f3n: 66,82%, casi 10 puntos m\u00e1s que en septiembre<\/strong>&nbsp;en Olavarr\u00eda. No obstante, hubo 2 millones menos de electores que en 2023 a nivel nacional y cada una de las alianzas principales logr\u00f3 menos votos que hace dos a\u00f1os.<\/p>\n\n\n\n<p><strong>La victoria local de LLA fue clar\u00edsima y extendida<\/strong>: se impuso en 277 de las 295 mesas. Gan\u00f3 en todos los circuitos, excepto en Colonia San Miguel. El mejor resultado urbano fue en el circuito 711 (donde ven\u00eda mostrando esa tendencia a\u00f1os anteriores): se acerc\u00f3 al 60% y sac\u00f3 33 puntos de distancia a FP. Y sorprendi\u00f3 la victoria en Sierras Bayas, tradicional territorio peronista, donde aventaj\u00f3 por dos puntos.<\/p>\n\n\n\n<p><strong>Las lecturas<\/strong><\/p>\n\n\n\n<p>Desde La Libertad Avanza, la primera interpretaci\u00f3n apunt\u00f3 a&nbsp;<strong>valorar el resultado con Javier Milei en el centro: es el presidente el que cosech\u00f3 el apoyo y la ratificaci\u00f3n de su gesti\u00f3n<\/strong>. De hecho, as\u00ed lo defini\u00f3&nbsp;<strong>Celeste Arouxet&nbsp;<\/strong>cuando el conteo a\u00fan estaba en marcha y la tendencia era clar\u00edsima. De hecho, destac\u00f3 la extensi\u00f3n de las mesas favorables en todo el distrito y la contundencia del resultado en el centro de la ciudad (circuito 711). Al momento de explicar el&nbsp;<strong>cambio del resultado desde septiembre a octubre apunt\u00f3 al aumento de la participaci\u00f3n<\/strong>.<\/p>\n\n\n\n<p><strong>Guillermo Lascano<\/strong>&nbsp;habl\u00f3 un rato despu\u00e9s, ya con m\u00e1s datos, y reconoci\u00f3 la&nbsp;<strong>sorpresa por la &#8220;remontada&#8221;<\/strong>: \u201ces un resultado hist\u00f3rico para Olavarr\u00eda\u201d asegur\u00f3. Tambi\u00e9n subray\u00f3&nbsp;<strong>el aumento de la participaci\u00f3n para explicar el apoyo a la lista libertaria<\/strong>: los electores que se presentaron en la legislativa nacional y que no lo hicieron en la provincial, se inclinaron por LLA en las boletas.<\/p>\n\n\n\n<figure class=\"wp-block-image size-full\"><img data-recalc-dims=\"1\" loading=\"lazy\" decoding=\"async\" width=\"800\" height=\"445\" src=\"https:\/\/i0.wp.com\/cdnoticias.com\/wp-content\/uploads\/2025\/10\/legislativas-la-libertad-avanza-festejo-10.jpg?resize=800%2C445&#038;ssl=1\" alt=\"\" class=\"wp-image-186273\" srcset=\"https:\/\/i0.wp.com\/cdnoticias.com\/wp-content\/uploads\/2025\/10\/legislativas-la-libertad-avanza-festejo-10.jpg?w=1000&amp;ssl=1 1000w, https:\/\/i0.wp.com\/cdnoticias.com\/wp-content\/uploads\/2025\/10\/legislativas-la-libertad-avanza-festejo-10.jpg?resize=300%2C167&amp;ssl=1 300w, https:\/\/i0.wp.com\/cdnoticias.com\/wp-content\/uploads\/2025\/10\/legislativas-la-libertad-avanza-festejo-10.jpg?resize=768%2C427&amp;ssl=1 768w, https:\/\/i0.wp.com\/cdnoticias.com\/wp-content\/uploads\/2025\/10\/legislativas-la-libertad-avanza-festejo-10.jpg?resize=800%2C445&amp;ssl=1 800w\" sizes=\"auto, (max-width: 800px) 100vw, 800px\" \/><\/figure>\n\n\n\n<p>A ello a\u00f1adi\u00f3 el&nbsp;<strong>componente econ\u00f3mico&nbsp;<\/strong>y tambi\u00e9n consider\u00f3 que&nbsp;<strong>el electorado radical se inclin\u00f3 por los candidatos violetas<\/strong>&nbsp;al no tener una opci\u00f3n propia.<\/p>\n\n\n\n<p><strong>Hilario Galli<\/strong>&nbsp;present\u00f3 la interpretaci\u00f3n del&nbsp;<strong>\u201crespaldo importante al rumbo del pa\u00eds\u201d<\/strong>&nbsp;y tambi\u00e9n destac\u00f3 a&nbsp;<strong>Diego Santilli como la cara de la campa\u00f1a en el \u00faltimo tramo<\/strong>. Los miembros del Pro estuvieron en el local de calle Vicente L\u00f3pez hasta que finalizaron su recuento de votos y luego, bastante tarde, se acercaron a la sede de LLA.&nbsp;<strong>&#8220;El sello pesa, pero con un buen candidato pesa mucho m\u00e1s&#8221;<\/strong>&nbsp;defini\u00f3. La frase busc\u00f3, justamente, poner de relieve la&nbsp;<strong>capacidad de Santilli de captar el voto radical&nbsp;<\/strong>en relaci\u00f3n a su pasado como cabeza de lista de Juntos en 2021, y de paso remarcar que a pesar de que hab\u00eda otras listas de sectores &#8220;de derecha&#8221;, los votantes no las eligieron. Dato extra:&nbsp;<em>Santilli ya se quiere posicionar para la candidatura a la gobernaci\u00f3n en 2027<\/em>.<\/p>\n\n\n\n<p>A la hora de comparar con septiembre, el concejal del Pro, explic\u00f3 el desarrollo de la campa\u00f1a: consider\u00f3 que&nbsp;<strong>el rol de los intendentes fue m\u00e1s intensivo en la provincial y eso localiz\u00f3 las preferencias de los votantes<\/strong>, lo que favoreci\u00f3 de mejor manera al oficialismo bonaerense.<\/p>\n\n\n\n<p>Volvemos al domingo.&nbsp;<strong>En la sede del PJ, el intendente Maximiliano Wesner le puso voz a la derrota del peronismo<\/strong>&nbsp;a\u00fan antes de que se presentaran los datos oficiales. En su explicaci\u00f3n del resultado eligi\u00f3 destacar que<strong>&nbsp;\u201cno hubo representaci\u00f3n seccional ni ning\u00fan candidato local en la boleta\u201d<\/strong>. Es decir, falt\u00f3 un componente de cercan\u00eda con el votante.<\/p>\n\n\n\n<figure class=\"wp-block-image size-full\"><img data-recalc-dims=\"1\" loading=\"lazy\" decoding=\"async\" width=\"800\" height=\"445\" src=\"https:\/\/i0.wp.com\/cdnoticias.com\/wp-content\/uploads\/2025\/10\/legislativas-fuerza-patria-maximiliano-wesner-00.jpg?resize=800%2C445&#038;ssl=1\" alt=\"\" class=\"wp-image-186261\" srcset=\"https:\/\/i0.wp.com\/cdnoticias.com\/wp-content\/uploads\/2025\/10\/legislativas-fuerza-patria-maximiliano-wesner-00.jpg?w=1000&amp;ssl=1 1000w, https:\/\/i0.wp.com\/cdnoticias.com\/wp-content\/uploads\/2025\/10\/legislativas-fuerza-patria-maximiliano-wesner-00.jpg?resize=300%2C167&amp;ssl=1 300w, https:\/\/i0.wp.com\/cdnoticias.com\/wp-content\/uploads\/2025\/10\/legislativas-fuerza-patria-maximiliano-wesner-00.jpg?resize=768%2C427&amp;ssl=1 768w, https:\/\/i0.wp.com\/cdnoticias.com\/wp-content\/uploads\/2025\/10\/legislativas-fuerza-patria-maximiliano-wesner-00.jpg?resize=800%2C445&amp;ssl=1 800w\" sizes=\"auto, (max-width: 800px) 100vw, 800px\" \/><\/figure>\n\n\n\n<p><strong>Wesner ley\u00f3 las dos elecciones legislativas en clave de apoyos a los oficialismos local y nacional.<\/strong>&nbsp;Salteado lo provincial. Es que sostuvo que en la comparativa con la legislativa bonaerense&nbsp;<strong>\u201cfueron distintas elecciones<\/strong>. La gente el 7 de septiembre convalid\u00f3 y acompa\u00f1\u00f3 la gesti\u00f3n del gobierno local, y en esta elecci\u00f3n entiendo que&nbsp;<strong>hay una expectativa a\u00fan en la gesti\u00f3n del presidente Javier Milei<\/strong>&nbsp;que mantiene gran parte de la poblaci\u00f3n\u201d.<\/p>\n\n\n\n<p><em>\u00bfEntonces el intendente critic\u00f3 el armado de las listas de Fuerza Patria por no incluir referentes locales\/seccionales?<\/em>&nbsp;Es una interpretaci\u00f3n posible de sus palabras, aunque&nbsp;<strong>desde \u201cel kirchnerismo\u201d -donde mapeamos a Wesner- se apunt\u00f3 a se\u00f1alar al Gobernador en tono acusatorio&nbsp;<\/strong>por haber desdoblado la elecci\u00f3n lo que en el transcurso de la semana se tradujo en una&nbsp;<strong>profundizaci\u00f3n de la interna dentro del peronismo<\/strong>. La postura, aunque contraf\u00e1ctica y poco conducente ahora, pretende exponer que de haber mantenido un calendario conjunto, el peronismo hubiera ganado la legislativa nacional. Sin participaci\u00f3n directa de Wesner en esos cruces, la discusi\u00f3n sigui\u00f3 escalando hasta este mismo s\u00e1bado. En tanto, Axel Kicillof intenta salir p\u00fablicamente del debate y seguir posicionado como principal referente opositor a Javier Milei.<\/p>\n\n\n\n<p>Por lo pronto, destaquemos que, m\u00e1s all\u00e1 de los n\u00fameros,&nbsp;<strong>el escenario de 2023 es el que se repiti\u00f3 en este a\u00f1o electoral: la ciudadan\u00eda local eligi\u00f3 lo mismo que hace dos a\u00f1os<\/strong>. El votante que puso en el mismo sobre a Maximiliano Wesner y a Javier Milei, que fue sorpresivo en 2023, ratific\u00f3 en 2025.&nbsp;<strong>Esa decisi\u00f3n existe y persiste aunque parezca una contradicci\u00f3n ideol\u00f3gica.<\/strong>&nbsp;El desaf\u00edo de la lectura es superar la mirada de supuesta contradicci\u00f3n y&nbsp;<em>entender las intenciones de esos votantes que de ninguna manera compran un paquete cerrado de propuestas\/medidas<\/em>, pero que han valorado aspectos positivos en eso que eligieron mayoritariamente.<\/p>\n\n\n\n<p>Sin tener datos concretos de opini\u00f3n p\u00fablica,&nbsp;<strong>parece m\u00e1s probable que lo que inclina las elecciones individuales son mejoras o al menos reducci\u00f3n de problemas en la vida cotidiana<\/strong>, m\u00e1s que grandes lecturas de rumbos a favor o en contra.<\/p>\n\n\n\n<figure class=\"wp-block-image size-full\"><img data-recalc-dims=\"1\" loading=\"lazy\" decoding=\"async\" width=\"800\" height=\"445\" src=\"https:\/\/i0.wp.com\/cdnoticias.com\/wp-content\/uploads\/2025\/10\/elecciones-olavarria.jpg?resize=800%2C445&#038;ssl=1\" alt=\"\" class=\"wp-image-186218\" srcset=\"https:\/\/i0.wp.com\/cdnoticias.com\/wp-content\/uploads\/2025\/10\/elecciones-olavarria.jpg?w=800&amp;ssl=1 800w, https:\/\/i0.wp.com\/cdnoticias.com\/wp-content\/uploads\/2025\/10\/elecciones-olavarria.jpg?resize=300%2C167&amp;ssl=1 300w, https:\/\/i0.wp.com\/cdnoticias.com\/wp-content\/uploads\/2025\/10\/elecciones-olavarria.jpg?resize=768%2C427&amp;ssl=1 768w\" sizes=\"auto, (max-width: 800px) 100vw, 800px\" \/><\/figure>\n\n\n\n<p>En tanto, para lo nacional,&nbsp;<em>citamos lo que escribi\u00f3 el polit\u00f3logo Pablo Palazzolo:<\/em>&nbsp;\u201cSi bien nadie duda de la contundencia del triunfo electoral de la derecha argentina, ninguno de los problemas de la econom\u00eda y de la sociedad argentinas han sido solucionados. La recesi\u00f3n contin\u00faa, el nivel de endeudamiento es peligros\u00edsimo, los d\u00f3lares seguir\u00e1n escaseando y la econom\u00eda real no genera empleo ni ganancias. La situaci\u00f3n es tan cr\u00edtica como lo era el viernes pasado y Milei parece no haber tomado nota. Lo \u00fanico que celebra es que ahora tiene, piensa \u00e9l, m\u00e1s plaf\u00f3n para darle continuidad a la motosierra. Ya se lo ha advertido el FMI: cuidado porque la sociedad hoy te da el voto y ma\u00f1ana te lo quita. Y las reacciones pueden no ser necesariamente suaves\u201d.<\/p>\n\n\n\n<p>Te dejamos los links a&nbsp;muchas entrevistas que vimos de dirigentes que opinaron del resultado de las elecciones:&nbsp;&nbsp;<a href=\"https:\/\/cdnoticias.com\/index.php\/2025\/10\/26\/celeste-arouxet-en-olavarria-ganamos-por-un-margen-muy-alto\/\" target=\"_blank\" rel=\"noreferrer noopener\">Celeste Arouxet<\/a>,&nbsp;<a href=\"https:\/\/cdnoticias.com\/index.php\/2025\/10\/26\/lascano-es-un-resultado-historico-para-olavarria\/\" target=\"_blank\" rel=\"noreferrer noopener\">Guillermo Lascano<\/a>,&nbsp;<a href=\"https:\/\/cdnoticias.com\/index.php\/2025\/10\/26\/wesner-se-han-revertido-los-resultados-del-7-de-septiembre\/\" target=\"_blank\" rel=\"noreferrer noopener\">Maximiliano Wesner<\/a>,&nbsp;<a href=\"https:\/\/cdnoticias.com\/index.php\/2025\/10\/27\/hilario-galli-hay-que-sentir-un-respaldo-importante-al-rumbo-del-pais\/\" target=\"_blank\" rel=\"noreferrer noopener\">Hilario Galli<\/a>,&nbsp;<a href=\"https:\/\/cdnoticias.com\/index.php\/2025\/10\/28\/pesa-mucho-la-eleccion-de-la-izquierda-porque-es-una-fuerza-que-si-tiene-un-programa-alternativo-al-de-milei\/\" target=\"_blank\" rel=\"noreferrer noopener\">Agust\u00edn Mestralet<\/a>,&nbsp;<a href=\"https:\/\/www.instagram.com\/reel\/DQWb5SCkZBe\/?utm_source=ig_web_copy_link&amp;igsh=MzRlODBiNWFlZA==\" target=\"_blank\" rel=\"noreferrer noopener\">Marcelo Petehs versi\u00f3n hard<\/a>&nbsp;y&nbsp;<a href=\"https:\/\/cdnoticias.com\/index.php\/2025\/11\/01\/marcelo-petehs-la-gente-sigue-a-javier-milei-y-no-a-las-ideas-provinciales-y-locales\/\" target=\"_blank\" rel=\"noreferrer noopener\">Marcelo Petehs versi\u00f3n soft<\/a>,&nbsp;<a href=\"https:\/\/www.instagram.com\/reel\/DQVFWq2geSv\/?utm_source=ig_web_copy_link&amp;igsh=MzRlODBiNWFlZA==\" target=\"_blank\" rel=\"noreferrer noopener\">Jos\u00e9 Eseverri<\/a>&nbsp;y&nbsp;<a href=\"https:\/\/lu32.com.ar\/locales\/-el-ciudadano-en-cada-eleccion-voto-dos-cosas-distintas-_a6905350dc209b60d0d525058\" target=\"_blank\" rel=\"noreferrer noopener\">Federico Aguilera<\/a>.<\/p>\n\n\n\n<p><strong>El fuego libertario<\/strong><\/p>\n\n\n\n<p>El movimiento libertario es tan innovador, que ni siquiera cumple con la premisa \u201cganar ordena\u201d.&nbsp;<strong>Todo lo contrario, haber ganado con tama\u00f1a contundencia desacomod\u00f3 m\u00e1s a la tropa<\/strong>. Incluso, cuando todo parec\u00eda que el reordenamiento del gabinete nacional podr\u00eda beneficiar a otros sectores,<strong>&nbsp;la llegada de Manuel Adorni a la Jefatura de Gabinete y un nuevo triunfo interno de Karina Milei&nbsp;<\/strong>parecen poner en duda los movimientos de Santiago Caputo, que -dicen- ahora parece m\u00e1s afuera que adentro de esta nueva etapa del gobierno nacional.<\/p>\n\n\n\n<p>Pero traslad\u00e1ndolo a lo local, lo primero que tenemos que decir es que el espacio de La Libertad Avanza, a pesar de validar y sostener todas las l\u00edneas internas,&nbsp;<strong>parece haber virado ya concretamente hacia otro sector: Las Fuerzas del Cielo.<\/strong><\/p>\n\n\n\n<p>La evidencia inici\u00f3 en la previa de los comicios,&nbsp;<strong>donde el integrante de la Juventud LLA, Luca Spitale, arremeti\u00f3 con duros conceptos contra Sebasti\u00e1n Pareja<\/strong>,&nbsp;<a href=\"https:\/\/cdnoticias.com\/index.php\/2025\/10\/25\/interna-libertaria-un-integrante-de-la-juventud-lla-contra-sebastian-pareja\/\" target=\"_blank\" rel=\"noreferrer noopener\">al que catalog\u00f3 de \u201cviejo nefasto que cobra del Estado desde el 2005\u201d<\/a>.&nbsp;&nbsp;La nota gener\u00f3&nbsp;<strong>enojos incluso de la propia Celeste Arouxet que repudi\u00f3 \u2026 la publicaci\u00f3n en medios<\/strong>. Y se\u00f1al\u00f3 que \u201cse la agarran con un chico\u201d. Por los movimientos de \u00e9l y de la juventud, parece tener ya bastante experiencia en pol\u00edtica, pero nobleza obliga, sumamos los cuestionamientos de Arouxet.<\/p>\n\n\n\n<figure class=\"wp-block-image size-full\"><img data-recalc-dims=\"1\" loading=\"lazy\" decoding=\"async\" width=\"800\" height=\"446\" src=\"https:\/\/i0.wp.com\/cdnoticias.com\/wp-content\/uploads\/2025\/10\/lucas-spitale-00.jpg?resize=800%2C446&#038;ssl=1\" alt=\"\" class=\"wp-image-186280\" srcset=\"https:\/\/i0.wp.com\/cdnoticias.com\/wp-content\/uploads\/2025\/10\/lucas-spitale-00.jpg?w=1000&amp;ssl=1 1000w, https:\/\/i0.wp.com\/cdnoticias.com\/wp-content\/uploads\/2025\/10\/lucas-spitale-00.jpg?resize=300%2C167&amp;ssl=1 300w, https:\/\/i0.wp.com\/cdnoticias.com\/wp-content\/uploads\/2025\/10\/lucas-spitale-00.jpg?resize=768%2C428&amp;ssl=1 768w, https:\/\/i0.wp.com\/cdnoticias.com\/wp-content\/uploads\/2025\/10\/lucas-spitale-00.jpg?resize=800%2C445&amp;ssl=1 800w\" sizes=\"auto, (max-width: 800px) 100vw, 800px\" \/><\/figure>\n\n\n\n<p>El protagonista excluyente de esta historia es&nbsp;<strong>Marcelo Petehs<\/strong>. Ya el mismo domingo -y con apoyos de Andrea Coronel y Daiana Musa, entre otros dirigentes- public\u00f3&nbsp;<strong>un posteo poco sutil: \u201cClarita la cuenta en Olavarr\u00eda. Sac\u00e1s el Celeste y se transforma en violeta. VLLC\u201d<\/strong>.&nbsp;<\/p>\n\n\n\n<p>Ese elocuente mensaje se profundiz\u00f3 fuerte.<strong>&nbsp;\u201cLa Libertad Avanza y el Pro necesitan un cambio de figuras y de referentes a nivel local.<\/strong>&nbsp;Si no, nos va a seguir gobernando la C\u00e1mpora por varios a\u00f1os m\u00e1s\u201d dijo el concejal en una entrevista en el programa de Claudia Bilbao. Consider\u00f3 que&nbsp;<strong>LLA aument\u00f3 sus votos por el \u201carrastre\u201d de Javier Milei<\/strong>&nbsp;como referente, pero que en el plano local&nbsp;<strong>\u201chay una profunda falta de unidad y recambio de figuras\u201d<\/strong>. Separ\u00f3 sus interpretaciones ya que evalu\u00f3 como positiva en general la alianza entre los libertarios y el Pro, pero como negativa en t\u00e9rminos de nombres locales:&nbsp;<strong>\u201cLa alianza Galli\u2013Arouxet fue totalmente negativa en Olavarr\u00eda. La gente no la vot\u00f3\u201d<\/strong>.<\/p>\n\n\n\n<p>El concejal&nbsp;<strong>no esquiv\u00f3 las preguntas por las diferencias que mantiene con Celeste Arouxet<\/strong>&nbsp;y la l\u00ednea &#8220;oficial&#8221; de LLA local. As\u00ed dijo que no se acerc\u00f3 al local partidario a festejar el domingo pasado:&nbsp;<strong>\u201cNo fui porque me cruzo con personas con las que no tengo nada de di\u00e1logo\u201d<\/strong>.<\/p>\n\n\n\n<p>Petehs tambi\u00e9n fue<strong>&nbsp;cr\u00edtico de la llegada de Las Fuerzas del Cielo<\/strong>. Dijo que&nbsp;<em>\u201cvi militantes que cambiaban de remera seg\u00fan la direcci\u00f3n del viento. Hay que mantener la coherencia<\/em>; no se puede ser camale\u00f3nico en pol\u00edtica\u201d, expres\u00f3.<\/p>\n\n\n\n<figure class=\"wp-block-image size-full\"><img data-recalc-dims=\"1\" loading=\"lazy\" decoding=\"async\" width=\"800\" height=\"445\" src=\"https:\/\/i0.wp.com\/cdnoticias.com\/wp-content\/uploads\/2024\/08\/HCD-sesion-22-de-agosto-marcelo-petehs.jpg?resize=800%2C445&#038;ssl=1\" alt=\"\" class=\"wp-image-123536\" srcset=\"https:\/\/i0.wp.com\/cdnoticias.com\/wp-content\/uploads\/2024\/08\/HCD-sesion-22-de-agosto-marcelo-petehs.jpg?w=800&amp;ssl=1 800w, https:\/\/i0.wp.com\/cdnoticias.com\/wp-content\/uploads\/2024\/08\/HCD-sesion-22-de-agosto-marcelo-petehs.jpg?resize=300%2C167&amp;ssl=1 300w, https:\/\/i0.wp.com\/cdnoticias.com\/wp-content\/uploads\/2024\/08\/HCD-sesion-22-de-agosto-marcelo-petehs.jpg?resize=768%2C427&amp;ssl=1 768w\" sizes=\"auto, (max-width: 800px) 100vw, 800px\" \/><\/figure>\n\n\n\n<p>Unos d\u00edas despu\u00e9s, el mismo concejal hab\u00eda&nbsp;<strong>bajado el tono confrontativo local<\/strong>.&nbsp;<em>\u00bfHabr\u00e1 recibido alg\u00fan llamado de atenci\u00f3n?&nbsp;<\/em>No lo sabemos. Pero igualmente su lectura se impuso en la misma l\u00ednea que antes:&nbsp;<strong>&#8220;la gente sigue a Javier Milei y no a las ideas provinciales y locales&#8221;<\/strong>. Y luego proyect\u00f3 que el Presidente qued\u00f3 bien posicionado para la reelecci\u00f3n. &#8220;Seguramente de cara al 2027 ya ser\u00eda una lectura anticipada, digamos que si el gobierno sigue en este rumbo y no sucede nada catastr\u00f3fico,<strong>&nbsp;la elecci\u00f3n del 2027 va a ser seguramente con un guarismo parecido&#8221;<\/strong>&nbsp;plante\u00f3.<\/p>\n\n\n\n<p>De cara a lo que viene,&nbsp;<strong>el pr\u00f3ximo viernes habr\u00e1 una cena liberal en Mariano Moreno<\/strong>&nbsp;organizado por la dirigencia de LLA en la que&nbsp;<strong>su gr\u00e1fica ya explicita la pertenencia a Las Fuerzas del Cielo<\/strong>. Tal es as\u00ed que uno de los asistentes podr\u00eda ser el&nbsp;<strong>presidente de la bancada LLA en la Provincia, Agust\u00edn Romo<\/strong>. Fuerte acompa\u00f1amiento, de ser as\u00ed. La batalla interna sigue.<\/p>\n\n\n\n<p>Mientras tanto,&nbsp;<strong>Pareja sigue cada vez m\u00e1s firme en su cargo y su rol<\/strong>, independientemente de que tanto \u00e9l como Alejandro Carrancio (otro de los armadores bonaerenses) asumir\u00e1n como diputados nacionales. Esto&nbsp;<strong>choca de frente con la nueva pertenencia de Arouxet y Lascano<\/strong>, que dentro de Las Fuerzas del Cielo tienen de referentes a los \u201cenemigos\u201d de Pareja, el Gordo Dan, el propio Romo, pasando por Santiago Caputo y Nahuel Sotelo, por citar algunas referencias.<\/p>\n\n\n\n<p>\u00bfC\u00f3mo se resolver\u00e1 esa interna? \u00bfHabr\u00e1 novedades importantes de ac\u00e1 a fin de a\u00f1o?<\/p>\n\n\n\n<p><strong>Un corte hist\u00f3rico<\/strong><\/p>\n\n\n\n<p>A\u00fan con una elecci\u00f3n de much\u00edsimos significados en el medio, un acuerdo paritario, y tanto por contar -como la interna libertaria-&nbsp;<strong>el Municipio el viernes rompi\u00f3 los esquemas informativos<\/strong>&nbsp;y anunci\u00f3 el&nbsp;<strong>final del contrato de concesi\u00f3n del servicio el\u00e9ctrico entre el Municipio y Coopelectric<\/strong>, que databa de 1997.<\/p>\n\n\n\n<p>Un punto final que no necesariamente cierra la historia de Coopelectric en el \u00e1mbito el\u00e9ctrico, pero&nbsp;<strong>abre un sinf\u00edn de interrogantes y una historia pol\u00edtica<\/strong>&nbsp;que se debe reconstruir para entender c\u00f3mo se lleg\u00f3 a este punto. Incluso, recordar algunos avisos y situaciones que parec\u00edan fuera de contexto, pero que se entienden al llegar a esta noticia.<\/p>\n\n\n\n<p>En lo estrictamente formal, el comunicado deja en claro que&nbsp;<strong>finaliz\u00f3 el plazo contractual establecido de 25 a\u00f1os m\u00e1s el de pr\u00f3rroga autom\u00e1tico<\/strong>&nbsp;de otros 3,&nbsp;<em>\u201cresultando en la culminaci\u00f3n definitiva de la vinculaci\u00f3n contractual por el plazo de concesi\u00f3n en la fecha indicada\u201d<\/em>.<\/p>\n\n\n\n<figure class=\"wp-block-image size-full\"><img data-recalc-dims=\"1\" loading=\"lazy\" decoding=\"async\" width=\"800\" height=\"445\" src=\"https:\/\/i0.wp.com\/cdnoticias.com\/wp-content\/uploads\/2025\/01\/coopelectric-fachada-05.jpg?resize=800%2C445&#038;ssl=1\" alt=\"\" class=\"wp-image-134490\" srcset=\"https:\/\/i0.wp.com\/cdnoticias.com\/wp-content\/uploads\/2025\/01\/coopelectric-fachada-05.jpg?w=1000&amp;ssl=1 1000w, https:\/\/i0.wp.com\/cdnoticias.com\/wp-content\/uploads\/2025\/01\/coopelectric-fachada-05.jpg?resize=300%2C167&amp;ssl=1 300w, https:\/\/i0.wp.com\/cdnoticias.com\/wp-content\/uploads\/2025\/01\/coopelectric-fachada-05.jpg?resize=768%2C427&amp;ssl=1 768w, https:\/\/i0.wp.com\/cdnoticias.com\/wp-content\/uploads\/2025\/01\/coopelectric-fachada-05.jpg?resize=800%2C445&amp;ssl=1 800w\" sizes=\"auto, (max-width: 800px) 100vw, 800px\" \/><\/figure>\n\n\n\n<p>Vale decir que el final del contrato&nbsp;<strong>no signific\u00f3 que se deje de brindar el suministro<\/strong>: en el contrato se instruye a Coopelectric \u201ca mantener la prestaci\u00f3n del servicio en las mismas condiciones, calidad y obligaciones hasta tanto se culmine el proceso correspondiente de regularizaci\u00f3n en la que se eval\u00fae un nuevo contrato o una nueva adquisici\u00f3n\u201d. Ahora vamos a profundizar en ese camino, que puede ir desde el<strong>&nbsp;cambio de empresa v\u00eda licitaci\u00f3n, que Coopelectric se presente nuevamente como oferente y hasta la expropiaci\u00f3n de la cooperativa<\/strong>.<\/p>\n\n\n\n<p>Despu\u00e9s las cuestiones de forma: todos est\u00e1n avisados, desde la cooperativa, pasando por el OCEBA y demases.<\/p>\n\n\n\n<p>La noticia gener\u00f3&nbsp;<strong>un cimbronazo en la pol\u00edtica local: no s\u00f3lo por el peso de Coopelectric en el funcionamiento de un servicio esencial sino porque ahora se debatir\u00e1 todo el contrato<\/strong>, e incluso podr\u00eda significar<strong>&nbsp;el fin de Coopelectric en el servicio el\u00e9ctrico<\/strong>, lo que no es poca cosa. \u00bfUn dato de color? Las<strong>&nbsp;\u00faltimas desregulaciones del gobierno nacional de Javier Milei<\/strong>&nbsp;permiten una mayor competencia entre distribuidoras e incluso el desembarco efectivo de empresas.<\/p>\n\n\n\n<p>En la reconstrucci\u00f3n de la situaci\u00f3n, las partes coincidieron que&nbsp;<strong>hay una \u201cgran relaci\u00f3n de respeto institucional\u201d&nbsp;<\/strong>que sostuvieron tanto de la gesti\u00f3n Wesner como la cooperativa. Se trabaj\u00f3 en conjunto como con todas las instituciones y que el vencimiento del contrato es una realidad efectiva: se lleg\u00f3 a la fecha y se termin\u00f3.&nbsp;<\/p>\n\n\n\n<p>Para llegar hasta ac\u00e1, de m\u00ednima, tenemos que repasar&nbsp;<strong>una larga historia en la que Coopelectric se transform\u00f3, con su gente, en un actor pol\u00edtico clave<\/strong>&nbsp;en el abanico de opciones locales. De relaciones de gesti\u00f3n a relaciones pol\u00edticas, la dirigencia que ha comandado los destinos de la cooperativa aportaron, para bien o para mal, a este contexto en donde ahora deber\u00e1 reverse todo.&nbsp;<\/p>\n\n\n\n<p>Si bien hist\u00f3ricamente la relaci\u00f3n de Coopelectric con el Municipio ha sido de gesti\u00f3n (incluso entre fuertes diferencias, como la de Mario Cura y Helios Eseverri en aquellas internas en medio de la concertaci\u00f3n de N\u00e9stor Kirchner)<strong>&nbsp;la profundizaci\u00f3n m\u00e1s fuerte de la pol\u00edtica partidaria dentro de la cooperativa casi en su conjunto fue en la gesti\u00f3n de Ezequiel Galli<\/strong>, con Mario Cura y el ex Intendente jugando en t\u00e1ndem abiertamente como aliados pol\u00edticos.<\/p>\n\n\n\n<p>Si bien&nbsp;<strong>Mario Cura siempre tuvo vinculaci\u00f3n con partidos pol\u00edticos&nbsp;<\/strong>-en el \u00faltimo tiempo, de la mano de Miguel \u00c1ngel Pichetto- la relaci\u00f3n de este sector con el Pro dentro de Juntos por el Cambio fue expl\u00edcita e incluso tuvo la participaci\u00f3n de dirigentes importantes de la cooperativa en listas amarillas, como<strong>&nbsp;el propio Ignacio Aramburu<\/strong>&nbsp;(que reasumi\u00f3 como Presidente del Consejo de Administraci\u00f3n esta misma semana) y hasta con concejales, como&nbsp;<strong>Nicol\u00e1s Marinangeli y Miriam Mosescu<\/strong>, por citar dos ejemplos.<\/p>\n\n\n\n<figure class=\"wp-block-image size-full\"><img data-recalc-dims=\"1\" loading=\"lazy\" decoding=\"async\" width=\"800\" height=\"445\" src=\"https:\/\/i0.wp.com\/cdnoticias.com\/wp-content\/uploads\/2025\/10\/Ignacio-Aramburu-00.jpg?resize=800%2C445&#038;ssl=1\" alt=\"\" class=\"wp-image-186553\" srcset=\"https:\/\/i0.wp.com\/cdnoticias.com\/wp-content\/uploads\/2025\/10\/Ignacio-Aramburu-00.jpg?w=960&amp;ssl=1 960w, https:\/\/i0.wp.com\/cdnoticias.com\/wp-content\/uploads\/2025\/10\/Ignacio-Aramburu-00.jpg?resize=300%2C167&amp;ssl=1 300w, https:\/\/i0.wp.com\/cdnoticias.com\/wp-content\/uploads\/2025\/10\/Ignacio-Aramburu-00.jpg?resize=768%2C427&amp;ssl=1 768w, https:\/\/i0.wp.com\/cdnoticias.com\/wp-content\/uploads\/2025\/10\/Ignacio-Aramburu-00.jpg?resize=800%2C445&amp;ssl=1 800w\" sizes=\"auto, (max-width: 800px) 100vw, 800px\" \/><\/figure>\n\n\n\n<p>De hecho, durante las gestiones de Marinangeli y Mosescu, el gallismo tuvo mayor\u00eda y fue uno de los&nbsp;<strong>mayores periodos sin incrementos de tarifa de Obras Sanitarias<\/strong>, que tanta pol\u00e9mica gener\u00f3 y que muchos catalogaron como&nbsp;<strong>una de las razones del importante d\u00e9ficit que maneja Coopelectric.<\/strong><\/p>\n\n\n\n<p>Fue all\u00ed el&nbsp;<strong>crecimiento concreto del descontento con el funcionamiento de los servicios<\/strong>&nbsp;gestionados por Coopelectric. Si bien Helios y Jos\u00e9 Eseverri lograban un equilibrio entre tarifas atrasadas y crecimiento en obras p\u00fablicas concretas para el sector, en la gesti\u00f3n Galli ese equilibrio se perdi\u00f3. Por eso hablamos de un cambio de posturas de gesti\u00f3n y posturas pol\u00edticas: donde creci\u00f3 la alianza partidaria, se desequilibr\u00f3 la gesti\u00f3n.&nbsp;<\/p>\n\n\n\n<p>Esto no quiere decir que los dirigentes de Coopelectric no puedan participar en pol\u00edtica partidaria, todo lo contrario: sean todos bienvenidos. El tema pasa porque&nbsp;<strong>el sector que gestion\u00f3 -y gestiona- los destinos de la cooperativa actu\u00f3 siempre en bloque.<\/strong>&nbsp;No es casual, de hecho, que el acompa\u00f1amiento puntual a la gesti\u00f3n Galli sea m\u00e1s de Coopelectric que del curismo \u2026 aunque podr\u00edamos decir que son lo mismo.<\/p>\n\n\n\n<p>Volviendo al c\u00f3mo llegamos, empiezan a no ser casuales los&nbsp;<strong>dichos del secretario general de Luz y Fuerza, Eduardo Amaya<\/strong>: desde marzo que avizora un horizonte muy complejo para la cooperativa con epicentro con la deuda con CAMMESA, que vale decir fue renegociada para pagarse a futuro.<strong>&nbsp;&#8220;La debacle no es la tarifa sino que lo es la administraci\u00f3n, que hoy est\u00e1 llevando adelante la empresa con su Presidente, que hace m\u00e1s de 30 a\u00f1os que es la misma conducci\u00f3n<\/strong>&nbsp;y que ha llevado a que esto est\u00e9 de la manera que est\u00e1&#8221; dijo en marzo.<\/p>\n\n\n\n<p>Al mismo tiempo, afirm\u00f3 que &#8220;siempre lo hemos denunciado puertas para adentro. Hoy salimos por la necesidad que tenemos para&nbsp;<strong>visibilizar esta situaci\u00f3n compleja que tiene la empresa<\/strong>&nbsp;pero lo venimos hablando y buscando alternativas&#8221;.<\/p>\n\n\n\n<p><em>&#8220;Nosotros queremos que la empresa siga funcionando. Nosotros queremos que siga la cooperativa funcionando como tal, pero emprolijada&#8221;<\/em>, agreg\u00f3.<\/p>\n\n\n\n<p>En agosto, incluso, Amaya agreg\u00f3 que&nbsp;<strong>hubo asambleas en los lugares de trabajo&nbsp;<\/strong>y se\u00f1al\u00f3 que los trabajadores empezaban un plan de lucha incluso con algunos paros.&nbsp;<strong>\u201cNosotros vemos que no les importa nada. El presidente habla y no s\u00e9 qu\u00e9 dice.<\/strong>&nbsp;Nosotros estamos haciendo una asamblea en los lugares de trabajo y ahora espont\u00e1neamente nos vamos a convocar y vamos a ir al Consejo de Administraci\u00f3n, porque vamos a esperar a que, porque siempre estamos esperando\u201d relat\u00f3.<\/p>\n\n\n\n<figure class=\"wp-block-image size-large\"><img data-recalc-dims=\"1\" loading=\"lazy\" decoding=\"async\" width=\"800\" height=\"445\" src=\"https:\/\/i0.wp.com\/cdnoticias.com\/wp-content\/uploads\/2024\/05\/amaya-cgt-olavarria1.jpg?resize=800%2C445&#038;ssl=1\" alt=\"\" class=\"wp-image-115655\" srcset=\"https:\/\/i0.wp.com\/cdnoticias.com\/wp-content\/uploads\/2024\/05\/amaya-cgt-olavarria1.jpg?resize=1024%2C570&amp;ssl=1 1024w, https:\/\/i0.wp.com\/cdnoticias.com\/wp-content\/uploads\/2024\/05\/amaya-cgt-olavarria1.jpg?resize=300%2C167&amp;ssl=1 300w, https:\/\/i0.wp.com\/cdnoticias.com\/wp-content\/uploads\/2024\/05\/amaya-cgt-olavarria1.jpg?resize=768%2C428&amp;ssl=1 768w, https:\/\/i0.wp.com\/cdnoticias.com\/wp-content\/uploads\/2024\/05\/amaya-cgt-olavarria1.jpg?resize=800%2C445&amp;ssl=1 800w, https:\/\/i0.wp.com\/cdnoticias.com\/wp-content\/uploads\/2024\/05\/amaya-cgt-olavarria1.jpg?w=1072&amp;ssl=1 1072w\" sizes=\"auto, (max-width: 800px) 100vw, 800px\" \/><\/figure>\n\n\n\n<p>\u201cHacemos lo posible para que no afecte al usuario, pero nos est\u00e1 faltando gente y los subgerentes -que son chicos que empezaron hace poco- no atienden y si atienden lo hacen de muy mal modo. Lo mismo ocurre en el sector operativo\u201d plante\u00f3.<\/p>\n\n\n\n<p>Lo concreto es que sumando todas las variables,&nbsp;<strong>este desenlace parec\u00eda inevitable. A\u00fan resta saber c\u00f3mo continuar\u00e1n -si es que contin\u00faan- negociaciones<\/strong>&nbsp;o planteos para que Coopelectric pueda recuperar el servicio. Entre las opciones jur\u00eddicas que aparecen, seg\u00fan el detalle que pudo conseguir este newsletter, es que ahora&nbsp;<strong>hay un plazo de al menos tres a\u00f1os m\u00e1ximo donde la cooperativa deber\u00e1 brindar el mismo servicio<\/strong>, con la misma calidad \u201co hasta tanto se formalice un nuevo contrato dentro de dicho t\u00e9rmino\u201d.&nbsp;<\/p>\n\n\n\n<p>Entendemos que no pasar\u00e1 ese plazo sin conocer novedades: incluso,<strong>&nbsp;el plazo supera la gesti\u00f3n de Maximiliano Wesner<\/strong>. Lo que queda claro en el \u00e1mbito jur\u00eddico, adem\u00e1s, es que pase lo que pase la cooperativa deber\u00e1 seguir brindando el servicio, incluso si no quisiera renovarlo hasta tanto una nueva distribuidora ocupe el lugar.<\/p>\n\n\n\n<p>Ahora&nbsp;nada volver\u00e1 a ser como era. El repaso hist\u00f3rico con algunos pocos ejemplos de&nbsp;<strong>lo sucedido con Coopelectric en los \u00faltimos a\u00f1os ser\u00e1 clave para entender el porvenir de una empresa que marc\u00f3 una era<\/strong>&nbsp;en la ciudad y que tiene chances concretas -ni bajas ni altas, concretas- de perder el servicio el\u00e9ctrico.&nbsp;<\/p>\n\n\n\n<p><strong>Las repercusiones<\/strong><\/p>\n\n\n\n<p>Hubo tres dirigentes que plantearon su postura ante la sorpresiva decisi\u00f3n. Algunos catalogaron la decisi\u00f3n como \u201cinteresante\u201d, otros como una oportunidad, y sectores que mostraron cautela. La postura se tom\u00f3 a 24 horas de la novedad, lo que para muchos era todav\u00eda muy prematuro.<\/p>\n\n\n\n<figure class=\"wp-block-image size-full\"><img data-recalc-dims=\"1\" loading=\"lazy\" decoding=\"async\" width=\"800\" height=\"445\" src=\"https:\/\/i0.wp.com\/cdnoticias.com\/wp-content\/uploads\/2025\/10\/lascano-legislativas.jpg?resize=800%2C445&#038;ssl=1\" alt=\"\" class=\"wp-image-186233\" srcset=\"https:\/\/i0.wp.com\/cdnoticias.com\/wp-content\/uploads\/2025\/10\/lascano-legislativas.jpg?w=800&amp;ssl=1 800w, https:\/\/i0.wp.com\/cdnoticias.com\/wp-content\/uploads\/2025\/10\/lascano-legislativas.jpg?resize=300%2C167&amp;ssl=1 300w, https:\/\/i0.wp.com\/cdnoticias.com\/wp-content\/uploads\/2025\/10\/lascano-legislativas.jpg?resize=768%2C427&amp;ssl=1 768w\" sizes=\"auto, (max-width: 800px) 100vw, 800px\" \/><\/figure>\n\n\n\n<p><strong>Guillermo Lascano, dirigente de La Libertad Avanza<\/strong>, opin\u00f3 que se trat\u00f3 de&nbsp;<strong>una decisi\u00f3n \u201cinteresante\u201d siempre y cuando est\u00e9 \u201cdespojada de oportunismo, especulaci\u00f3n y\/o ejercicio de una posici\u00f3n dominante<\/strong>&nbsp;ante la una cooperativa que se encuentra en una situaci\u00f3n de debilidad institucional como nunca antes hab\u00eda estado\u201d.<\/p>\n\n\n\n<p>Se\u00f1al\u00f3 que si la decisi\u00f3n est\u00e1 tomada desde la \u201cimposibilidad de brindar respuesta al crecimiento del partido de Olavarr\u00eda, de desarrollar nuevas inversiones y recambio sostenido de la red, y\/o la decisiones estrat\u00e9gicas de contar con mayor potencia para radicaci\u00f3n de nuevas empresas; es decir,&nbsp;<strong>desde la limitante del concesionario a brindar respuesta al desarrollo de los olavarrienses, la decisi\u00f3n de realizar una nueva licitaci\u00f3n internacional podr\u00eda ser una soluci\u00f3n importante, transparente y oportuna,<\/strong>&nbsp;sin perder de vista, todo lo que ello implica\u201d. Todo esto, seg\u00fan Lascano,&nbsp;<em>dentro de un plazo de 12 meses de esta pr\u00f3rroga sin contrato.<\/em><\/p>\n\n\n\n<p>Basado en tama\u00f1a decisi\u00f3n, Lascano adelant\u00f3&nbsp;<strong>LLA presentar\u00e1 en el HCD un pedido de informe para acceder \u201cal diagn\u00f3stico t\u00e9cnico de la situaci\u00f3n operativa&nbsp;<\/strong>del Partido de Olavarr\u00eda as\u00ed como tambi\u00e9n a la capacidad del concesionario\u201d teniendo en cuenta que, en su mirada, \u201cesto debi\u00f3 tener conversaciones previas, es decir, un a\u00f1o antes del vencimiento del plazo el Ejecutivo deber\u00eda tener un an\u00e1lisis t\u00e9cnico pormenorizado de la inversiones y de la situaci\u00f3n econ\u00f3mica\/financiera de la concesionaria. Las partes seguramente tuvieron conversaciones al respecto y debe estar toda la informaci\u00f3n a disposici\u00f3n\u201d.<\/p>\n\n\n\n<figure class=\"wp-block-image size-full\"><img data-recalc-dims=\"1\" loading=\"lazy\" decoding=\"async\" width=\"800\" height=\"445\" src=\"https:\/\/i0.wp.com\/cdnoticias.com\/wp-content\/uploads\/2025\/10\/HCD-sesion-9-de-octubre-2025-02-francisco-gonzalez.jpg?resize=800%2C445&#038;ssl=1\" alt=\"\" class=\"wp-image-184687\" srcset=\"https:\/\/i0.wp.com\/cdnoticias.com\/wp-content\/uploads\/2025\/10\/HCD-sesion-9-de-octubre-2025-02-francisco-gonzalez.jpg?w=1000&amp;ssl=1 1000w, https:\/\/i0.wp.com\/cdnoticias.com\/wp-content\/uploads\/2025\/10\/HCD-sesion-9-de-octubre-2025-02-francisco-gonzalez.jpg?resize=300%2C167&amp;ssl=1 300w, https:\/\/i0.wp.com\/cdnoticias.com\/wp-content\/uploads\/2025\/10\/HCD-sesion-9-de-octubre-2025-02-francisco-gonzalez.jpg?resize=768%2C427&amp;ssl=1 768w, https:\/\/i0.wp.com\/cdnoticias.com\/wp-content\/uploads\/2025\/10\/HCD-sesion-9-de-octubre-2025-02-francisco-gonzalez.jpg?resize=800%2C445&amp;ssl=1 800w\" sizes=\"auto, (max-width: 800px) 100vw, 800px\" \/><\/figure>\n\n\n\n<p><strong>Francisco Gonz\u00e1lez, concejal del radicalismo<\/strong>, se\u00f1al\u00f3 que toda esta situaci\u00f3n adem\u00e1s de sorpresiva es<strong>&nbsp;\u201calgo totalmente novedoso\u201d<\/strong>&nbsp;y admiti\u00f3 que desconoc\u00edan la posibilidad de no renovaci\u00f3n del contrato.&nbsp;<\/p>\n\n\n\n<p>\u201cDe todos modos esperamos que m\u00e1s all\u00e1 de qui\u00e9n se har\u00e1 cargo de prestar los servicios, que sea&nbsp;<strong>un proceso claro y transparente en beneficio de los usuarios y de una mejora en la calidad de los servicios p\u00fablicos\u201d.<\/strong><\/p>\n\n\n\n<p><strong>Marcelo Petehs, concejal de Por M\u00e1s Libertad<\/strong>, le dijo a este newsletter que se trata de una doble oportunidad, lo que no es poco:&nbsp;<strong>\u201ces una oportunidad \u00fanica de los olavarrienses de tener nuevos oferentes<\/strong>&nbsp;y que todo ello se vea reflejado en la calidad del servicio y mejores costos para los usuarios\u201d.<\/p>\n\n\n\n<p>Y si no aparecieran nuevos oferentes,&nbsp;<strong>\u201cmejorar las condiciones que ya tiene Coopelectric a trav\u00e9s del dise\u00f1o de un nuevo contrato\u201d<\/strong>.&nbsp;<\/p>\n\n\n\n<p>M\u00e1s all\u00e1 de salvedades o sorpresas, en l\u00edneas generales todos admitieron (incluso otros dirigentes en estricto off) que&nbsp;<strong>la cooperativa atravesaba un mal momento, quiz\u00e1s uno de los peores en su historia.&nbsp;<\/strong>Y coincidi\u00f3, justo, con el fin de la concesi\u00f3n del servicio el\u00e9ctrico. Ahora ser\u00e1 un barajar y dar de nuevo.&nbsp;<\/p>\n\n\n\n\n<h4>El newsletter<\/h4>\n<div>\u00a0<\/div>\n<div>Esta publicaci\u00f3n es parte de la edici\u00f3n de este domingo del newsletter\u00a0Volver\u00a0a las\u00a0Fuentes\u00a0que escriben Alexis Grierson y Josefina Bargas\u00a0al que se puede\u00a0<a href=\"https:\/\/mailchi.mp\/b79017b99e44\/la-victoria-en-las-urnas-y-el-viraje-en-la-interna?e=e4ffb04d40\" target=\"_blank\" rel=\"noopener\" data-saferedirecturl=\"https:\/\/www.google.com\/url?q=https:\/\/mailchi.mp\/9d0d9ee9a5e9\/visitas-en-campaa-un-top-4&amp;source=gmail&amp;ust=1761001004574000&amp;usg=AOvVaw0AiUqeCd88odUH8pshdrI5\">acceder aqu\u00ed<\/a>. Tiene un sistema de suscripci\u00f3n econ\u00f3mica y aportes \u00fanicos al que se puede\u00a0<a href=\"https:\/\/linktr.ee\/volveralasfuentes\" target=\"_blank\" rel=\"noopener\" data-saferedirecturl=\"https:\/\/www.google.com\/url?q=https:\/\/linktr.ee\/volveralasfuentes&amp;source=gmail&amp;ust=1761001004574000&amp;usg=AOvVaw1_cOrwsQJD2CTa8uQj0y3M\">acceder aqu\u00ed<\/a>.<\/div>","protected":false},"excerpt":{"rendered":"<p>Las Legislativas para LLA y las interpretaciones del resultado. Adem\u00e1s, el final del contrato con Coopelectric por el suministro el\u00e9ctrico.<\/p>\n","protected":false},"author":4,"featured_media":186263,"comment_status":"closed","ping_status":"closed","sticky":false,"template":"","format":"standard","meta":{"_jetpack_memberships_contains_paid_content":false,"footnotes":""},"categories":[4,1],"tags":[],"class_list":["post-186825","post","type-post","status-publish","format-standard","has-post-thumbnail","hentry","category-politica","category-portada"],"jetpack_featured_media_url":"https:\/\/i0.wp.com\/cdnoticias.com\/wp-content\/uploads\/2025\/10\/legislativas-la-libertad-avanza-festejo-00.jpg?fit=1000%2C556&ssl=1","jetpack_sharing_enabled":true,"_links":{"self":[{"href":"https:\/\/cdnoticias.com\/index.php\/wp-json\/wp\/v2\/posts\/186825","targetHints":{"allow":["GET"]}}],"collection":[{"href":"https:\/\/cdnoticias.com\/index.php\/wp-json\/wp\/v2\/posts"}],"about":[{"href":"https:\/\/cdnoticias.com\/index.php\/wp-json\/wp\/v2\/types\/post"}],"author":[{"embeddable":true,"href":"https:\/\/cdnoticias.com\/index.php\/wp-json\/wp\/v2\/users\/4"}],"replies":[{"embeddable":true,"href":"https:\/\/cdnoticias.com\/index.php\/wp-json\/wp\/v2\/comments?post=186825"}],"version-history":[{"count":0,"href":"https:\/\/cdnoticias.com\/index.php\/wp-json\/wp\/v2\/posts\/186825\/revisions"}],"wp:featuredmedia":[{"embeddable":true,"href":"https:\/\/cdnoticias.com\/index.php\/wp-json\/wp\/v2\/media\/186263"}],"wp:attachment":[{"href":"https:\/\/cdnoticias.com\/index.php\/wp-json\/wp\/v2\/media?parent=186825"}],"wp:term":[{"taxonomy":"category","embeddable":true,"href":"https:\/\/cdnoticias.com\/index.php\/wp-json\/wp\/v2\/categories?post=186825"},{"taxonomy":"post_tag","embeddable":true,"href":"https:\/\/cdnoticias.com\/index.php\/wp-json\/wp\/v2\/tags?post=186825"}],"curies":[{"name":"wp","href":"https:\/\/api.w.org\/{rel}","templated":true}]}}