{"id":186820,"date":"2025-11-02T18:00:06","date_gmt":"2025-11-02T21:00:06","guid":{"rendered":"https:\/\/cdnoticias.com\/?p=186820"},"modified":"2025-11-03T08:43:24","modified_gmt":"2025-11-03T11:43:24","slug":"la-40a-edicion-de-la-fiesta-un-aplauso-al-asador-ya-tiene-grilla-confirmada","status":"publish","type":"post","link":"https:\/\/cdnoticias.com\/index.php\/2025\/11\/02\/la-40a-edicion-de-la-fiesta-un-aplauso-al-asador-ya-tiene-grilla-confirmada\/","title":{"rendered":"La 40\u00aa edici\u00f3n de la Fiesta \u201cUn Aplauso al Asador\u201d ya tiene grilla confirmada\u00a0"},"content":{"rendered":"\n<p>La cita est\u00e1 pautada para el domingo 9 de noviembre en el parque Helios Eseverri, dando inicio con el acto protocolar anunciado a las 11 horas.&nbsp;<\/p>\n\n\n\n<hr class=\"wp-block-separator aligncenter has-alpha-channel-opacity\"\/>\n\n\n\n<p>Llega una nueva edici\u00f3n de \u201c<strong>Un aplauso al Asador\u201d<\/strong>, la fiesta que re\u00fane la <strong>tradici\u00f3n y costumbre criolla<\/strong> en una jornada que combina lo mejor de nuestras ra\u00edces.\u00a0<\/p>\n\n\n\n<p><\/p>\n\n\n\n<p>Como todos los a\u00f1os, este evento tiene como eje principal el <strong>trabajo conjunto con las instituciones, que ser\u00e1n 40 las que participar\u00e1n este a\u00f1o <\/strong>con la preparaci\u00f3n y <strong>venta de comidas t\u00edpicas criollas.<\/strong><\/p>\n\n\n\n<p><\/p>\n\n\n\n<blockquote class=\"wp-block-quote is-layout-flow wp-block-quote-is-layout-flow\">\n<p>La cita est\u00e1 pautada para el domingo 9 de noviembre en el parque Helios Eseverri, dando inicio con el acto protocolar anunciado a las 11 horas.\u00a0<\/p>\n<\/blockquote>\n\n\n\n<p><\/p>\n\n\n\n<figure class=\"wp-block-image aligncenter size-full\"><img data-recalc-dims=\"1\" loading=\"lazy\" decoding=\"async\" width=\"800\" height=\"600\" src=\"https:\/\/i0.wp.com\/cdnoticias.com\/wp-content\/uploads\/2023\/11\/aplauso-al-asador-noviembre-2023-6.jpg?resize=800%2C600&#038;ssl=1\" alt=\"\" class=\"wp-image-101089\" srcset=\"https:\/\/i0.wp.com\/cdnoticias.com\/wp-content\/uploads\/2023\/11\/aplauso-al-asador-noviembre-2023-6.jpg?w=1000&amp;ssl=1 1000w, https:\/\/i0.wp.com\/cdnoticias.com\/wp-content\/uploads\/2023\/11\/aplauso-al-asador-noviembre-2023-6.jpg?resize=300%2C225&amp;ssl=1 300w, https:\/\/i0.wp.com\/cdnoticias.com\/wp-content\/uploads\/2023\/11\/aplauso-al-asador-noviembre-2023-6.jpg?resize=768%2C576&amp;ssl=1 768w\" sizes=\"auto, (max-width: 800px) 100vw, 800px\" \/><\/figure>\n\n\n\n<p><\/p>\n\n\n\n<p>Asimismo, la fiesta contar\u00e1 con un <strong>escenario dedicado al folklore, <\/strong>conformado por <strong>m\u00fasicos y bailarines locales y nacionales,<\/strong> cuyas presentaciones dar\u00e1n inicio <strong>desde las 13 horas.<\/strong><\/p>\n\n\n\n<p><\/p>\n\n\n\n<p class=\"has-medium-font-size\"><strong>Cronograma de artistas<\/strong><\/p>\n\n\n\n<ul class=\"wp-block-list\">\n<li>Apertura del Ballet Folkl\u00f3rico Municipal<\/li>\n<\/ul>\n\n\n\n<ul class=\"wp-block-list\">\n<li>Ensamble de M\u00fasica Popular \u201cOctavio Sabattini\u201d<\/li>\n<\/ul>\n\n\n\n<ul class=\"wp-block-list\">\n<li>Ballet a cargo de la profesora Ana Palladini<\/li>\n<\/ul>\n\n\n\n<ul class=\"wp-block-list\">\n<li>Grupo de folklore a cargo de Martin Graff<\/li>\n<\/ul>\n\n\n\n<ul class=\"wp-block-list\">\n<li>Grupo de danza La Huellera<\/li>\n<\/ul>\n\n\n\n<ul class=\"wp-block-list\">\n<li>Campero Campero<\/li>\n<\/ul>\n\n\n\n<ul class=\"wp-block-list\">\n<li>Grupo de malambo a cargo de Lucas Sotuyo<\/li>\n<\/ul>\n\n\n\n<ul class=\"wp-block-list\">\n<li>Grupo de folklore a cargo de Paloma Pacheco<\/li>\n<\/ul>\n\n\n\n<ul class=\"wp-block-list\">\n<li>Grupo de danza a cargo del profesor Juan Jos\u00e9 Rivas<\/li>\n<\/ul>\n\n\n\n<ul class=\"wp-block-list\">\n<li>Herederos<\/li>\n<\/ul>\n\n\n\n<ul class=\"wp-block-list\">\n<li>Cierre a cargo del tr\u00edo de m\u00fasica popular \u201cDos m\u00e1s Uno\u201d<\/li>\n<\/ul>\n","protected":false},"excerpt":{"rendered":"<p>La cita est\u00e1 pautada para el domingo 9 de noviembre en el parque Helios Eseverri, dando inicio con el acto<\/p>\n","protected":false},"author":6,"featured_media":130636,"comment_status":"closed","ping_status":"closed","sticky":false,"template":"","format":"standard","meta":{"_jetpack_memberships_contains_paid_content":false,"footnotes":""},"categories":[9,1],"tags":[],"class_list":["post-186820","post","type-post","status-publish","format-standard","has-post-thumbnail","hentry","category-cultura","category-portada"],"jetpack_featured_media_url":"https:\/\/i0.wp.com\/cdnoticias.com\/wp-content\/uploads\/2024\/11\/aplauso-al-asador-00.jpg?fit=1000%2C556&ssl=1","jetpack_sharing_enabled":true,"_links":{"self":[{"href":"https:\/\/cdnoticias.com\/index.php\/wp-json\/wp\/v2\/posts\/186820","targetHints":{"allow":["GET"]}}],"collection":[{"href":"https:\/\/cdnoticias.com\/index.php\/wp-json\/wp\/v2\/posts"}],"about":[{"href":"https:\/\/cdnoticias.com\/index.php\/wp-json\/wp\/v2\/types\/post"}],"author":[{"embeddable":true,"href":"https:\/\/cdnoticias.com\/index.php\/wp-json\/wp\/v2\/users\/6"}],"replies":[{"embeddable":true,"href":"https:\/\/cdnoticias.com\/index.php\/wp-json\/wp\/v2\/comments?post=186820"}],"version-history":[{"count":0,"href":"https:\/\/cdnoticias.com\/index.php\/wp-json\/wp\/v2\/posts\/186820\/revisions"}],"wp:featuredmedia":[{"embeddable":true,"href":"https:\/\/cdnoticias.com\/index.php\/wp-json\/wp\/v2\/media\/130636"}],"wp:attachment":[{"href":"https:\/\/cdnoticias.com\/index.php\/wp-json\/wp\/v2\/media?parent=186820"}],"wp:term":[{"taxonomy":"category","embeddable":true,"href":"https:\/\/cdnoticias.com\/index.php\/wp-json\/wp\/v2\/categories?post=186820"},{"taxonomy":"post_tag","embeddable":true,"href":"https:\/\/cdnoticias.com\/index.php\/wp-json\/wp\/v2\/tags?post=186820"}],"curies":[{"name":"wp","href":"https:\/\/api.w.org\/{rel}","templated":true}]}}