{"id":186817,"date":"2025-11-03T08:25:42","date_gmt":"2025-11-03T11:25:42","guid":{"rendered":"https:\/\/cdnoticias.com\/?p=186817"},"modified":"2025-11-03T08:25:44","modified_gmt":"2025-11-03T11:25:44","slug":"nueva-fecha-de-la-revalida-para-guardavidas","status":"publish","type":"post","link":"https:\/\/cdnoticias.com\/index.php\/2025\/11\/03\/nueva-fecha-de-la-revalida-para-guardavidas\/","title":{"rendered":"Nueva fecha de la rev\u00e1lida para guardavidas"},"content":{"rendered":"\n<p>Ser\u00e1 el s\u00e1bado 8 de noviembre. Desde la organizaci\u00f3n se aclar\u00f3 que las personas que estaban inscriptas no deber\u00e1n anotarse nuevamente.<\/p>\n\n\n\n<hr class=\"wp-block-separator aligncenter has-alpha-channel-opacity\"\/>\n\n\n\n<p>El pr\u00f3ximo <strong>s\u00e1bado 8 de noviembre <\/strong>se llevar\u00e1 a cabo en nuestra ciudad la <strong>prueba de suficiencia acu\u00e1tica,<\/strong> conocida com\u00fanmente como <strong>rev\u00e1lida<\/strong>, destinada a <strong>guardavidas con libreta con vigencia.<\/strong> La actividad es organizada en conjunto con la Comisi\u00f3n Provincial de Guardavidas del Ministerio de Seguridad de la Provincia de Buenos Aires.<\/p>\n\n\n\n<p><\/p>\n\n\n\n<p>Se trata de la jornada que estaba pautada a realizarse d\u00edas atr\u00e1s. En ese sentido, <strong>desde la organizaci\u00f3n se aclar\u00f3 que las personas que estaban inscriptas no deber\u00e1n anotarse nuevamente.<\/strong><\/p>\n\n\n\n<p><\/p>\n\n\n\n<p>A la par, <strong>quienes est\u00e9n interesados en sumarse <\/strong>tambi\u00e9n est\u00e1n a tiempo de poder hacerlo a trav\u00e9s del <strong>formulario online <\/strong>al que se accede haciendo <a href=\"https:\/\/guardavidas.mseg.gba.gov.ar\/consulta.aspx\">clic<\/a><a href=\"https:\/\/guardavidas.mseg.gba.gov.ar\/consulta.aspx\" target=\"_blank\" rel=\"noreferrer noopener\">k<\/a><a href=\"https:\/\/guardavidas.mseg.gba.gov.ar\/consulta.aspx\"> aqu\u00ed<\/a>.<\/p>\n\n\n\n<p><\/p>\n\n\n\n<p>La actividad se realizar\u00e1<strong> desde las 12:30 horas, en el Natatorio del Club Ferro.<\/strong> Para participar, adem\u00e1s de llenar el formulario de inscripci\u00f3n, deber\u00e1n descargar y completar la documentaci\u00f3n all\u00ed disponible. Esa informaci\u00f3n, junto con la libreta, deber\u00e1 ser presentada el d\u00eda de la Rev\u00e1lida.<\/p>\n\n\n\n<p><\/p>\n","protected":false},"excerpt":{"rendered":"<p>Ser\u00e1 el s\u00e1bado 8 de noviembre. Desde la organizaci\u00f3n se aclar\u00f3 que las personas que estaban inscriptas no deber\u00e1n anotarse<\/p>\n","protected":false},"author":6,"featured_media":105856,"comment_status":"closed","ping_status":"closed","sticky":false,"template":"","format":"standard","meta":{"_jetpack_memberships_contains_paid_content":false,"footnotes":""},"categories":[5,1],"tags":[],"class_list":["post-186817","post","type-post","status-publish","format-standard","has-post-thumbnail","hentry","category-informacion-general","category-portada"],"jetpack_featured_media_url":"https:\/\/i0.wp.com\/cdnoticias.com\/wp-content\/uploads\/2024\/01\/guardavidas.jpg?fit=1000%2C665&ssl=1","jetpack_sharing_enabled":true,"_links":{"self":[{"href":"https:\/\/cdnoticias.com\/index.php\/wp-json\/wp\/v2\/posts\/186817","targetHints":{"allow":["GET"]}}],"collection":[{"href":"https:\/\/cdnoticias.com\/index.php\/wp-json\/wp\/v2\/posts"}],"about":[{"href":"https:\/\/cdnoticias.com\/index.php\/wp-json\/wp\/v2\/types\/post"}],"author":[{"embeddable":true,"href":"https:\/\/cdnoticias.com\/index.php\/wp-json\/wp\/v2\/users\/6"}],"replies":[{"embeddable":true,"href":"https:\/\/cdnoticias.com\/index.php\/wp-json\/wp\/v2\/comments?post=186817"}],"version-history":[{"count":0,"href":"https:\/\/cdnoticias.com\/index.php\/wp-json\/wp\/v2\/posts\/186817\/revisions"}],"wp:featuredmedia":[{"embeddable":true,"href":"https:\/\/cdnoticias.com\/index.php\/wp-json\/wp\/v2\/media\/105856"}],"wp:attachment":[{"href":"https:\/\/cdnoticias.com\/index.php\/wp-json\/wp\/v2\/media?parent=186817"}],"wp:term":[{"taxonomy":"category","embeddable":true,"href":"https:\/\/cdnoticias.com\/index.php\/wp-json\/wp\/v2\/categories?post=186817"},{"taxonomy":"post_tag","embeddable":true,"href":"https:\/\/cdnoticias.com\/index.php\/wp-json\/wp\/v2\/tags?post=186817"}],"curies":[{"name":"wp","href":"https:\/\/api.w.org\/{rel}","templated":true}]}}