{"id":186795,"date":"2025-11-01T20:01:27","date_gmt":"2025-11-01T23:01:27","guid":{"rendered":"https:\/\/cdnoticias.com\/?p=186795"},"modified":"2025-11-02T11:35:47","modified_gmt":"2025-11-02T14:35:47","slug":"kicillof-denuncio-un-gesto-antidemocratico-del-presidente","status":"publish","type":"post","link":"https:\/\/cdnoticias.com\/index.php\/2025\/11\/01\/kicillof-denuncio-un-gesto-antidemocratico-del-presidente\/","title":{"rendered":"Kicillof denunci\u00f3 un &#8220;gesto antidemocr\u00e1tico&#8221; del Presidente"},"content":{"rendered":"\n<p>El gobernador bonaerense Axel Kicillof hizo p\u00fablica una carta dirigida a Javier Milei, donde critic\u00f3 el encuentro restringido a gobernadores aliados.<\/p>\n\n\n\n<hr class=\"wp-block-separator aligncenter has-alpha-channel-opacity\"\/>\n\n\n\n<p>El gobernador de Buenos Aires, <strong>Axel Kicillof,<\/strong> volvi\u00f3 a marcar diferencias con el gobierno nacional, esta vez a trav\u00e9s de una <strong>carta abierta en la que manifest\u00f3 su malestar por haber quedado excluido de la reuni\u00f3n convocada por el presidente Javier Milei <\/strong>con un grupo selecto de gobernadores en la Casa Rosada.<\/p>\n\n\n\n<p><\/p>\n\n\n\n<blockquote class=\"wp-block-quote is-layout-flow wp-block-quote-is-layout-flow\">\n<p>\u201cLas provincias que usted decidi\u00f3 no convocar representan a m\u00e1s del 40% de la poblaci\u00f3n argentina\u201d, advirti\u00f3 Kicillof, subrayando que la convocatoria no incluy\u00f3 a mandatarios elegidos democr\u00e1ticamente que representan una parte sustancial del pa\u00eds. En el texto, el mandatario bonaerense calific\u00f3 la decisi\u00f3n como &#8220;un gesto antidemocr\u00e1tico&#8221; y &#8220;contrario al esp\u00edritu federal&#8221;.<\/p>\n<\/blockquote>\n\n\n\n<p><\/p>\n\n\n\n<p>Kicillof insisti\u00f3 en que <strong>continuar\u00e1 reclamando una audiencia con el Presidente para discutir pol\u00edticas p\u00fablicas <\/strong>y remarc\u00f3 su postura dialoguista pero firme: <em>\u201cNo espere de m\u00ed insultos ni agresiones; pero tampoco espere que ceda en la defensa de los intereses de mi provincia\u201d, <\/em>afirm\u00f3.<\/p>\n\n\n\n<p><\/p>\n\n\n\n<blockquote class=\"wp-block-quote is-layout-flow wp-block-quote-is-layout-flow\">\n<p>Asimismo, cuestion\u00f3 las consecuencias del plan de ajuste econ\u00f3mico del Gobierno. Se\u00f1al\u00f3 que distintos sectores de la poblaci\u00f3n -como jubilados, trabajadores, comerciantes y estudiantes- sufren una recesi\u00f3n que provoca una \u201cferoz ca\u00edda del consumo y las ventas\u201d, as\u00ed como \u201cangustia y desesperaci\u00f3n\u201d entre millones de argentinos.<\/p>\n<\/blockquote>\n\n\n\n<p><\/p>\n\n\n\n<p>En tanto, el gobernador hizo una alusi\u00f3n cr\u00edtica a la influencia de asesor\u00edas y capitales extranjeros en el esquema econ\u00f3mico libertario. \u201c<em>Los d\u00f3lares de Scott Bessent pueden haber sido eficaces para calmar a los mercados financieros, pero de ninguna manera resuelven los problemas de la vida cotidiana de la mayor\u00eda de los argentinos\u201d<\/em>, escribi\u00f3, en referencia al economista estadounidense cercano al Presidente.<\/p>\n\n\n\n<p><\/p>\n\n\n\n<p>Con el reciente resultado electoral como tel\u00f3n de fondo, <strong>Kicillof enfatiz\u00f3 que existe un sector mayoritario de la sociedad que no acompa\u00f1\u00f3 la propuesta libertaria<\/strong> y expres\u00f3 su rechazo a que el peronismo se pliegue a iniciativas que impliquen p\u00e9rdida de derechos o destrucci\u00f3n del aparato productivo nacional.<\/p>\n\n\n\n<p><\/p>\n\n\n\n<p><strong>\u201cEl futuro de la Argentina no se construye con odio ni sometimiento, sino con respeto, cooperaci\u00f3n y amor a la Patria<\/strong>\u201d, concluy\u00f3 el texto, reafirmando una posici\u00f3n de defensa de las provincias y de cr\u00edtica frontal a la actual pol\u00edtica econ\u00f3mica.<\/p>\n\n\n\n<p><\/p>\n\n\n\n<p><em>Fuente: DIB <\/em><\/p>\n\n\n\n<p><\/p>\n","protected":false},"excerpt":{"rendered":"<p>El gobernador bonaerense Axel Kicillof hizo p\u00fablica una carta dirigida a Javier Milei, donde critic\u00f3 el encuentro restringido a gobernadores<\/p>\n","protected":false},"author":6,"featured_media":116456,"comment_status":"closed","ping_status":"closed","sticky":false,"template":"","format":"standard","meta":{"_jetpack_memberships_contains_paid_content":false,"footnotes":""},"categories":[6,1],"tags":[],"class_list":["post-186795","post","type-post","status-publish","format-standard","has-post-thumbnail","hentry","category-nacionales","category-portada"],"jetpack_featured_media_url":"https:\/\/i0.wp.com\/cdnoticias.com\/wp-content\/uploads\/2024\/05\/axel-kicillof-gobernador.jpg?fit=1000%2C556&ssl=1","jetpack_sharing_enabled":true,"_links":{"self":[{"href":"https:\/\/cdnoticias.com\/index.php\/wp-json\/wp\/v2\/posts\/186795","targetHints":{"allow":["GET"]}}],"collection":[{"href":"https:\/\/cdnoticias.com\/index.php\/wp-json\/wp\/v2\/posts"}],"about":[{"href":"https:\/\/cdnoticias.com\/index.php\/wp-json\/wp\/v2\/types\/post"}],"author":[{"embeddable":true,"href":"https:\/\/cdnoticias.com\/index.php\/wp-json\/wp\/v2\/users\/6"}],"replies":[{"embeddable":true,"href":"https:\/\/cdnoticias.com\/index.php\/wp-json\/wp\/v2\/comments?post=186795"}],"version-history":[{"count":0,"href":"https:\/\/cdnoticias.com\/index.php\/wp-json\/wp\/v2\/posts\/186795\/revisions"}],"wp:featuredmedia":[{"embeddable":true,"href":"https:\/\/cdnoticias.com\/index.php\/wp-json\/wp\/v2\/media\/116456"}],"wp:attachment":[{"href":"https:\/\/cdnoticias.com\/index.php\/wp-json\/wp\/v2\/media?parent=186795"}],"wp:term":[{"taxonomy":"category","embeddable":true,"href":"https:\/\/cdnoticias.com\/index.php\/wp-json\/wp\/v2\/categories?post=186795"},{"taxonomy":"post_tag","embeddable":true,"href":"https:\/\/cdnoticias.com\/index.php\/wp-json\/wp\/v2\/tags?post=186795"}],"curies":[{"name":"wp","href":"https:\/\/api.w.org\/{rel}","templated":true}]}}