{"id":186792,"date":"2025-11-04T16:07:52","date_gmt":"2025-11-04T19:07:52","guid":{"rendered":"https:\/\/cdnoticias.com\/?p=186792"},"modified":"2025-11-04T18:00:28","modified_gmt":"2025-11-04T21:00:28","slug":"este-miercoles-barrio-por-barrio-llega-a-colonia-san-miguel","status":"publish","type":"post","link":"https:\/\/cdnoticias.com\/index.php\/2025\/11\/04\/este-miercoles-barrio-por-barrio-llega-a-colonia-san-miguel\/","title":{"rendered":"Este mi\u00e9rcoles, Barrio por Barrio llega a Colonia San Miguel"},"content":{"rendered":"\n<p>La actividad se desarrollar\u00e1 desde las 9:30 horas en la Plaza ubicada sobre San Mart\u00edn y 25 de Mayo.&nbsp;<\/p>\n\n\n\n<hr class=\"wp-block-separator aligncenter has-alpha-channel-opacity\"\/>\n\n\n\n<p>Contin\u00faa el Programa <strong>Barrio por Barrio,<\/strong> el <strong>dispositivo de abordaje territorial e integral <\/strong>que cada mi\u00e9rcoles dice presente en un lugar distinto del Partido de Olavarr\u00eda.\u00a0<\/p>\n\n\n\n<p><\/p>\n\n\n\n<p>En ese marco, este <strong>mi\u00e9rcoles 5 de noviembre <\/strong>no ser\u00e1 la excepci\u00f3n y estar\u00e1n en<strong> Colonia San Miguel<\/strong>. La actividad se desarrollar\u00e1<strong> desde las 9:30 horas en la Plaza ubicada sobre San Mart\u00edn y 25 de Mayo. <\/strong><\/p>\n\n\n\n<p><\/p>\n\n\n\n<blockquote class=\"wp-block-quote is-layout-flow wp-block-quote-is-layout-flow\">\n<p>Vale destacar que no se suspender\u00e1 por lluvia, ya que en caso de condiciones clim\u00e1ticas adversas todo se trasladar\u00e1 a la Sociedad de Fomento de la localidad.<\/p>\n<\/blockquote>\n\n\n\n<p><\/p>\n\n\n\n<p>En ese punto se dispondr\u00e1n puestos de atenci\u00f3n de distintas \u00e1reas del Municipio, donde quienes se acerquen podr\u00e1n llevar adelante los siguientes tr\u00e1mites:<\/p>\n\n\n\n<ul class=\"wp-block-list\">\n<li>SUBE<\/li>\n<\/ul>\n\n\n\n<ul class=\"wp-block-list\">\n<li>Asesoramiento m\u00e9dico y puesto de vacunaci\u00f3n<\/li>\n<\/ul>\n\n\n\n<ul class=\"wp-block-list\">\n<li>Validaci\u00f3n identidad Mi Argentina<\/li>\n<\/ul>\n\n\n\n<ul class=\"wp-block-list\">\n<li>Asesoramiento e inscripci\u00f3n a los programas M\u00e1s Vida y PAAC (personas con celiaqu\u00eda)<\/li>\n<\/ul>\n\n\n\n<ul class=\"wp-block-list\">\n<li>Inscripci\u00f3n a Maternales, Centros de D\u00eda, Envi\u00f3n y Callejeadas<\/li>\n<\/ul>\n\n\n\n<ul class=\"wp-block-list\">\n<li>Atenci\u00f3n de las oficinas de Defensa del Consumidor, Relaciones Vecinales, Casa de Tierras y Regularizaci\u00f3n Dominial, Desarrollo Social, mujeres, G\u00e9neros y Diversidades y Empleo.<\/li>\n<\/ul>\n\n\n\n<p><\/p>\n\n\n\n<p>Se invita a acercarse a vecinos y vecinas de la localidad, como as\u00ed tambi\u00e9n de puntos cercanos.<\/p>\n","protected":false},"excerpt":{"rendered":"<p>La actividad se desarrollar\u00e1 desde las 9:30 horas en la Plaza ubicada sobre San Mart\u00edn y 25 de Mayo.&nbsp; Contin\u00faa<\/p>\n","protected":false},"author":6,"featured_media":184011,"comment_status":"closed","ping_status":"closed","sticky":false,"template":"","format":"standard","meta":{"_jetpack_memberships_contains_paid_content":false,"footnotes":""},"categories":[5,1],"tags":[],"class_list":["post-186792","post","type-post","status-publish","format-standard","has-post-thumbnail","hentry","category-informacion-general","category-portada"],"jetpack_featured_media_url":"https:\/\/i0.wp.com\/cdnoticias.com\/wp-content\/uploads\/2025\/10\/barrio-por-barrio-aoma1.jpg?fit=900%2C586&ssl=1","jetpack_sharing_enabled":true,"_links":{"self":[{"href":"https:\/\/cdnoticias.com\/index.php\/wp-json\/wp\/v2\/posts\/186792","targetHints":{"allow":["GET"]}}],"collection":[{"href":"https:\/\/cdnoticias.com\/index.php\/wp-json\/wp\/v2\/posts"}],"about":[{"href":"https:\/\/cdnoticias.com\/index.php\/wp-json\/wp\/v2\/types\/post"}],"author":[{"embeddable":true,"href":"https:\/\/cdnoticias.com\/index.php\/wp-json\/wp\/v2\/users\/6"}],"replies":[{"embeddable":true,"href":"https:\/\/cdnoticias.com\/index.php\/wp-json\/wp\/v2\/comments?post=186792"}],"version-history":[{"count":0,"href":"https:\/\/cdnoticias.com\/index.php\/wp-json\/wp\/v2\/posts\/186792\/revisions"}],"wp:featuredmedia":[{"embeddable":true,"href":"https:\/\/cdnoticias.com\/index.php\/wp-json\/wp\/v2\/media\/184011"}],"wp:attachment":[{"href":"https:\/\/cdnoticias.com\/index.php\/wp-json\/wp\/v2\/media?parent=186792"}],"wp:term":[{"taxonomy":"category","embeddable":true,"href":"https:\/\/cdnoticias.com\/index.php\/wp-json\/wp\/v2\/categories?post=186792"},{"taxonomy":"post_tag","embeddable":true,"href":"https:\/\/cdnoticias.com\/index.php\/wp-json\/wp\/v2\/tags?post=186792"}],"curies":[{"name":"wp","href":"https:\/\/api.w.org\/{rel}","templated":true}]}}