{"id":186777,"date":"2025-11-02T10:30:08","date_gmt":"2025-11-02T13:30:08","guid":{"rendered":"https:\/\/cdnoticias.com\/?p=186777"},"modified":"2025-11-02T18:00:28","modified_gmt":"2025-11-02T21:00:28","slug":"nueva-temporada-de-verano-dorado-en-la-ciudad-y-en-las-localidades","status":"publish","type":"post","link":"https:\/\/cdnoticias.com\/index.php\/2025\/11\/02\/nueva-temporada-de-verano-dorado-en-la-ciudad-y-en-las-localidades\/","title":{"rendered":"Nueva temporada de \u201cVerano Dorado\u201d en la ciudad y en las localidades\u00a0"},"content":{"rendered":"\n<p>Desde este lunes 3 de noviembre se encuentra abierta la inscripci\u00f3n destinada a personas mayores de 60 a\u00f1os. Conoc\u00e9 los requisitos. <\/p>\n\n\n\n<hr class=\"wp-block-separator aligncenter has-alpha-channel-opacity\"\/>\n\n\n\n<p>\u201c<strong>Verano Dorado<\/strong>\u201d se prepara para el <strong>inicio de una nueva temporada,<\/strong> para lo cual <strong>abrir\u00e1 sus inscripciones el pr\u00f3ximo lunes 3 de noviembre<\/strong>.\u00a0<\/p>\n\n\n\n<p><\/p>\n\n\n\n<p>El tradicional <strong>programa recreativo y social destinado a personas mayores de 60 a\u00f1os <\/strong>es impulsado desde la Subsecretar\u00eda de Deportes del Municipio de Olavarr\u00eda.<\/p>\n\n\n\n<p><\/p>\n\n\n\n<blockquote class=\"wp-block-quote is-layout-flow wp-block-quote-is-layout-flow\">\n<p>Este a\u00f1o, las actividades se desarrollar\u00e1n tanto en su tradicional ubicaci\u00f3n de Base Bonino como as\u00ed tambi\u00e9n en las localidades de Loma Negra y Sierras Bayas.<\/p>\n<\/blockquote>\n\n\n\n<p><\/p>\n\n\n\n<p>Para realizar la inscripci\u00f3n, se seguir\u00e1 el siguiente cronograma. Cabe destacar que <strong>el orden de llegada o inscripci\u00f3n no asegura el ingreso al programa:<\/strong><\/p>\n\n\n\n<p><\/p>\n\n\n\n<p><strong>Base Bonino<\/strong><\/p>\n\n\n\n<ul class=\"wp-block-list\">\n<li>Inscripci\u00f3n: Lunes 3 de noviembre. Lugar: Direcci\u00f3n de Deportes (avenida Del Valle 3549). Horario: de 9:00 a 12:00.<\/li>\n<\/ul>\n\n\n\n<p><\/p>\n\n\n\n<p><strong>Sierras Bayas (A partir del 12 de noviembre)<\/strong><\/p>\n\n\n\n<ul class=\"wp-block-list\">\n<li>Inscripci\u00f3n: Centro Cultural Municipal. Lunes de 14 a 17 horas y de 18 a 20 horas \u2013 Martes de 17 a 20 horas \u2013 Mi\u00e9rcoles de 14 a 16 y 19 a 20 horas \u2013 Jueves 15 a 20 horas \u2013 Viernes 14 a 16 y 18 a 20 horas.<\/li>\n<\/ul>\n\n\n\n<p><\/p>\n\n\n\n<p><strong>Loma Negra (a partir del 3 de noviembre)<\/strong><\/p>\n\n\n\n<ul class=\"wp-block-list\">\n<li>Inscripci\u00f3n: Club de Pesca. D\u00edas: Lunes y mi\u00e9rcoles. Horario: 14:30 a 15:30 horas<\/li>\n<\/ul>\n\n\n\n<p><\/p>\n\n\n\n<blockquote class=\"wp-block-quote is-layout-flow wp-block-quote-is-layout-flow\">\n<p>En cada lugar podr\u00e1n solicitar la ficha de inscripci\u00f3n y documentaci\u00f3n que deber\u00e1n completar y entregar luego para formalizar la inscripci\u00f3n.\u00a0<\/p>\n<\/blockquote>\n\n\n\n<p><\/p>\n\n\n\n<p>Desde el \u00e1rea se detall\u00f3 que <strong>tendr\u00e1n tiempo de anotarse hasta el 20 de noviembre.<\/strong> Por consultas o informes pueden comunicarse, en los mismos d\u00edas y horarios, a los n\u00fameros telef\u00f3nicos 444127 o 417212.<\/p>\n\n\n\n<p><\/p>\n\n\n\n<p>Se recuerda, por \u00faltimo, que el Programa Municipal Verano Dorado ofrece a personas mayores la posibilidad de disfrutar de diversas propuestas, como por ejemplo <strong>ense\u00f1anza de nataci\u00f3n, clases de gimnasia, caminatas y la pr\u00e1ctica y competencias de tejo, sapo y newcom.<\/strong><\/p>\n\n\n\n<p><\/p>\n","protected":false},"excerpt":{"rendered":"<p>Desde este lunes 3 de noviembre se encuentra abierta la inscripci\u00f3n destinada a personas mayores de 60 a\u00f1os. Conoc\u00e9 los<\/p>\n","protected":false},"author":6,"featured_media":134669,"comment_status":"closed","ping_status":"closed","sticky":false,"template":"","format":"standard","meta":{"_jetpack_memberships_contains_paid_content":false,"footnotes":""},"categories":[5,1],"tags":[],"class_list":["post-186777","post","type-post","status-publish","format-standard","has-post-thumbnail","hentry","category-informacion-general","category-portada"],"jetpack_featured_media_url":"https:\/\/i0.wp.com\/cdnoticias.com\/wp-content\/uploads\/2025\/01\/Verano-Dorado-en-Sierras-Bayas-2.jpeg?fit=800%2C445&ssl=1","jetpack_sharing_enabled":true,"_links":{"self":[{"href":"https:\/\/cdnoticias.com\/index.php\/wp-json\/wp\/v2\/posts\/186777","targetHints":{"allow":["GET"]}}],"collection":[{"href":"https:\/\/cdnoticias.com\/index.php\/wp-json\/wp\/v2\/posts"}],"about":[{"href":"https:\/\/cdnoticias.com\/index.php\/wp-json\/wp\/v2\/types\/post"}],"author":[{"embeddable":true,"href":"https:\/\/cdnoticias.com\/index.php\/wp-json\/wp\/v2\/users\/6"}],"replies":[{"embeddable":true,"href":"https:\/\/cdnoticias.com\/index.php\/wp-json\/wp\/v2\/comments?post=186777"}],"version-history":[{"count":0,"href":"https:\/\/cdnoticias.com\/index.php\/wp-json\/wp\/v2\/posts\/186777\/revisions"}],"wp:featuredmedia":[{"embeddable":true,"href":"https:\/\/cdnoticias.com\/index.php\/wp-json\/wp\/v2\/media\/134669"}],"wp:attachment":[{"href":"https:\/\/cdnoticias.com\/index.php\/wp-json\/wp\/v2\/media?parent=186777"}],"wp:term":[{"taxonomy":"category","embeddable":true,"href":"https:\/\/cdnoticias.com\/index.php\/wp-json\/wp\/v2\/categories?post=186777"},{"taxonomy":"post_tag","embeddable":true,"href":"https:\/\/cdnoticias.com\/index.php\/wp-json\/wp\/v2\/tags?post=186777"}],"curies":[{"name":"wp","href":"https:\/\/api.w.org\/{rel}","templated":true}]}}