{"id":186775,"date":"2025-11-01T17:00:07","date_gmt":"2025-11-01T20:00:07","guid":{"rendered":"https:\/\/cdnoticias.com\/?p=186775"},"modified":"2025-11-01T20:01:42","modified_gmt":"2025-11-01T23:01:42","slug":"marcelo-petehs-la-gente-sigue-a-javier-milei-y-no-a-las-ideas-provinciales-y-locales","status":"publish","type":"post","link":"https:\/\/cdnoticias.com\/index.php\/2025\/11\/01\/marcelo-petehs-la-gente-sigue-a-javier-milei-y-no-a-las-ideas-provinciales-y-locales\/","title":{"rendered":"Marcelo Petehs: \u201cLa gente sigue a Javier Milei y no a las ideas provinciales y locales\u201d"},"content":{"rendered":"<p>El concejal de Por M\u00e1s Libertad fue entrevistado sobre el resultado de las elecciones legislativas. Opin\u00f3 que \u201cel tema Espert yo creo que termin\u00f3 jugando a favor, porque Santilli es una persona que tambi\u00e9n suma votos\u201d.<!--more--><\/p>\n<hr \/>\n<p><strong>Central de Noticias<\/strong> habl\u00f3 con el concejal Marcelo Petehs, del bloque Por M\u00e1s Libertad, sobre el resultado de las elecciones legislativas del domingo pasado.<\/p>\n<p>Destac\u00f3 la <strong>polarizaci\u00f3n<\/strong>, el <strong>crecimiento de los votos <\/strong>desde septiembre a octubre y <strong>el apoyo \u201ca Javier Milei\u201d<\/strong> lo que consider\u00f3 que lo posiciona hacia 2027.<\/p>\n<p><em>-\u00bfQu\u00e9 lectura haces del resultado del domingo pasado en Olavarr\u00eda?<\/em><\/p>\n<p>Lo que se vio en la elecci\u00f3n, en la \u00faltima elecci\u00f3n, fue <strong>una polarizaci\u00f3n de los dos partidos mayoritarios<\/strong> que existen en este momento, tanto a nivel nacional como a nivel local. Es decir, <strong>La Libertad Avanza que pas\u00f3 del 35 al casi 49%, hay unos 15.000 votos de diferencia con la elecci\u00f3n provincia<\/strong>l.<\/p>\n<blockquote><p>Entonces eso tambi\u00e9n lo que demuestra es que la gente sigue a Javier Milei y no a las ideas provinciales y locales.<\/p><\/blockquote>\n<p><em>-\u00bfEntonces interpret\u00e1s que esto es una ratificaci\u00f3n para el Presidente, que lo que se puso en juego es la gesti\u00f3n presidencial?<\/em><\/p>\n<p>Exactamente, y que seguramente de cara al 2027 ya ser\u00eda una lectura anticipada, digamos que si el gobierno sigue en este rumbo y no sucede nada catastr\u00f3fico,<strong> la elecci\u00f3n del 2027 va a ser seguramente con un guarismo parecido<\/strong>. M\u00e1s all\u00e1 de que intervengan otros partidos que ahora tambi\u00e9n intervinieron, pero no tuvieron el peso como para incidir en los resultados.<\/p>\n<p><em>-\u00bfEntonces lo que se vio fue lo nacional, mientras que en septiembre se hab\u00eda visto m\u00e1s lo local? \u00bfHubo un cambio en los electores?<\/em><\/p>\n<p>S\u00ed, totalmente, porque<strong> hubo un gran porcentaje de electores que en septiembre o bien no fue a votar o se inclin\u00f3 por otra fuerza<\/strong>. Esos 15.000 votos de diferencia que tiene la Libertad Avanza en Olavarr\u00eda, creo que est\u00e1n por ese lado. Habr\u00e1 que ver en el 2027 si va a ser tambi\u00e9n polarizado de esta manera o aparece alguna tercera fuerza que por ah\u00ed podr\u00eda terciar en el resultado.<\/p>\n<blockquote><p>Pero qued\u00f3 evidenciado que a nivel local no tiene la misma aprobaci\u00f3n que a nivel nacional.<\/p><\/blockquote>\n<p><img data-recalc-dims=\"1\" loading=\"lazy\" decoding=\"async\" class=\"alignnone size-full wp-image-123536 aligncenter\" src=\"https:\/\/i0.wp.com\/cdnoticias.com\/wp-content\/uploads\/2024\/08\/HCD-sesion-22-de-agosto-marcelo-petehs.jpg?resize=800%2C445&#038;ssl=1\" alt=\"\" width=\"800\" height=\"445\" srcset=\"https:\/\/i0.wp.com\/cdnoticias.com\/wp-content\/uploads\/2024\/08\/HCD-sesion-22-de-agosto-marcelo-petehs.jpg?w=800&amp;ssl=1 800w, https:\/\/i0.wp.com\/cdnoticias.com\/wp-content\/uploads\/2024\/08\/HCD-sesion-22-de-agosto-marcelo-petehs.jpg?resize=300%2C167&amp;ssl=1 300w, https:\/\/i0.wp.com\/cdnoticias.com\/wp-content\/uploads\/2024\/08\/HCD-sesion-22-de-agosto-marcelo-petehs.jpg?resize=768%2C427&amp;ssl=1 768w\" sizes=\"auto, (max-width: 800px) 100vw, 800px\" \/><\/p>\n<p><em>-Ahora se polariz\u00f3 completamente. \u00bfQu\u00e9 lectura haces de eso? \u00bfPor qu\u00e9 no hay lugar para terceras fuerzas o por qu\u00e9 se polariza tanto? \u00bfTiene que ver con los lemas o con los mensajes con los que llegan los partidos a la elecci\u00f3n? \u00bfO es el electorado el que no habilita terceras fuerzas?<\/em><\/p>\n<p>Las terceras fuerzas u otras opciones estaban. Pero no s\u00e9 si fue o bien por la exposici\u00f3n medi\u00e1tica, por la disponibilidad de recursos para mostrarse, pero <strong>de las otras fuerzas inclusive se vio muy poca campa\u00f1a, en Olavarr\u00eda particularmente no trascendieron<\/strong>. A eso sumado que tampoco <strong>hab\u00eda referencias locales<\/strong> como para decir que \u00b4este partido tiene un olavarriense o alguien de la regi\u00f3n, voy a votar por ellos\u00b4. No, al contrario, eran gente totalmente desconocida y los dos partidos mayoritarios ten\u00edan personas de peso que obviamente influyeron much\u00edsimo.<\/p>\n<blockquote><p>El tema Espert yo creo que termin\u00f3 jugando a favor, porque Santilli es una persona que tambi\u00e9n suma votos, que tiene su llegada a la gente y creo que ah\u00ed fue mucho del voto radical tambi\u00e9n. Se inclinaron m\u00e1s por ese lado.<\/p><\/blockquote>\n<p><em>-El tema del electorado que se sum\u00f3 a votar, \u00bfqu\u00e9 interpretaci\u00f3n haces? \u00bfSon personas que no les interesa posicionarse sobre las gestiones locales o provinciales o hay otra cuesti\u00f3n de fondo para que se sumen a participar solo en una elecci\u00f3n nacional?<\/em><\/p>\n<p>No, yo creo que<strong> es una falta de inter\u00e9s. El aumento del electorado se dio en todo el pa\u00eds, o sea que no es un tema puntual de Olavarr\u00eda.<\/strong> Uno ac\u00e1 puede conocer casos de gente con la que hablaba y le dec\u00eda \u00b4no, en esta no voy a ir a votar porque o no me gustan los candidatos o no me gusta tal persona\u00b4, pero despu\u00e9s eso mismo se repiti\u00f3 en todo el pa\u00eds. <strong>Creo que es una falta de inter\u00e9s de la gente o cansancio.<\/strong> Por ah\u00ed el desdoblamiento llev\u00f3 tambi\u00e9n a que la gente se canse de ir a votar tanto. <strong>Hoy en d\u00eda la gente est\u00e1 preocupada m\u00e1s por otras cosas que por una elecci\u00f3n.<\/strong><\/p>\n<p><img data-recalc-dims=\"1\" loading=\"lazy\" decoding=\"async\" class=\"alignnone size-full wp-image-131447 aligncenter\" src=\"https:\/\/i0.wp.com\/cdnoticias.com\/wp-content\/uploads\/2024\/11\/HCD-sesion-28-de-noviembre-2024-marcelo-petehs.jpg?resize=800%2C445&#038;ssl=1\" alt=\"\" width=\"800\" height=\"445\" srcset=\"https:\/\/i0.wp.com\/cdnoticias.com\/wp-content\/uploads\/2024\/11\/HCD-sesion-28-de-noviembre-2024-marcelo-petehs.jpg?w=1000&amp;ssl=1 1000w, https:\/\/i0.wp.com\/cdnoticias.com\/wp-content\/uploads\/2024\/11\/HCD-sesion-28-de-noviembre-2024-marcelo-petehs.jpg?resize=300%2C167&amp;ssl=1 300w, https:\/\/i0.wp.com\/cdnoticias.com\/wp-content\/uploads\/2024\/11\/HCD-sesion-28-de-noviembre-2024-marcelo-petehs.jpg?resize=768%2C427&amp;ssl=1 768w, https:\/\/i0.wp.com\/cdnoticias.com\/wp-content\/uploads\/2024\/11\/HCD-sesion-28-de-noviembre-2024-marcelo-petehs.jpg?resize=800%2C445&amp;ssl=1 800w\" sizes=\"auto, (max-width: 800px) 100vw, 800px\" \/><\/p>\n<p><em>-M\u00e1s all\u00e1 de ahora, igual hay una situaci\u00f3n general de que va bajando la cantidad de electores que participan de elecci\u00f3n a elecci\u00f3n, un proceso general y lento. \u00bfEs algo que te preocupa vos?<\/em><\/p>\n<p>S\u00ed, obviamente que me preocupa porque primero que es la \u00fanica forma que tenemos de<strong> seguir defendiendo la democracia<\/strong>, de que todos podamos participar, pero cada vez se ven menos electores en cada una de las elecciones. Eso a mi criterio tiene que ver con la <strong>falta de una regulaci\u00f3n o de leyes un poco m\u00e1s fuertes y que impongan alg\u00fan otro tipo de sanci\u00f3n<\/strong>. Porque hoy en d\u00eda la gente sabe que no va a votar y no pasa nada. Si vos no ten\u00e9s un sistema que te trabe para hacer alg\u00fan tr\u00e1mite o que te aplique alguna multa con un valor significativo, a la gente le da lo mismo. Ah\u00ed es donde tenemos que <strong>trabajar todos los pol\u00edticos para recuperar esa confianza en toda la gente<\/strong>. Y esto a nivel nacional, porque el n\u00famero general todos los a\u00f1os va perdiendo 2 o 3 puntos. Tenemos que buscar la forma entre todos de que la gente se sienta con ganas de ir a votar y <strong>que esas ganas salgan tambi\u00e9n de la oferta que uno le hace.<\/strong><\/p>\n<p><em>-Dijiste que para 2027 esto posiciona a Javier Milei. \u00bfDentro de la Libertad Avanza ves que hay m\u00e1s figuras que se posicionen hacia 2027?<\/em><\/p>\n<blockquote><p>No, yo creo que las figuras van a seguir siendo las mismas. Obviamente se van a incorporar figuras fuertes del PRO a trav\u00e9s de esta alianza que fue, en t\u00e9rminos generales, muy potable porque es la \u00fanica forma de derrotar al peronismo. Entonces, seguramente vayan apareciendo nuevas figuras, pero que vengan m\u00e1s del lado del PRO que de las propias que est\u00e1n dentro de la Libertad Avanza y que van a seguir estando y posicion\u00e1ndose, o van a seguir posicionadas como est\u00e1n.<\/p><\/blockquote>\n","protected":false},"excerpt":{"rendered":"<p>El concejal de Por M\u00e1s Libertad fue entrevistado sobre el resultado de las elecciones legislativas. Opin\u00f3 que \u201cel tema Espert<\/p>\n","protected":false},"author":4,"featured_media":131308,"comment_status":"closed","ping_status":"closed","sticky":false,"template":"","format":"standard","meta":{"_jetpack_memberships_contains_paid_content":false,"footnotes":""},"categories":[4,1],"tags":[],"class_list":["post-186775","post","type-post","status-publish","format-standard","has-post-thumbnail","hentry","category-politica","category-portada"],"jetpack_featured_media_url":"https:\/\/i0.wp.com\/cdnoticias.com\/wp-content\/uploads\/2024\/11\/marcelo-petehs-1.jpg?fit=1072%2C597&ssl=1","jetpack_sharing_enabled":true,"_links":{"self":[{"href":"https:\/\/cdnoticias.com\/index.php\/wp-json\/wp\/v2\/posts\/186775","targetHints":{"allow":["GET"]}}],"collection":[{"href":"https:\/\/cdnoticias.com\/index.php\/wp-json\/wp\/v2\/posts"}],"about":[{"href":"https:\/\/cdnoticias.com\/index.php\/wp-json\/wp\/v2\/types\/post"}],"author":[{"embeddable":true,"href":"https:\/\/cdnoticias.com\/index.php\/wp-json\/wp\/v2\/users\/4"}],"replies":[{"embeddable":true,"href":"https:\/\/cdnoticias.com\/index.php\/wp-json\/wp\/v2\/comments?post=186775"}],"version-history":[{"count":0,"href":"https:\/\/cdnoticias.com\/index.php\/wp-json\/wp\/v2\/posts\/186775\/revisions"}],"wp:featuredmedia":[{"embeddable":true,"href":"https:\/\/cdnoticias.com\/index.php\/wp-json\/wp\/v2\/media\/131308"}],"wp:attachment":[{"href":"https:\/\/cdnoticias.com\/index.php\/wp-json\/wp\/v2\/media?parent=186775"}],"wp:term":[{"taxonomy":"category","embeddable":true,"href":"https:\/\/cdnoticias.com\/index.php\/wp-json\/wp\/v2\/categories?post=186775"},{"taxonomy":"post_tag","embeddable":true,"href":"https:\/\/cdnoticias.com\/index.php\/wp-json\/wp\/v2\/tags?post=186775"}],"curies":[{"name":"wp","href":"https:\/\/api.w.org\/{rel}","templated":true}]}}