{"id":186772,"date":"2025-11-01T17:30:33","date_gmt":"2025-11-01T20:30:33","guid":{"rendered":"https:\/\/cdnoticias.com\/?p=186772"},"modified":"2025-11-02T10:30:26","modified_gmt":"2025-11-02T13:30:26","slug":"transporte-publico-de-olavarria-120-de-suba-en-subsidio-de-la-provincia","status":"publish","type":"post","link":"https:\/\/cdnoticias.com\/index.php\/2025\/11\/01\/transporte-publico-de-olavarria-120-de-suba-en-subsidio-de-la-provincia\/","title":{"rendered":"Transporte p\u00fablico de Olavarr\u00eda: 120% de suba en subsidio de la Provincia"},"content":{"rendered":"<p>\u201cA ra\u00edz de esta buena noticia de la actualizaci\u00f3n del monto de Provincia qued\u00f3 descartado un nuevo aumento de boleto\u201d inform\u00f3 el concejal Federico Aguilera.<!--more--><\/p>\n<hr \/>\n<p>Este viernes <strong>se reuni\u00f3 la Mesa de Transporte P\u00fablico de Olavarr\u00eda<\/strong> con la <a href=\"https:\/\/cdnoticias.com\/index.php\/2025\/10\/31\/se-concreto-una-nueva-reunion-de-la-mesa-de-transporte\/\" target=\"_blank\" rel=\"noopener\">presencia de los concejales, funcionarios del Ejecutivo, las empresas y representantes sindicales<\/a>.<\/p>\n<p>Tal como inform\u00f3, all\u00ed se destac\u00f3 el <strong>aumento del subsidio que la Provincia de Buenos Aires otorga a las empresas concesionarias<\/strong> de las l\u00edneas urbanas e interurbanas locales.<\/p>\n<blockquote><p><strong>Central de Noticias<\/strong> habl\u00f3 sobre el tema con el concejal Federico Aguilera, del bloque Uni\u00f3n por la Patria y miembro de la Mesa. Inform\u00f3 que la suba del subsidio \u201csupera el 120% y se cobra con retroactivo a agosto\u201d.<\/p><\/blockquote>\n<p><img data-recalc-dims=\"1\" loading=\"lazy\" decoding=\"async\" class=\"alignnone size-full wp-image-186695 aligncenter\" src=\"https:\/\/i0.wp.com\/cdnoticias.com\/wp-content\/uploads\/2025\/10\/mesa-de-transporte.png?resize=757%2C474&#038;ssl=1\" alt=\"\" width=\"757\" height=\"474\" srcset=\"https:\/\/i0.wp.com\/cdnoticias.com\/wp-content\/uploads\/2025\/10\/mesa-de-transporte.png?w=757&amp;ssl=1 757w, https:\/\/i0.wp.com\/cdnoticias.com\/wp-content\/uploads\/2025\/10\/mesa-de-transporte.png?resize=300%2C188&amp;ssl=1 300w\" sizes=\"auto, (max-width: 757px) 100vw, 757px\" \/><\/p>\n<blockquote><p>Ante la consulta por una posible modificaci\u00f3n del valor de la tarifa, el concejal rechaz\u00f3 esa posibilidad. Aclar\u00f3 que el tema se hab\u00eda planteado en reuniones previas en las que las empresas hab\u00edan expuesto pedidos de suba, \u201cpero a ra\u00edz de esta buena noticia de la actualizaci\u00f3n del monto de Provincia qued\u00f3 descartado un nuevo aumento de boleto\u201d.<\/p><\/blockquote>\n<p><strong>\u201cNuestro objetivo es que lleguemos con este boleto hasta fin de a\u00f1o\u201d<\/strong> destac\u00f3 Aguilera.<\/p>\n<blockquote class=\"wp-embedded-content\" data-secret=\"XxcQdZdDE9\"><p><a href=\"https:\/\/cdnoticias.com\/index.php\/2025\/10\/31\/se-concreto-una-nueva-reunion-de-la-mesa-de-transporte\/\">Se concret\u00f3 una nueva reuni\u00f3n de la Mesa de Transporte<\/a><\/p><\/blockquote>\n<p><iframe loading=\"lazy\" class=\"wp-embedded-content\" sandbox=\"allow-scripts\" security=\"restricted\" style=\"position: absolute; visibility: hidden;\" title=\"&#8220;Se concret\u00f3 una nueva reuni\u00f3n de la Mesa de Transporte&#8221; &#8212; Central de Noticias | Olavarr\u00eda\" src=\"https:\/\/cdnoticias.com\/index.php\/2025\/10\/31\/se-concreto-una-nueva-reunion-de-la-mesa-de-transporte\/embed\/#?secret=n0kX435XrQ#?secret=XxcQdZdDE9\" data-secret=\"XxcQdZdDE9\" width=\"600\" height=\"338\" frameborder=\"0\" marginwidth=\"0\" marginheight=\"0\" scrolling=\"no\"><\/iframe><\/p>\n<h3>Los subsidios<\/h3>\n<p>El <strong>Ministerio de Transporte bonaerense redistribuy\u00f3 en total $3.540 millones<\/strong> entre 23 distritos del interior provincial. La decisi\u00f3n que alcanza a las empresas de transporte p\u00fablico del llamado interior bonaerense se oficializ\u00f3 a fines de septiembre a trav\u00e9s de la <strong>Resoluci\u00f3n 272\/2025<\/strong> la cual se promulg\u00f3 durante octubre.<\/p>\n<p>El r\u00e9gimen tiene como objetivo de <em>garantizar \u201cprevisibilidad, transparencia y equidad\u201d<\/em> en la asignaci\u00f3n de fondos.<\/p>\n<p>El nuevo esquema, acompa\u00f1ado por la <strong>Metodolog\u00eda de Distribuci\u00f3n del R\u00e9gimen Transitorio<\/strong>, prioriza tres variables para las l\u00edneas municipales: <strong>personal afectado, parque m\u00f3vil y kil\u00f3metros recorridos<\/strong>.<\/p>\n<blockquote><p>A cada unidad se le asegura un ingreso m\u00ednimo de $4 millones, con un piso de $2.083.194,50 por agente y $1.900 por kil\u00f3metro recorrido.<\/p><\/blockquote>\n<p><img data-recalc-dims=\"1\" loading=\"lazy\" decoding=\"async\" class=\"alignnone size-full wp-image-175607 aligncenter\" src=\"https:\/\/i0.wp.com\/cdnoticias.com\/wp-content\/uploads\/2025\/06\/tu-bus-colectivo-boleto-01.jpg?resize=800%2C446&#038;ssl=1\" alt=\"\" width=\"800\" height=\"446\" srcset=\"https:\/\/i0.wp.com\/cdnoticias.com\/wp-content\/uploads\/2025\/06\/tu-bus-colectivo-boleto-01.jpg?w=1000&amp;ssl=1 1000w, https:\/\/i0.wp.com\/cdnoticias.com\/wp-content\/uploads\/2025\/06\/tu-bus-colectivo-boleto-01.jpg?resize=300%2C167&amp;ssl=1 300w, https:\/\/i0.wp.com\/cdnoticias.com\/wp-content\/uploads\/2025\/06\/tu-bus-colectivo-boleto-01.jpg?resize=768%2C428&amp;ssl=1 768w, https:\/\/i0.wp.com\/cdnoticias.com\/wp-content\/uploads\/2025\/06\/tu-bus-colectivo-boleto-01.jpg?resize=800%2C445&amp;ssl=1 800w\" sizes=\"auto, (max-width: 800px) 100vw, 800px\" \/><\/p>\n<p>La resoluci\u00f3n tambi\u00e9n <strong>crea un Fondo Especial de $100 millones, destinado a emergencias y redistribuciones eventuales<\/strong> entre l\u00edneas provinciales. No obstante, el texto aclara que <strong>ninguna empresa recibir\u00e1 menos que en la \u00faltima distribuci\u00f3n<\/strong>, lo que limita la capacidad de correcci\u00f3n en el corto plazo.<\/p>\n<blockquote><p>Cuando se present\u00f3 la normativa, funcionarios y empresarios del sector coincidieron en que \u201cda algo m\u00e1s de previsibilidad\u201d, aunque advierten que las asimetr\u00edas persisten. En ciudades donde la demanda crece y los costos operativos aumentan, los incrementos quedaron lejos de compensar las necesidades del servicio.<\/p><\/blockquote>\n<p>La compensaci\u00f3n busca <strong>cubrir el bache que dej\u00f3 en el sistema la eliminaci\u00f3n del Fondo Compensador<\/strong>, por parte del Gobierno Nacional es ahora por $3.540 millones, monto que representa una <strong>suba de casi el 69%<\/strong> respecto de los $2.068 millones con los que anteriormente (desde junio de 2024) se dotaba al subsidio provincial.<\/p>\n<p>Actualmente alcanza a <strong>23 municipios<\/strong> de la provincia de Buenos Aires: San Nicol\u00e1s, Ramallo, San Pedro, Pergamino, San Antonio de Areco, San Andr\u00e9s de Giles, Azul, Bah\u00eda Blanca, Balcarce, Chivilcoy, Coronel Rosales, General Pueyrred\u00f3n, Jun\u00edn, Necochea, <strong>Olavarr\u00eda<\/strong>, Pinamar, Punta Indio, Tandil, Tornquist, el Partido de la Costa y Villa Gesell.<\/p>\n","protected":false},"excerpt":{"rendered":"<p>\u201cA ra\u00edz de esta buena noticia de la actualizaci\u00f3n del monto de Provincia qued\u00f3 descartado un nuevo aumento de boleto\u201d<\/p>\n","protected":false},"author":4,"featured_media":100628,"comment_status":"closed","ping_status":"closed","sticky":false,"template":"","format":"standard","meta":{"_jetpack_memberships_contains_paid_content":false,"footnotes":""},"categories":[5,1],"tags":[],"class_list":["post-186772","post","type-post","status-publish","format-standard","has-post-thumbnail","hentry","category-informacion-general","category-portada"],"jetpack_featured_media_url":"https:\/\/i0.wp.com\/cdnoticias.com\/wp-content\/uploads\/2023\/10\/transporte-interurbano-terminal-colectivo-01.jpg?fit=800%2C445&ssl=1","jetpack_sharing_enabled":true,"_links":{"self":[{"href":"https:\/\/cdnoticias.com\/index.php\/wp-json\/wp\/v2\/posts\/186772","targetHints":{"allow":["GET"]}}],"collection":[{"href":"https:\/\/cdnoticias.com\/index.php\/wp-json\/wp\/v2\/posts"}],"about":[{"href":"https:\/\/cdnoticias.com\/index.php\/wp-json\/wp\/v2\/types\/post"}],"author":[{"embeddable":true,"href":"https:\/\/cdnoticias.com\/index.php\/wp-json\/wp\/v2\/users\/4"}],"replies":[{"embeddable":true,"href":"https:\/\/cdnoticias.com\/index.php\/wp-json\/wp\/v2\/comments?post=186772"}],"version-history":[{"count":0,"href":"https:\/\/cdnoticias.com\/index.php\/wp-json\/wp\/v2\/posts\/186772\/revisions"}],"wp:featuredmedia":[{"embeddable":true,"href":"https:\/\/cdnoticias.com\/index.php\/wp-json\/wp\/v2\/media\/100628"}],"wp:attachment":[{"href":"https:\/\/cdnoticias.com\/index.php\/wp-json\/wp\/v2\/media?parent=186772"}],"wp:term":[{"taxonomy":"category","embeddable":true,"href":"https:\/\/cdnoticias.com\/index.php\/wp-json\/wp\/v2\/categories?post=186772"},{"taxonomy":"post_tag","embeddable":true,"href":"https:\/\/cdnoticias.com\/index.php\/wp-json\/wp\/v2\/tags?post=186772"}],"curies":[{"name":"wp","href":"https:\/\/api.w.org\/{rel}","templated":true}]}}