{"id":186770,"date":"2025-11-02T11:31:15","date_gmt":"2025-11-02T14:31:15","guid":{"rendered":"https:\/\/cdnoticias.com\/?p=186770"},"modified":"2025-11-02T18:39:03","modified_gmt":"2025-11-02T21:39:03","slug":"el-senado-de-la-provincia-declaro-de-interes-el-libro-del-doctor-lucas-moyano","status":"publish","type":"post","link":"https:\/\/cdnoticias.com\/index.php\/2025\/11\/02\/el-senado-de-la-provincia-declaro-de-interes-el-libro-del-doctor-lucas-moyano\/","title":{"rendered":"El Senado de la provincia declar\u00f3 de inter\u00e9s el libro del doctor Lucas Moyano"},"content":{"rendered":"<p>Fue en la sesi\u00f3n celebrada a principios de octubre. Se trata del libro \u201cCiberdelitos\u201d.<!--more--><\/p>\n<hr \/>\n<p>El<strong> Senado <\/strong>de la provincia de Buenos Aires declar\u00f3 de<strong> inter\u00e9s legislativo<\/strong> el libro <strong>\u201cCiberdelitos. C\u00f3mo investigar en entornos digitales\u201d.<\/strong><\/p>\n<p>Se trata de la <strong>obra escrita por el ex fiscal Lucas Moyano<\/strong>, abogado olavarriense quien actualmente se desempe\u00f1a en la Justicia Federal.<\/p>\n<p>La declaraci\u00f3n fue aprobada en una<strong> sesi\u00f3n realizada a principios de octubre<\/strong>. Con la firma de la vicegobernadora Ver\u00f3nica Magario, presidenta del Senado, la normativa fue comunicada a la Gobernaci\u00f3n bonaerense.<\/p>\n<p><a href=\"https:\/\/cdnoticias.com\/index.php\/2024\/04\/22\/lucas-moyano-ciberdelitos-es-un-libro-para-ayudar\/\" target=\"_blank\" rel=\"noopener\">El libro fue editado en abril de 2024<\/a> por la editorial Hammurabi. Ofrece <strong>un an\u00e1lisis detallado de los procedimientos de investigaci\u00f3n en casos de ciberdelitos<\/strong>, abarcando temas como la preservaci\u00f3n de la evidencia digital, las medidas cautelares, el desbloqueo de dispositivos electr\u00f3nicos, la actuaci\u00f3n de agentes reveladores digitales y la cooperaci\u00f3n con plataformas y proveedores de servicios de internet.<\/p>\n<blockquote class=\"wp-embedded-content\" data-secret=\"mVgpeyQsNv\"><p><a href=\"https:\/\/cdnoticias.com\/index.php\/2025\/02\/18\/a-menos-de-un-ano-de-su-edicion-se-agoto-el-libro-ciberdelitos\/\">A menos de un a\u00f1o de su edici\u00f3n, se agot\u00f3 el libro \u201cCiberdelitos\u201d<\/a><\/p><\/blockquote>\n<p><iframe loading=\"lazy\" class=\"wp-embedded-content\" sandbox=\"allow-scripts\" security=\"restricted\" style=\"position: absolute; visibility: hidden;\" title=\"&#8220;A menos de un a\u00f1o de su edici\u00f3n, se agot\u00f3 el libro \u201cCiberdelitos\u201d&#8221; &#8212; Central de Noticias | Olavarr\u00eda\" src=\"https:\/\/cdnoticias.com\/index.php\/2025\/02\/18\/a-menos-de-un-ano-de-su-edicion-se-agoto-el-libro-ciberdelitos\/embed\/#?secret=4bdzJVSviI#?secret=mVgpeyQsNv\" data-secret=\"mVgpeyQsNv\" width=\"600\" height=\"338\" frameborder=\"0\" marginwidth=\"0\" marginheight=\"0\" scrolling=\"no\"><\/iframe><\/p>\n","protected":false},"excerpt":{"rendered":"<p>Fue en la sesi\u00f3n celebrada a principios de octubre. Se trata del libro \u201cCiberdelitos\u201d.<\/p>\n","protected":false},"author":4,"featured_media":186035,"comment_status":"closed","ping_status":"closed","sticky":false,"template":"","format":"standard","meta":{"_jetpack_memberships_contains_paid_content":false,"footnotes":""},"categories":[5,1],"tags":[],"class_list":["post-186770","post","type-post","status-publish","format-standard","has-post-thumbnail","hentry","category-informacion-general","category-portada"],"jetpack_featured_media_url":"https:\/\/i0.wp.com\/cdnoticias.com\/wp-content\/uploads\/2025\/10\/lucas-moyano-Tandil-02.jpg?fit=1000%2C556&ssl=1","jetpack_sharing_enabled":true,"_links":{"self":[{"href":"https:\/\/cdnoticias.com\/index.php\/wp-json\/wp\/v2\/posts\/186770","targetHints":{"allow":["GET"]}}],"collection":[{"href":"https:\/\/cdnoticias.com\/index.php\/wp-json\/wp\/v2\/posts"}],"about":[{"href":"https:\/\/cdnoticias.com\/index.php\/wp-json\/wp\/v2\/types\/post"}],"author":[{"embeddable":true,"href":"https:\/\/cdnoticias.com\/index.php\/wp-json\/wp\/v2\/users\/4"}],"replies":[{"embeddable":true,"href":"https:\/\/cdnoticias.com\/index.php\/wp-json\/wp\/v2\/comments?post=186770"}],"version-history":[{"count":0,"href":"https:\/\/cdnoticias.com\/index.php\/wp-json\/wp\/v2\/posts\/186770\/revisions"}],"wp:featuredmedia":[{"embeddable":true,"href":"https:\/\/cdnoticias.com\/index.php\/wp-json\/wp\/v2\/media\/186035"}],"wp:attachment":[{"href":"https:\/\/cdnoticias.com\/index.php\/wp-json\/wp\/v2\/media?parent=186770"}],"wp:term":[{"taxonomy":"category","embeddable":true,"href":"https:\/\/cdnoticias.com\/index.php\/wp-json\/wp\/v2\/categories?post=186770"},{"taxonomy":"post_tag","embeddable":true,"href":"https:\/\/cdnoticias.com\/index.php\/wp-json\/wp\/v2\/tags?post=186770"}],"curies":[{"name":"wp","href":"https:\/\/api.w.org\/{rel}","templated":true}]}}