{"id":186767,"date":"2025-11-02T14:30:31","date_gmt":"2025-11-02T17:30:31","guid":{"rendered":"https:\/\/cdnoticias.com\/?p=186767"},"modified":"2025-11-02T14:30:33","modified_gmt":"2025-11-02T17:30:33","slug":"olavarria-cuenta-con-otras-dos-estrellas-amarillas","status":"publish","type":"post","link":"https:\/\/cdnoticias.com\/index.php\/2025\/11\/02\/olavarria-cuenta-con-otras-dos-estrellas-amarillas\/","title":{"rendered":"Olavarr\u00eda cuenta con otras dos Estrellas Amarillas"},"content":{"rendered":"<p>La agrupaci\u00f3n junto a familiares de dos v\u00edctimas fatales del tr\u00e1nsito pintaron las se\u00f1alizaciones este s\u00e1bado. Recuerdan a H\u00e9ctor Su\u00e1rez y Andr\u00e9s Tavernini.<!--more--><\/p>\n<hr \/>\n<p>Este s\u00e1bado por la ma\u00f1ana, los <strong>integrantes de la agrupaci\u00f3n Estrellas Amarillas de Olavarr\u00eda<\/strong> colocaron <strong>dos nuevas se\u00f1alizaciones.<\/strong><\/p>\n<p>En primer lugar estuvieron <strong>en la Ruta Provincial 51, en cercan\u00edas del Puente Querand\u00edes<\/strong>. All\u00ed, el <strong>8 de diciembre de 2023<\/strong>, perdi\u00f3 la vida <strong>H\u00e9ctor Ra\u00fal &#8220;Tito&#8221; Su\u00e1rez a los 66 a\u00f1os<\/strong>, cuando circulaba en bicicleta y fue embestido por una camioneta Toyota Hilux.<\/p>\n<p>M\u00e1s tarde, se trasladaron al <strong>camino de ingreso a la Planta de Cementos Avellaneda<\/strong>, lugar en el que pintaron una Estrella Amarilla para recordar a <strong>Andr\u00e9s Tavernini, quien falleci\u00f3 el 19 de diciembre de 2023<\/strong>, tras protagonizar un siniestro vial a bordo de una motocicleta.<\/p>\n<blockquote><p>Ambos eventos contaron, como siempre, con una carga emotiva muy alta y con la presencia de familiares y amigos de las v\u00edctimas.<\/p><\/blockquote>\n","protected":false},"excerpt":{"rendered":"<p>La agrupaci\u00f3n junto a familiares de dos v\u00edctimas fatales del tr\u00e1nsito pintaron las se\u00f1alizaciones este s\u00e1bado. Recuerdan a H\u00e9ctor Su\u00e1rez<\/p>\n","protected":false},"author":4,"featured_media":186768,"comment_status":"closed","ping_status":"closed","sticky":false,"template":"","format":"standard","meta":{"_jetpack_memberships_contains_paid_content":false,"footnotes":""},"categories":[5,1],"tags":[],"class_list":["post-186767","post","type-post","status-publish","format-standard","has-post-thumbnail","hentry","category-informacion-general","category-portada"],"jetpack_featured_media_url":"https:\/\/i0.wp.com\/cdnoticias.com\/wp-content\/uploads\/2025\/11\/estrella-amarilla-Hector-Raul-Tito-Suarez-Andres-Tavernini.jpg?fit=1000%2C556&ssl=1","jetpack_sharing_enabled":true,"_links":{"self":[{"href":"https:\/\/cdnoticias.com\/index.php\/wp-json\/wp\/v2\/posts\/186767","targetHints":{"allow":["GET"]}}],"collection":[{"href":"https:\/\/cdnoticias.com\/index.php\/wp-json\/wp\/v2\/posts"}],"about":[{"href":"https:\/\/cdnoticias.com\/index.php\/wp-json\/wp\/v2\/types\/post"}],"author":[{"embeddable":true,"href":"https:\/\/cdnoticias.com\/index.php\/wp-json\/wp\/v2\/users\/4"}],"replies":[{"embeddable":true,"href":"https:\/\/cdnoticias.com\/index.php\/wp-json\/wp\/v2\/comments?post=186767"}],"version-history":[{"count":0,"href":"https:\/\/cdnoticias.com\/index.php\/wp-json\/wp\/v2\/posts\/186767\/revisions"}],"wp:featuredmedia":[{"embeddable":true,"href":"https:\/\/cdnoticias.com\/index.php\/wp-json\/wp\/v2\/media\/186768"}],"wp:attachment":[{"href":"https:\/\/cdnoticias.com\/index.php\/wp-json\/wp\/v2\/media?parent=186767"}],"wp:term":[{"taxonomy":"category","embeddable":true,"href":"https:\/\/cdnoticias.com\/index.php\/wp-json\/wp\/v2\/categories?post=186767"},{"taxonomy":"post_tag","embeddable":true,"href":"https:\/\/cdnoticias.com\/index.php\/wp-json\/wp\/v2\/tags?post=186767"}],"curies":[{"name":"wp","href":"https:\/\/api.w.org\/{rel}","templated":true}]}}