{"id":186753,"date":"2025-11-01T11:55:15","date_gmt":"2025-11-01T14:55:15","guid":{"rendered":"https:\/\/cdnoticias.com\/?p=186753"},"modified":"2025-11-01T11:55:17","modified_gmt":"2025-11-01T14:55:17","slug":"misa-en-conmemoracion-del-dia-de-los-fieles-difuntos","status":"publish","type":"post","link":"https:\/\/cdnoticias.com\/index.php\/2025\/11\/01\/misa-en-conmemoracion-del-dia-de-los-fieles-difuntos\/","title":{"rendered":"Misa en conmemoraci\u00f3n del D\u00eda de los Fieles Difuntos"},"content":{"rendered":"<p>La Cooperativa Manos a la Obra inform\u00f3 que este domingo se oficiar\u00e1 una misa a las 16 en la capilla del cementerio Parque de Loma de Paz.<!--more--><\/p>\n<hr \/>\n<p>La <strong>Cooperativa Manos a la Obra<\/strong> inform\u00f3 que<strong> este domingo<\/strong> se conmemorar\u00e1 el <strong>D\u00eda de los Fieles Difuntos<\/strong>.<\/p>\n<p>En ese sentido, <strong>se invit\u00f3 a toda la comunidad<\/strong> a participar de la<strong> misa<\/strong> que se llevar\u00e1 a cabo el domingo 2 de noviembre<strong> a las 16 horas en la capilla del cementerio Parque de Loma de Paz.<\/strong><\/p>\n<blockquote><p>\u201cComo cada a\u00f1o, este encuentro busca ofrecer un momento de reflexi\u00f3n, oraci\u00f3n y memoria compartida para recordar con cari\u00f1o a quienes ya no est\u00e1n f\u00edsicamente, pero permanecen presentes en el coraz\u00f3n de sus seres queridos\u201d se defini\u00f3.<\/p><\/blockquote>\n","protected":false},"excerpt":{"rendered":"<p>La Cooperativa Manos a la Obra inform\u00f3 que este domingo se oficiar\u00e1 una misa a las 16 en la capilla<\/p>\n","protected":false},"author":4,"featured_media":68815,"comment_status":"closed","ping_status":"closed","sticky":false,"template":"","format":"standard","meta":{"_jetpack_memberships_contains_paid_content":false,"footnotes":""},"categories":[5,1],"tags":[],"class_list":["post-186753","post","type-post","status-publish","format-standard","has-post-thumbnail","hentry","category-informacion-general","category-portada"],"jetpack_featured_media_url":"https:\/\/i0.wp.com\/cdnoticias.com\/wp-content\/uploads\/2022\/11\/Loma-de-Paz.jpg?fit=1000%2C667&ssl=1","jetpack_sharing_enabled":true,"_links":{"self":[{"href":"https:\/\/cdnoticias.com\/index.php\/wp-json\/wp\/v2\/posts\/186753","targetHints":{"allow":["GET"]}}],"collection":[{"href":"https:\/\/cdnoticias.com\/index.php\/wp-json\/wp\/v2\/posts"}],"about":[{"href":"https:\/\/cdnoticias.com\/index.php\/wp-json\/wp\/v2\/types\/post"}],"author":[{"embeddable":true,"href":"https:\/\/cdnoticias.com\/index.php\/wp-json\/wp\/v2\/users\/4"}],"replies":[{"embeddable":true,"href":"https:\/\/cdnoticias.com\/index.php\/wp-json\/wp\/v2\/comments?post=186753"}],"version-history":[{"count":0,"href":"https:\/\/cdnoticias.com\/index.php\/wp-json\/wp\/v2\/posts\/186753\/revisions"}],"wp:featuredmedia":[{"embeddable":true,"href":"https:\/\/cdnoticias.com\/index.php\/wp-json\/wp\/v2\/media\/68815"}],"wp:attachment":[{"href":"https:\/\/cdnoticias.com\/index.php\/wp-json\/wp\/v2\/media?parent=186753"}],"wp:term":[{"taxonomy":"category","embeddable":true,"href":"https:\/\/cdnoticias.com\/index.php\/wp-json\/wp\/v2\/categories?post=186753"},{"taxonomy":"post_tag","embeddable":true,"href":"https:\/\/cdnoticias.com\/index.php\/wp-json\/wp\/v2\/tags?post=186753"}],"curies":[{"name":"wp","href":"https:\/\/api.w.org\/{rel}","templated":true}]}}