{"id":186749,"date":"2025-11-01T11:28:28","date_gmt":"2025-11-01T14:28:28","guid":{"rendered":"https:\/\/cdnoticias.com\/?p=186749"},"modified":"2025-11-01T12:39:34","modified_gmt":"2025-11-01T15:39:34","slug":"milei-reordena-el-gabinete-renuncio-francos-y-asume-adorni","status":"publish","type":"post","link":"https:\/\/cdnoticias.com\/index.php\/2025\/11\/01\/milei-reordena-el-gabinete-renuncio-francos-y-asume-adorni\/","title":{"rendered":"Milei reordena el gabinete: renunci\u00f3 Francos y asume Adorni"},"content":{"rendered":"<p>El jefe de Gabinete present\u00f3 su renuncia tras reunirse con el Presidente. Lo reemplazar\u00e1 el vocero Manuel Adorni. Santiago Caputo concentrar\u00eda poder en un \u201csuperministerio\u201d del Interior. Javier Lanari a la vocer\u00eda.<!--more--><\/p>\n<hr \/>\n<p>Despu\u00e9s de semanas de rumores, desmentidas y versiones cruzadas,<strong> la salida de Guillermo Francos de la Jefatura de Gabinete termin\u00f3 de confirmarse<\/strong> este viernes, luego de una<strong> reuni\u00f3n con Javier Milei en la Quinta de Olivos<\/strong>. La decisi\u00f3n, que ven\u00eda madurando desde antes de las elecciones legislativas, <strong>reconfigura la c\u00fapula del Gobierno y marca el final de una etapa<\/strong>: la del intento de equilibrio pol\u00edtico dentro del oficialismo.<\/p>\n<blockquote><p>Francos present\u00f3 su renuncia en una carta dirigida al Presidente en la que explic\u00f3 que su salida se deb\u00eda a los \u201cpersistentes trascendidos sobre modificaciones en el Gabinete Nacional\u201d.<\/p><\/blockquote>\n<blockquote class=\"twitter-tweet\">\n<p dir=\"ltr\" lang=\"es\">Se\u00f1or Presidente de la Naci\u00f3n<br \/>\nAnte los persistentes trascendidos sobre modificaciones en el Gabinete Nacional, me dirijo a Usted con el objeto de presentarle mi renuncia al cargo de Jefe de Gabinete de Ministros, para que pueda afrontar sin condicionamientos la etapa de gobierno\u2026<\/p>\n<p>\u2014 Guillermo Francos (@GAFrancosOk) <a href=\"https:\/\/twitter.com\/GAFrancosOk\/status\/1984412990918066178?ref_src=twsrc%5Etfw\">November 1, 2025<\/a><\/p><\/blockquote>\n<p><script async src=\"https:\/\/platform.twitter.com\/widgets.js\" charset=\"utf-8\"><\/script><\/p>\n<p>\u201cMi decisi\u00f3n busca que el Presidente pueda <strong>afrontar sin condicionamientos la etapa de gobierno que se inicia\u201d<\/strong>, escribi\u00f3 el funcionario saliente, quien agradeci\u00f3 la oportunidad de \u201cservir con lealtad y patriotismo\u201d y destac\u00f3 el \u201chonor de haber sido parte de un proyecto transformador\u201d.<\/p>\n<p>Tambi\u00e9n <strong>confirm\u00f3 su salida el ministro del Interior, Lisandro Catal\u00e1n<\/strong>, en l\u00ednea con la salida de su jefe, Francos. As\u00ed lo confirm\u00f3 el funcionario en sus redes sociales y agradeci\u00f3 al presidente Javier Milei.<\/p>\n<blockquote class=\"twitter-tweet\">\n<p dir=\"ltr\" lang=\"es\">Se\u00f1or presidente de la Naci\u00f3n.<\/p>\n<p>Me dirijo a usted para presentarle mi renuncia al cargo de Ministro del Interior, que he tenido el honor de desempe\u00f1ar bajo su conducci\u00f3n.<\/p>\n<p>Agradezco profundamente la confianza que ha depositado en mi para iniciar una etapa de dialogo y consensos.\u2026<\/p>\n<p>\u2014 Lisandro Catal\u00e1n (@catalanlisandro) <a href=\"https:\/\/twitter.com\/catalanlisandro\/status\/1984416442016550957?ref_src=twsrc%5Etfw\">November 1, 2025<\/a><\/p><\/blockquote>\n<p><script async src=\"https:\/\/platform.twitter.com\/widgets.js\" charset=\"utf-8\"><\/script><\/p>\n<h3>El ascenso de Manuel Adorni<\/h3>\n<p>Con su salida, el Gobierno oficializ\u00f3 el ascenso de <strong>Manuel Adorni a la Jefatura de Gabinete<\/strong>. El hasta ahora vocero presidencial, figura medi\u00e1tica y de confianza directa del mandatario, asumir\u00e1 el cargo con la misi\u00f3n de <strong>fortalecer la comunicaci\u00f3n y coordinaci\u00f3n interna<\/strong>. En paralelo, <strong>el asesor presidencial Santiago Caputo pasar\u00eda a conducir un \u201csuperministerio\u201d del Interior<\/strong> que sumar\u00e1 bajo su \u00f3rbita varias \u00e1reas de gesti\u00f3n, consolidando su rol como principal articulador del poder dentro del Ejecutivo.<\/p>\n<p>La renuncia de Francos se produce en un momento clave, tras las elecciones legislativas del 26 de octubre, que reacomodaron el tablero pol\u00edtico y dieron ox\u00edgeno al oficialismo. En ese contexto, Milei decidi\u00f3 avanzar con los cambios que hab\u00eda postergado desde mediados de a\u00f1o y dar forma a <strong>un gabinete m\u00e1s alineado con su n\u00facleo de confianza.<\/strong><\/p>\n<blockquote class=\"twitter-tweet\">\n<p dir=\"ltr\" lang=\"es\">Quiero agradecer profundamente al Presidente de la Naci\u00f3n Javier Milei por haberme elegido como su Jefe de Gabinete de Ministros para esta nueva etapa, donde profundizar las reformas estructurales ser\u00e1 prioridad. Es un honor y una verdadera responsabilidad continuar con el enorme\u2026<\/p>\n<p>\u2014 Manuel Adorni (@madorni) <a href=\"https:\/\/twitter.com\/madorni\/status\/1984426352787738772?ref_src=twsrc%5Etfw\">November 1, 2025<\/a><\/p><\/blockquote>\n<p><script async src=\"https:\/\/platform.twitter.com\/widgets.js\" charset=\"utf-8\"><\/script><\/p>\n<h3>No hubo sorpresa por la salida<\/h3>\n<p>El gesto de Francos no sorprendi\u00f3 a los funcionarios m\u00e1s cercanos al Presidente. <strong>Hac\u00eda semanas que en la Casa Rosada se daba por hecho su salida<\/strong>, aunque el ex ministro del Interior insist\u00eda p\u00fablicamente en su continuidad. \u201cJam\u00e1s me ha dicho nada, as\u00ed que yo me siento muy tranquilo\u201d, hab\u00eda declarado apenas 24 horas antes de dejar su cargo. Su renuncia fue interpretada por muchos como una manera elegante de <strong>evitar un desplazamiento anunciado<\/strong>.<\/p>\n<blockquote><p>En su carta de despedida, el ex jefe de Gabinete subray\u00f3 una \u201cextra\u00f1a coincidencia\u201d: su primer acto como ministro del Interior y su \u00faltimo como jefe de Gabinete fueron sendas reuniones con los gobernadores. \u201cSiempre procur\u00e9 generar espacios de di\u00e1logo y consensos\u201d, record\u00f3. Esa impronta dialoguista fue justamente lo que Milei busc\u00f3 capitalizar cuando lo incorpor\u00f3 al Gobierno, en junio de 2024, para reemplazar a Nicol\u00e1s Posse. En ese entonces, la gesti\u00f3n atravesaba turbulencias y Francos fue visto como un \u201cequilibrador\u201d entre las distintas tribus libertarias: los t\u00e9cnicos, los karinistas y los caputistas.<\/p><\/blockquote>\n<p><img data-recalc-dims=\"1\" loading=\"lazy\" decoding=\"async\" class=\"alignnone size-full wp-image-117223 aligncenter\" src=\"https:\/\/i0.wp.com\/cdnoticias.com\/wp-content\/uploads\/2024\/05\/guillermo-francos.jpg?resize=800%2C445&#038;ssl=1\" alt=\"\" width=\"800\" height=\"445\" srcset=\"https:\/\/i0.wp.com\/cdnoticias.com\/wp-content\/uploads\/2024\/05\/guillermo-francos.jpg?w=800&amp;ssl=1 800w, https:\/\/i0.wp.com\/cdnoticias.com\/wp-content\/uploads\/2024\/05\/guillermo-francos.jpg?resize=300%2C167&amp;ssl=1 300w, https:\/\/i0.wp.com\/cdnoticias.com\/wp-content\/uploads\/2024\/05\/guillermo-francos.jpg?resize=768%2C427&amp;ssl=1 768w\" sizes=\"auto, (max-width: 800px) 100vw, 800px\" \/><\/p>\n<p>Con la consolidaci\u00f3n del poder presidencial, esa funci\u00f3n perdi\u00f3 espacio. <strong>Caputo<\/strong>, considerado el \u201cestratega\u201d del Mile\u00edsmo, fue ganando terreno hasta convertirse en el interlocutor privilegiado del jefe de Estado. Su futuro \u201csuperministerio\u201d de Interior refleja ese ascenso y promete <strong>concentrar la gesti\u00f3n pol\u00edtica, el v\u00ednculo con los gobernadores y las relaciones con el empresariado, los sindicatos y Estados Unidos<\/strong>.<\/p>\n<p>Francos, de 74 a\u00f1os, deja el gabinete tras una <strong>extensa trayectoria<\/strong> p\u00fablica y privada. Fue diputado nacional por Acci\u00f3n por la Rep\u00fablica, presidente del Banco Provincia durante la gesti\u00f3n de Daniel Scioli, representante argentino ante el BID durante el gobierno de Alberto Fern\u00e1ndez y ministro del Interior en los primeros meses de Milei. Su paso por la Jefatura de Gabinete, aunque breve, fue clave en momentos de negociaci\u00f3n con el Congreso y las provincias.<\/p>\n<p>En los \u00faltimos d\u00edas, trascendi\u00f3 que <strong>podr\u00eda asumir un cargo diplom\u00e1tico o vinculado a organismos internacionales<\/strong>, aunque no hay confirmaciones. En su despedida, asegur\u00f3 que Milei \u201csiempre podr\u00e1 contar conmigo\u201d.<\/p>\n<p><img data-recalc-dims=\"1\" loading=\"lazy\" decoding=\"async\" class=\"alignnone size-full wp-image-186751 aligncenter\" src=\"https:\/\/i0.wp.com\/cdnoticias.com\/wp-content\/uploads\/2025\/11\/adorni-lanari.jpg?resize=800%2C600&#038;ssl=1\" alt=\"\" width=\"800\" height=\"600\" srcset=\"https:\/\/i0.wp.com\/cdnoticias.com\/wp-content\/uploads\/2025\/11\/adorni-lanari.jpg?w=1000&amp;ssl=1 1000w, https:\/\/i0.wp.com\/cdnoticias.com\/wp-content\/uploads\/2025\/11\/adorni-lanari.jpg?resize=300%2C225&amp;ssl=1 300w, https:\/\/i0.wp.com\/cdnoticias.com\/wp-content\/uploads\/2025\/11\/adorni-lanari.jpg?resize=768%2C576&amp;ssl=1 768w\" sizes=\"auto, (max-width: 800px) 100vw, 800px\" \/><\/p>\n<h3>Javier Lanari reemplaza a Manuel Adorni<\/h3>\n<p>La salida de Adorni de la vocer\u00eda abri\u00f3 la puerta a otro cambio en el gabinete. El <strong>actual subsecretario de Prensa, Javier Lanari<\/strong>, ser\u00e1 quien ocupe ese lugar. Aunque la designaci\u00f3n <strong>no fue anunciada formalmente<\/strong>, trascendi\u00f3 que Lanari <strong>asumir\u00e1 como portavoz presidencial<\/strong>. Su llegada a la funci\u00f3n p\u00fablica se dio en diciembre de 2023, cuando se incorpor\u00f3 al equipo de comunicaci\u00f3n del Gobierno, recomendado por el propio Adorni, con quien comparti\u00f3 a\u00f1os de trabajo en radio y televisi\u00f3n.<\/p>\n<p>El ascenso de Lanari marca la <strong>continuidad del esquema comunicacional encabezado por Milei<\/strong>. Como subsecretario, se encarg\u00f3 del contacto directo con los medios y la coordinaci\u00f3n de la agenda informativa en Casa Rosada, un rol que ahora ser\u00e1 ampliado con la vocer\u00eda oficial.<\/p>\n<p>Fuente: <em>Agencia DIB<\/em><\/p>\n","protected":false},"excerpt":{"rendered":"<p>El jefe de Gabinete present\u00f3 su renuncia tras reunirse con el Presidente. Lo reemplazar\u00e1 el vocero Manuel Adorni. Santiago Caputo<\/p>\n","protected":false},"author":4,"featured_media":186750,"comment_status":"closed","ping_status":"closed","sticky":false,"template":"","format":"standard","meta":{"_jetpack_memberships_contains_paid_content":false,"footnotes":""},"categories":[6,1],"tags":[],"class_list":["post-186749","post","type-post","status-publish","format-standard","has-post-thumbnail","hentry","category-nacionales","category-portada"],"jetpack_featured_media_url":"https:\/\/i0.wp.com\/cdnoticias.com\/wp-content\/uploads\/2025\/11\/francos-adorni.jpg?fit=1000%2C557&ssl=1","jetpack_sharing_enabled":true,"_links":{"self":[{"href":"https:\/\/cdnoticias.com\/index.php\/wp-json\/wp\/v2\/posts\/186749","targetHints":{"allow":["GET"]}}],"collection":[{"href":"https:\/\/cdnoticias.com\/index.php\/wp-json\/wp\/v2\/posts"}],"about":[{"href":"https:\/\/cdnoticias.com\/index.php\/wp-json\/wp\/v2\/types\/post"}],"author":[{"embeddable":true,"href":"https:\/\/cdnoticias.com\/index.php\/wp-json\/wp\/v2\/users\/4"}],"replies":[{"embeddable":true,"href":"https:\/\/cdnoticias.com\/index.php\/wp-json\/wp\/v2\/comments?post=186749"}],"version-history":[{"count":0,"href":"https:\/\/cdnoticias.com\/index.php\/wp-json\/wp\/v2\/posts\/186749\/revisions"}],"wp:featuredmedia":[{"embeddable":true,"href":"https:\/\/cdnoticias.com\/index.php\/wp-json\/wp\/v2\/media\/186750"}],"wp:attachment":[{"href":"https:\/\/cdnoticias.com\/index.php\/wp-json\/wp\/v2\/media?parent=186749"}],"wp:term":[{"taxonomy":"category","embeddable":true,"href":"https:\/\/cdnoticias.com\/index.php\/wp-json\/wp\/v2\/categories?post=186749"},{"taxonomy":"post_tag","embeddable":true,"href":"https:\/\/cdnoticias.com\/index.php\/wp-json\/wp\/v2\/tags?post=186749"}],"curies":[{"name":"wp","href":"https:\/\/api.w.org\/{rel}","templated":true}]}}