{"id":186743,"date":"2025-11-01T18:00:10","date_gmt":"2025-11-01T21:00:10","guid":{"rendered":"https:\/\/cdnoticias.com\/?p=186743"},"modified":"2025-11-01T18:00:12","modified_gmt":"2025-11-01T21:00:12","slug":"piden-mejoras-fundamentales-para-el-barrio-minero","status":"publish","type":"post","link":"https:\/\/cdnoticias.com\/index.php\/2025\/11\/01\/piden-mejoras-fundamentales-para-el-barrio-minero\/","title":{"rendered":"Piden mejoras fundamentales para el Barrio Minero"},"content":{"rendered":"<p>El concejal Francisco Gonz\u00e1lez, junto a las dirigentes Bel\u00e9n Vergel y Silvina Echeverr\u00eda, mantuvieron un encuentro con vecinos del sector quienes les manifestaron diferentes problem\u00e1ticas que presenta la zona y que dificultan la vida diaria de la comunidad.<!--more--><\/p>\n<hr \/>\n<p>En la ma\u00f1ana de este viernes, <strong>el concejal Francisco Gonz\u00e1lez<\/strong>, junto a las <strong>dirigentes Bel\u00e9n Vergel y Silvina Echeverr\u00eda<\/strong>, estuvieron presentes en el <strong>Barrio Minero<\/strong>.<\/p>\n<p>All\u00ed mantuvieron un <strong>encuentro con vecinos y vecinas del sector<\/strong>, quienes les manifestaron diferentes <strong>problem\u00e1ticas que presenta la zona y que dificultan la vida diaria de la comunidad.<\/strong><\/p>\n<blockquote><p>Entre los reclamos, se destaca el mejoramiento del \u00fanico acceso al barrio, ubicado en Pueyrred\u00f3n y Los Jazmines, el ensanchamiento de algunas calles donde actualmente ha crecido maleza e impide el paso de m\u00e1s de un veh\u00edculo, acceso a la red de agua corriente, nivelaci\u00f3n de la traza para el normal escurrimiento del agua y limpieza de zanjas y cunetas.<\/p><\/blockquote>\n<p><img data-recalc-dims=\"1\" loading=\"lazy\" decoding=\"async\" class=\"alignnone size-full wp-image-186745 aligncenter\" src=\"https:\/\/i0.wp.com\/cdnoticias.com\/wp-content\/uploads\/2025\/11\/UCR-barrio-minero-01.jpg?resize=800%2C445&#038;ssl=1\" alt=\"\" width=\"800\" height=\"445\" srcset=\"https:\/\/i0.wp.com\/cdnoticias.com\/wp-content\/uploads\/2025\/11\/UCR-barrio-minero-01.jpg?w=1000&amp;ssl=1 1000w, https:\/\/i0.wp.com\/cdnoticias.com\/wp-content\/uploads\/2025\/11\/UCR-barrio-minero-01.jpg?resize=300%2C167&amp;ssl=1 300w, https:\/\/i0.wp.com\/cdnoticias.com\/wp-content\/uploads\/2025\/11\/UCR-barrio-minero-01.jpg?resize=768%2C427&amp;ssl=1 768w, https:\/\/i0.wp.com\/cdnoticias.com\/wp-content\/uploads\/2025\/11\/UCR-barrio-minero-01.jpg?resize=800%2C445&amp;ssl=1 800w\" sizes=\"auto, (max-width: 800px) 100vw, 800px\" \/><\/p>\n<p>En los pr\u00f3ximos d\u00edas <strong>se presentar\u00e1 un Proyecto de Resoluci\u00f3n en el Honorable Concejo Deliberante<\/strong>, con el objetivo de continuar insistiendo para que el Municipio avance en la atenci\u00f3n de las demandas y necesidades de los vecinos.<\/p>\n<p>Al respecto, Gonz\u00e1lez se\u00f1al\u00f3 que \u201cestuvimos en el Barrio Minero junto a Bel\u00e9n y Silvina convocados por vecinos, quienes nos plantearon diferentes<strong> inconvenientes que se presentan en su vida diaria y demandas b\u00e1sicas<\/strong> que esperan que prontamente puedan ser resueltas\u201d.<\/p>\n<blockquote><p>\u201cSe trata de un sector relativamente nuevo en Olavarr\u00eda, que est\u00e1 compuesto por cuatro manzanas y que ha crecido much\u00edsimo. Actualmente hay aproximadamente 70 casas en ese lugar, por lo cual hay algunas cuestiones fundamentales que el Municipio debe dar respuesta para poder tener una calidad de vida mejor, as\u00ed que vamos a insistir para que esto pueda cumplirse\u201d, cerr\u00f3.<\/p><\/blockquote>\n","protected":false},"excerpt":{"rendered":"<p>El concejal Francisco Gonz\u00e1lez, junto a las dirigentes Bel\u00e9n Vergel y Silvina Echeverr\u00eda, mantuvieron un encuentro con vecinos del sector<\/p>\n","protected":false},"author":4,"featured_media":186744,"comment_status":"closed","ping_status":"closed","sticky":false,"template":"","format":"standard","meta":{"_jetpack_memberships_contains_paid_content":false,"footnotes":""},"categories":[4,1],"tags":[],"class_list":["post-186743","post","type-post","status-publish","format-standard","has-post-thumbnail","hentry","category-politica","category-portada"],"jetpack_featured_media_url":"https:\/\/i0.wp.com\/cdnoticias.com\/wp-content\/uploads\/2025\/11\/UCR-barrio-minero-00.jpg?fit=1000%2C556&ssl=1","jetpack_sharing_enabled":true,"_links":{"self":[{"href":"https:\/\/cdnoticias.com\/index.php\/wp-json\/wp\/v2\/posts\/186743","targetHints":{"allow":["GET"]}}],"collection":[{"href":"https:\/\/cdnoticias.com\/index.php\/wp-json\/wp\/v2\/posts"}],"about":[{"href":"https:\/\/cdnoticias.com\/index.php\/wp-json\/wp\/v2\/types\/post"}],"author":[{"embeddable":true,"href":"https:\/\/cdnoticias.com\/index.php\/wp-json\/wp\/v2\/users\/4"}],"replies":[{"embeddable":true,"href":"https:\/\/cdnoticias.com\/index.php\/wp-json\/wp\/v2\/comments?post=186743"}],"version-history":[{"count":0,"href":"https:\/\/cdnoticias.com\/index.php\/wp-json\/wp\/v2\/posts\/186743\/revisions"}],"wp:featuredmedia":[{"embeddable":true,"href":"https:\/\/cdnoticias.com\/index.php\/wp-json\/wp\/v2\/media\/186744"}],"wp:attachment":[{"href":"https:\/\/cdnoticias.com\/index.php\/wp-json\/wp\/v2\/media?parent=186743"}],"wp:term":[{"taxonomy":"category","embeddable":true,"href":"https:\/\/cdnoticias.com\/index.php\/wp-json\/wp\/v2\/categories?post=186743"},{"taxonomy":"post_tag","embeddable":true,"href":"https:\/\/cdnoticias.com\/index.php\/wp-json\/wp\/v2\/tags?post=186743"}],"curies":[{"name":"wp","href":"https:\/\/api.w.org\/{rel}","templated":true}]}}