{"id":18671,"date":"2021-04-12T20:57:15","date_gmt":"2021-04-12T23:57:15","guid":{"rendered":"http:\/\/www.centraldenoticias.com.ar\/?p=18671"},"modified":"2021-04-13T08:42:35","modified_gmt":"2021-04-13T11:42:35","slug":"incendio-en-una-casa-del-barrio-coronel-dorrego","status":"publish","type":"post","link":"https:\/\/cdnoticias.com\/index.php\/2021\/04\/12\/incendio-en-una-casa-del-barrio-coronel-dorrego\/","title":{"rendered":"Incendio en una casa del barrio Coronel Dorrego"},"content":{"rendered":"<p>Todo sucedi\u00f3 minutos despu\u00e9s de las 20 y adem\u00e1s de bomberos se llev\u00f3 adelante un importante despliegue policial.<!--more--><\/p>\n<hr \/>\n<p style=\"padding-left: 30px;\">Un voraz incendio se desat\u00f3 en la noche de este lunes en un domicilio del barrio Coronel Dorrego,<strong>\u00a0ubicado sobre calle 11, a escasos metros del cruce con Necochea. La columna de humo pod\u00eda verse desde varias cuadras.<\/strong><\/p>\n<p>&nbsp;<\/p>\n<p>Afortunadamente no se registraron personas heridas, pero <strong>persisten las averiguaciones para determinar c\u00f3mo se origin\u00f3 el siniestro, ya que algunas versiones daban cuenta que todo habr\u00eda sido tras una confrontaci\u00f3n vecinal. Otras dieron cuenta que todo habr\u00eda sido un accidente dom\u00e9stico.<\/strong><\/p>\n<p>&nbsp;<\/p>\n<p style=\"text-align: center;\">Lo concreto es que, <strong>adem\u00e1s de la presencia de una unidad del Cuartel Central de Bomberos Voluntarios, personal del Comando de Patrullas llev\u00f3 adelante un importante despliegue preventivo en el lugar.<\/strong><\/p>\n","protected":false},"excerpt":{"rendered":"<p>Todo sucedi\u00f3 minutos despu\u00e9s de las 20 y adem\u00e1s de bomberos se llev\u00f3 adelante un importante despliegue policial.<\/p>\n","protected":false},"author":3,"featured_media":18672,"comment_status":"closed","ping_status":"closed","sticky":false,"template":"","format":"standard","meta":{"_jetpack_memberships_contains_paid_content":false,"footnotes":""},"categories":[14,1],"tags":[],"class_list":["post-18671","post","type-post","status-publish","format-standard","has-post-thumbnail","hentry","category-policiales","category-portada"],"jetpack_featured_media_url":"https:\/\/i0.wp.com\/cdnoticias.com\/wp-content\/uploads\/2021\/04\/portada-incendio.jpg?fit=800%2C445&ssl=1","jetpack_sharing_enabled":true,"_links":{"self":[{"href":"https:\/\/cdnoticias.com\/index.php\/wp-json\/wp\/v2\/posts\/18671","targetHints":{"allow":["GET"]}}],"collection":[{"href":"https:\/\/cdnoticias.com\/index.php\/wp-json\/wp\/v2\/posts"}],"about":[{"href":"https:\/\/cdnoticias.com\/index.php\/wp-json\/wp\/v2\/types\/post"}],"author":[{"embeddable":true,"href":"https:\/\/cdnoticias.com\/index.php\/wp-json\/wp\/v2\/users\/3"}],"replies":[{"embeddable":true,"href":"https:\/\/cdnoticias.com\/index.php\/wp-json\/wp\/v2\/comments?post=18671"}],"version-history":[{"count":0,"href":"https:\/\/cdnoticias.com\/index.php\/wp-json\/wp\/v2\/posts\/18671\/revisions"}],"wp:featuredmedia":[{"embeddable":true,"href":"https:\/\/cdnoticias.com\/index.php\/wp-json\/wp\/v2\/media\/18672"}],"wp:attachment":[{"href":"https:\/\/cdnoticias.com\/index.php\/wp-json\/wp\/v2\/media?parent=18671"}],"wp:term":[{"taxonomy":"category","embeddable":true,"href":"https:\/\/cdnoticias.com\/index.php\/wp-json\/wp\/v2\/categories?post=18671"},{"taxonomy":"post_tag","embeddable":true,"href":"https:\/\/cdnoticias.com\/index.php\/wp-json\/wp\/v2\/tags?post=18671"}],"curies":[{"name":"wp","href":"https:\/\/api.w.org\/{rel}","templated":true}]}}