{"id":186643,"date":"2025-10-31T08:25:55","date_gmt":"2025-10-31T11:25:55","guid":{"rendered":"https:\/\/cdnoticias.com\/?p=186643"},"modified":"2025-10-31T08:25:56","modified_gmt":"2025-10-31T11:25:56","slug":"horacio-amadeo-vivas-q-e-p-d","status":"publish","type":"post","link":"https:\/\/cdnoticias.com\/index.php\/2025\/10\/31\/horacio-amadeo-vivas-q-e-p-d\/","title":{"rendered":"Horacio Amadeo Vivas (Q.E.P.D.)"},"content":{"rendered":"<p>Falleci\u00f3 en Olavarr\u00eda el 31 de octubre de 2025 a los 77 a\u00f1os.<\/p>\n<p>Su esposa N\u00e9lida Gil; sus hijos Marcos, Marianela, Mariana y Miqueas; sus hijos pol\u00edticos Sonia, Alejandro, Alejandro y Antonela; sus nietos Malena, Marco Antonio, \u00darsula, Macu, Amalia, Elena, Olivia y Pilar; su hermano Nino; su hermana pol\u00edtica Olga; sus sobrinos Marisol, Alejandra y Mart\u00edn; dem\u00e1s familiares y amigos participan su fallecimiento.<\/p>\n<p>Sus restos ser\u00e1n velados este viernes 31 de octubre desde las 08:00 hasta las 14:30 horas en la Sala de Espa\u00f1a 2942 departamento \u201cD\u201d y posteriormente inhumados en el Cementerio Loma de Paz a las 14:30 horas.<\/p>\n<p>Nacido en Olavarr\u00eda, vecino de barrio CECO I, ex empleado de Losa, jubilado.<\/p>\n","protected":false},"excerpt":{"rendered":"<p>Falleci\u00f3 en Olavarr\u00eda el 31 de octubre de 2025 a los 77 a\u00f1os. Su esposa N\u00e9lida Gil; sus hijos Marcos,<\/p>\n","protected":false},"author":4,"featured_media":51544,"comment_status":"closed","ping_status":"closed","sticky":false,"template":"","format":"standard","meta":{"_jetpack_memberships_contains_paid_content":false,"footnotes":""},"categories":[10],"tags":[],"class_list":["post-186643","post","type-post","status-publish","format-standard","has-post-thumbnail","hentry","category-necrologicas"],"jetpack_featured_media_url":"https:\/\/i0.wp.com\/cdnoticias.com\/wp-content\/uploads\/2022\/04\/necrologicas-390-x-240.jpg?fit=390%2C240&ssl=1","jetpack_sharing_enabled":true,"_links":{"self":[{"href":"https:\/\/cdnoticias.com\/index.php\/wp-json\/wp\/v2\/posts\/186643","targetHints":{"allow":["GET"]}}],"collection":[{"href":"https:\/\/cdnoticias.com\/index.php\/wp-json\/wp\/v2\/posts"}],"about":[{"href":"https:\/\/cdnoticias.com\/index.php\/wp-json\/wp\/v2\/types\/post"}],"author":[{"embeddable":true,"href":"https:\/\/cdnoticias.com\/index.php\/wp-json\/wp\/v2\/users\/4"}],"replies":[{"embeddable":true,"href":"https:\/\/cdnoticias.com\/index.php\/wp-json\/wp\/v2\/comments?post=186643"}],"version-history":[{"count":0,"href":"https:\/\/cdnoticias.com\/index.php\/wp-json\/wp\/v2\/posts\/186643\/revisions"}],"wp:featuredmedia":[{"embeddable":true,"href":"https:\/\/cdnoticias.com\/index.php\/wp-json\/wp\/v2\/media\/51544"}],"wp:attachment":[{"href":"https:\/\/cdnoticias.com\/index.php\/wp-json\/wp\/v2\/media?parent=186643"}],"wp:term":[{"taxonomy":"category","embeddable":true,"href":"https:\/\/cdnoticias.com\/index.php\/wp-json\/wp\/v2\/categories?post=186643"},{"taxonomy":"post_tag","embeddable":true,"href":"https:\/\/cdnoticias.com\/index.php\/wp-json\/wp\/v2\/tags?post=186643"}],"curies":[{"name":"wp","href":"https:\/\/api.w.org\/{rel}","templated":true}]}}