{"id":186601,"date":"2025-10-30T20:01:43","date_gmt":"2025-10-30T23:01:43","guid":{"rendered":"https:\/\/cdnoticias.com\/?p=186601"},"modified":"2025-10-30T20:01:44","modified_gmt":"2025-10-30T23:01:44","slug":"la-idea-es-que-las-personas-se-acerquen-a-presenciar-lo-lindo-que-es-el-parkour","status":"publish","type":"post","link":"https:\/\/cdnoticias.com\/index.php\/2025\/10\/30\/la-idea-es-que-las-personas-se-acerquen-a-presenciar-lo-lindo-que-es-el-parkour\/","title":{"rendered":"\u201cLa idea es que las personas se acerquen a presenciar lo lindo que es el parkour\u201d\u00a0"},"content":{"rendered":"\n<p>Sebasti\u00e1n Fazio, cofundador del Club Natural Fit dialog\u00f3 con este medio para invitar a la comunidad al Torneo Nacional de Parkour Federativo que ser\u00e1 los d\u00edas 31 de octubre, 1 y 2 de noviembre de 9 a 20 horas.<\/p>\n\n\n\n<hr class=\"wp-block-separator aligncenter has-alpha-channel-opacity\"\/>\n\n\n\n<p>A partir de este <strong>viernes 31 de octubre<\/strong>, comenzar\u00e1 en nuestra ciudad el <strong>Torneo de Parkour Nacional Federativo <\/strong>que continuar\u00e1 <strong>hasta el domingo 2 de noviembre.<\/strong><\/p>\n\n\n\n<p><\/p>\n\n\n\n<p>La competencia<strong> se dividir\u00e1 en tres modalidades<\/strong>: Skill (Habilidades), Free Style (Estilo Libre) y Speed (Velocidad) y ser\u00e1 en el horario comprendido <strong>de 9 a 20 horas.\u00a0<\/strong><\/p>\n\n\n\n<p><\/p>\n\n\n\n<p><em>Central de Noticias<\/em> dialog\u00f3 con el<strong> cofundador del Club Natural Fit,<\/strong> ubicado en Grimaldi y Aguilar, lugar elegido para el evento, quien resalt\u00f3 que a nivel federativo en nuestra ciudad \u201c<em>el evento este a\u00f1o tiene una envergadura en cuanto a la cantidad de chicos anotados. Es el evento m\u00e1s grande hasta ahora que se ha hecho en lo que es parkour deportivo nacional. Despu\u00e9s s\u00ed se han hecho varios torneos, pero no de \u00e1mbito federativo\u201d.\u00a0<\/em><\/p>\n\n\n\n<p><\/p>\n\n\n\n<p>Asimismo, asegur\u00f3 que <strong>habr\u00e1 70 atletas en total que vendr\u00e1n de todo el pais.<\/strong> El viernes a las 9 horas comenzar\u00e1 el evento con el check-in y la primera prueba de pistas ser\u00e1 a las 10 horas. La competencia comenzar\u00e1 despu\u00e9s del mediod\u00eda hasta la noche donde tendr\u00e1 su cierre el primer d\u00eda.<\/p>\n\n\n\n<p><\/p>\n\n\n\n<p><em>\u201cDurante el s\u00e1bado junior y adultos tienen pruebas de pistas,\u00a0 lo que es clasificaciones finales el s\u00e1bado y lo que es freestyle el d\u00eda domingo<\/em>\u201d agreg\u00f3 Fazio.\u00a0<\/p>\n\n\n\n<p><\/p>\n\n\n\n<blockquote class=\"wp-block-quote is-layout-flow wp-block-quote-is-layout-flow\">\n<p>En tanto, resalt\u00f3: \u201cLa idea es que las personas se acerquen a presenciar lo lindo que es el parkour. Este evento va a dar lugares para la selecci\u00f3n argentina el a\u00f1o que viene y vienen atletas de \u00e9lite y despu\u00e9s tenemos exponentes muy buenos de todo el pa\u00eds, tanto femenino como\u00a0 as\u00ed que es una oportunidad buena para ver a este deporte en su m\u00e1xima exponencia\u201d.<\/p>\n<\/blockquote>\n\n\n\n<p><\/p>\n\n\n\n<p>Sobre su trayectoria, Fazio explic\u00f3: \u201c<em>Nosotros hace 10 a\u00f1os que damos parkour, fuimos uno de los pioneros en Argentina. En la provincia de Buenos Aires fuimos los primeros en comenzar con esto y hoy en d\u00eda somos gracias a Dios, a nivel nacional, referentes junto a varias escuelas y grupos\u201d.\u00a0<\/em><\/p>\n\n\n\n<p><\/p>\n\n\n\n<p>\u201cEste a\u00f1o pasaron una buena cantidad de chicos por la selecci\u00f3n argentina, 4 que fueron a los Panamericanos que se hicieron Panam\u00e1 y  el a\u00f1o pasado tambi\u00e9n\u201d agreg\u00f3.\u00a0<\/p>\n\n\n\n<p><\/p>\n\n\n\n<p>En tanto, Fazio subray\u00f3 que \u201c<strong>el parkour deportivo en Argentina comenz\u00f3 hace poco. Antes hab\u00eda competencias pero no estaban reguladas. Hay muchas personas que todav\u00eda no saben lo que es el parkour\u201d. <\/strong><\/p>\n\n\n\n<p><\/p>\n\n\n\n<p>\u201cNosotros tenemos un mont\u00f3n de nenes en la ciudad que muchas veces los padres los traen pero no saben lo que es. Los nenes si saben y conocen mejor el deporte por las redes sociales porque en Europa hace mucho que est\u00e1 y tambi\u00e9n <strong>es una disciplina que ya est\u00e1 creciendo en todos lados<\/strong>. Se visualiza mucho lo que hacen los atletas\u201d cerr\u00f3 a modo de an\u00e9cdota.\u00a0<\/p>\n\n\n\n<p><\/p>\n","protected":false},"excerpt":{"rendered":"<p>Sebasti\u00e1n Fazio, cofundador del Club Natural Fit dialog\u00f3 con este medio para invitar a la comunidad al Torneo Nacional de<\/p>\n","protected":false},"author":6,"featured_media":186603,"comment_status":"closed","ping_status":"closed","sticky":false,"template":"","format":"standard","meta":{"_jetpack_memberships_contains_paid_content":false,"footnotes":""},"categories":[29,5,1],"tags":[],"class_list":["post-186601","post","type-post","status-publish","format-standard","has-post-thumbnail","hentry","category-deportes","category-informacion-general","category-portada"],"jetpack_featured_media_url":"https:\/\/i0.wp.com\/cdnoticias.com\/wp-content\/uploads\/2025\/10\/parkour-evento.jpg?fit=891%2C554&ssl=1","jetpack_sharing_enabled":true,"_links":{"self":[{"href":"https:\/\/cdnoticias.com\/index.php\/wp-json\/wp\/v2\/posts\/186601","targetHints":{"allow":["GET"]}}],"collection":[{"href":"https:\/\/cdnoticias.com\/index.php\/wp-json\/wp\/v2\/posts"}],"about":[{"href":"https:\/\/cdnoticias.com\/index.php\/wp-json\/wp\/v2\/types\/post"}],"author":[{"embeddable":true,"href":"https:\/\/cdnoticias.com\/index.php\/wp-json\/wp\/v2\/users\/6"}],"replies":[{"embeddable":true,"href":"https:\/\/cdnoticias.com\/index.php\/wp-json\/wp\/v2\/comments?post=186601"}],"version-history":[{"count":0,"href":"https:\/\/cdnoticias.com\/index.php\/wp-json\/wp\/v2\/posts\/186601\/revisions"}],"wp:featuredmedia":[{"embeddable":true,"href":"https:\/\/cdnoticias.com\/index.php\/wp-json\/wp\/v2\/media\/186603"}],"wp:attachment":[{"href":"https:\/\/cdnoticias.com\/index.php\/wp-json\/wp\/v2\/media?parent=186601"}],"wp:term":[{"taxonomy":"category","embeddable":true,"href":"https:\/\/cdnoticias.com\/index.php\/wp-json\/wp\/v2\/categories?post=186601"},{"taxonomy":"post_tag","embeddable":true,"href":"https:\/\/cdnoticias.com\/index.php\/wp-json\/wp\/v2\/tags?post=186601"}],"curies":[{"name":"wp","href":"https:\/\/api.w.org\/{rel}","templated":true}]}}