{"id":186580,"date":"2025-10-30T17:30:40","date_gmt":"2025-10-30T20:30:40","guid":{"rendered":"https:\/\/cdnoticias.com\/?p=186580"},"modified":"2025-10-30T17:30:55","modified_gmt":"2025-10-30T20:30:55","slug":"agenda-para-disfrutar-el-finde-en-olavarria-2","status":"publish","type":"post","link":"https:\/\/cdnoticias.com\/index.php\/2025\/10\/30\/agenda-para-disfrutar-el-finde-en-olavarria-2\/","title":{"rendered":"Agenda para disfrutar el finde en Olavarr\u00eda"},"content":{"rendered":"\n<p>El programa de actividades se inicia este jueves 30 de octubre y se extiende hasta el domingo 2 de noviembre.<\/p>\n\n\n\n<hr class=\"wp-block-separator has-alpha-channel-opacity\"\/>\n\n\n\n<p>Desde el Municipio de Olavarr\u00eda se dan a conocer las diferentes propuestas culturales, deportivas, art\u00edsticas, tur\u00edsticas y recreativas, que se desarrollar\u00e1n en los diferentes espacios de la ciudad y localidades, para disfrutar el fin de semana.<\/p>\n\n\n\n<p><\/p>\n\n\n\n<p><strong>Jueves 30 de octubre<\/strong><\/p>\n\n\n\n<p>10:00 horas \u2013 Paseo de Artesanos (Rivadavia y San Mart\u00edn) \u2013 Feria Haloween<br>Los puestos se habilitar\u00e1n a partir de las 10 horas, los d\u00edas jueves, viernes y s\u00e1bado, y el domingo desde las 15 horas en el Paseo de Artesanos (Rivadavia y San Mart\u00edn), con una gran variedad de producciones locales.<\/p>\n\n\n\n<p><\/p>\n\n\n\n<p><strong>Viernes 31 de octubre<\/strong><\/p>\n\n\n\n<p><strong>16:00 a 19:30 horas \u2013 Casa del Bicentenario \u2013 Muestra Anual de las Escuelas Municipales de Art\u00edstica<\/strong><\/p>\n\n\n\n<p>El Municipio de Olavarr\u00eda invita a participar de la muestra anual de las Escuelas Municipales de Art\u00edstica, que se desarrollar\u00e1 durante los d\u00edas viernes 31 de octubre, s\u00e1bado 1\u00ba y domingo 2 de noviembre, de 16:00 a 19:30 horas, en la Casa del Bicentenario.<\/p>\n\n\n\n<p>La muestra, denominada \u201cAbracemos Cultura\u201d contar\u00e1 con varios escenarios, habr\u00e1 una muestra est\u00e1tica de trabajos realizados por los estudiantes en el transcurso del a\u00f1o en todas las disciplinas.<\/p>\n\n\n\n<p>La propuesta es para toda la familia, con entrada libre y gratuita. El cronograma de actividades para el viernes 31 de octubre es el siguiente:<\/p>\n\n\n\n<p>15:00 a 16:30 horas. Club de lectura para ni\u00f1os (sala interior anexa).<br>16:00 horas. Muestra quieta habilitada (ala espacio interior).<br>16:00 horas. Trabajo activo de Escuela de orfebrer\u00eda (per\u00edmetro exterior).<br>16:00 horas. Talleres al paso Escuela de Artes Pl\u00e1sticas (per\u00edmetro exterior).<br>16:00 horas. Taller al paso de dibujo infantil (per\u00edmetro exterior).<br>16:00 horas. Intervenci\u00f3n Escuela de ajedrez (per\u00edmetro exterior).<br>16:00 horas. Ensamble Escuela de Est\u00e9tica y Danza Hind\u00fa (per\u00edmetro exterior escalinatas).<br>16:30 horas. Taller literario al paso (sala interior anexa).<br>16:30 horas. Presentaci\u00f3n Danzas Folkl\u00f3ricas (escenario natural).<br>16:40 horas. Presentaci\u00f3n Danzas \u00c1rabes (escenario natural).<br>16:50 horas. Intervenci\u00f3n Danza Hind\u00fa (escenario natural).<br>17:15 horas. Intervenci\u00f3n Taller risoterapia \u2013 \u201cBonito\u201d (escenario natural).<br>18:00 horas. Clase abierta \u2013 Folklore recreativo.<br>18:30 horas. Presentaci\u00f3n Ensambles de Rock \u2013 Escuela de M\u00fasica.<br>19:20 horas. Presentaci\u00f3n Danzas Folkl\u00f3ricas.<br>21:00 horas \u2013 Teatro Municipal \u2013 Regeneraci\u00f3n Urbana presenta \u201cDancing in the sky\u201d<\/p>\n\n\n\n<p>Regeneraci\u00f3n Urbana presenta \u201cDancing in the sky\u201d, un show de danzas urbanas con un prop\u00f3sito especial, poder mostrar todo el potencial de cada bailar\u00edn conectando desde la danza, trabajo en equipo y constancia al bailar. Todas sus categor\u00edas se preparan para este muestreo anual de la escuela Regeneraci\u00f3n Urbana junto con sus invitados especiales.<\/p>\n\n\n\n<p>Entrada general (numeradas en plateas y palcos): $10000. Venta en Tecnocentro (Rivadavia 3065) en efectivo. Venta en el Teatro Municipal (Rivadavia 2780) con tarjetas de cr\u00e9dito, d\u00e9bito y billeteras virtuales. Venta on line www.articket.com.ar con cr\u00e9dito y d\u00e9bito.<\/p>\n\n\n\n<p><\/p>\n\n\n\n<p><strong>S\u00e1bado 1\u00ba de noviembre<\/strong><\/p>\n\n\n\n<p><strong>14:30 horas \u2013 Plaza de los Inmigrantes (Loma Negra) \u2013 \u201cPaseo tur\u00edstico, cultural e hist\u00f3rico en Loma Negra\u201d<\/strong><\/p>\n\n\n\n<p>La actividad comenzar\u00e1 a las 14:30 horas, desde la Plaza de los Inmigrantes, (esquina de Luc\u00eda Quant\u00edn de Brie y Juan Bautista Alberdi. <a href=\"https:\/\/www.google.com\/maps\/place\/36%C2%B059'10.0%22S+60%C2%B016'35.1%22W\/@-36.9861111,-60.2764167,626m\/data=!3m2!1e3!4b1!4m4!3m3!8m2!3d-36.9861111!4d-60.2764167?entry=ttu&amp;g_ep=EgoyMDI1MTAyMi4wIKXMDSoASAFQAw%3D%3D\" data-type=\"link\" data-id=\"https:\/\/www.google.com\/maps\/place\/36%C2%B059'10.0%22S+60%C2%B016'35.1%22W\/@-36.9861111,-60.2764167,626m\/data=!3m2!1e3!4b1!4m4!3m3!8m2!3d-36.9861111!4d-60.2764167?entry=ttu&amp;g_ep=EgoyMDI1MTAyMi4wIKXMDSoASAFQAw%3D%3D\">Ver ubicaci\u00f3n aqu\u00ed.<\/a><\/p>\n\n\n\n<p>La caminata estar\u00e1 acompa\u00f1ada por la gu\u00eda de turismo local, Florencia D\u00edaz. El paseo tendr\u00e1 una duraci\u00f3n aproximada de dos horas y media (2:30 h) y ser\u00e1 de dificultad baja.<\/p>\n\n\n\n<p>Aquellas personas interesadas en participar de la propuesta, podr\u00e1n inscribirse a trav\u00e9s del <a href=\"https:\/\/docs.google.com\/forms\/d\/e\/1FAIpQLScsy3tj_jgH6V1laEISSXRIOMv9Pd58hv__74Kb4jwF-GbDBg\/viewform\" data-type=\"link\" data-id=\"https:\/\/docs.google.com\/forms\/d\/e\/1FAIpQLScsy3tj_jgH6V1laEISSXRIOMv9Pd58hv__74Kb4jwF-GbDBg\/viewform\">siguiente link. <\/a>Tambi\u00e9n la inscripci\u00f3n se desarrollar\u00e1 de manera presencial en la sede de la Casa de la Cultura y Turismo de Loma Negra, ubicada en la calle C\u00f3rdoba 1637, donde los d\u00edas jueves y viernes, de 17:30 a 19:00 horas.<\/p>\n\n\n\n<p><\/p>\n\n\n\n<p><strong>14:30 horas \u2013 Plaza Los Robles \u2013 Torneo de B\u00e1squet \u201c3\u00d73 en Tu Barrio\u201d<\/strong><\/p>\n\n\n\n<p>En esta ocasi\u00f3n la actividad se llevar\u00e1 a cabo, desde las 14:30 horas, en la plaza Italia del barrio Los Robles.<\/p>\n\n\n\n<p>La competencia se desarrollar\u00e1 para las categor\u00edas Sub 16 (mixto) y +16, en masculino y femenina. La invitaci\u00f3n es libre y gratuita, por lo que las personas interesadas pueden anotarse haciendo <a href=\"https:\/\/pem.olavarria.gov.ar\/sistema-formularios\/#\/form\/P5oaxVrYbk\" data-type=\"link\" data-id=\"https:\/\/pem.olavarria.gov.ar\/sistema-formularios\/#\/form\/P5oaxVrYbk\">click aqu\u00ed.<\/a><\/p>\n\n\n\n<p><\/p>\n\n\n\n<p><strong>15:30 horas \u2013 Espigas (Plaza San Mart\u00edn) \u2013 Programa \u201cJuguemos en la Plaza\u201d<\/strong><\/p>\n\n\n\n<p>La invitaci\u00f3n es a partir de las 15:30 horas, en la plaza San Mart\u00edn. Quienes deseen participar deber\u00e1n acercarse \u00fanicamente con una botellita de agua.<\/p>\n\n\n\n<p>\u201cJuguemos en la Plaza\u201d es llevado a cabo desde la Direcci\u00f3n de Deporte Social del Municipio, con el objetivo no s\u00f3lo de garantizar a chicos y chicas el derecho al juego, a trav\u00e9s de propuestas l\u00fadicas y recreativas que tambi\u00e9n exploran la educaci\u00f3n f\u00edsica y la vinculaci\u00f3n social, sino tambi\u00e9n poner en valor plazas, parques y espacios p\u00fablico de todo Olavarr\u00eda.<\/p>\n\n\n\n<p><\/p>\n\n\n\n<p><strong>16:00 a 19:30 horas \u2013 Casa del Bicentenario \u2013 Muestra Anual de las Escuelas Municipales de Art\u00edstica<\/strong><\/p>\n\n\n\n<p>La muestra, denominada \u201cAbracemos Cultura\u201d contar\u00e1 con varios escenarios, habr\u00e1 una muestra est\u00e1tica de trabajos realizados por los estudiantes en el transcurso del a\u00f1o en todas las disciplinas.<\/p>\n\n\n\n<p>En el escenario interior se realizar\u00e1n obras de teatro y propuestas de talleres al paso junto a clases abiertas de varias disciplinas de la danza.<\/p>\n\n\n\n<p>Tambi\u00e9n estar\u00e1 activa la sala auxiliar con el taller literario y sus propuestas para todo p\u00fablico. En el espacio exterior se podr\u00e1 disfrutar de un escenario vivo, donde har\u00e1n su presentaci\u00f3n grupos de la escuela de danzas, grupos y ensambles musicales, como as\u00ed tambi\u00e9n propuestas de clases abiertas. Se podr\u00e1n recorrer diferentes sectores donde se ver\u00e1n en producci\u00f3n en vivo a estudiantes, profesores y artistas de todas las Escuelas Art\u00edsticas Municipales.<\/p>\n\n\n\n<p>La propuesta es para toda la familia, con entrada libre y gratuita. El cronograma de actividades para el s\u00e1bado 1\u00ba de noviembre es el siguiente:<\/p>\n\n\n\n<p>16:00 horas. Muestra quieta habilitada (ala espacio interior).<br>16:00 horas. Trabajo activo de Escuela de Orfebrer\u00eda (per\u00edmetro exterior).<br>16:00 horas. Talleres al Paso Escuela de Artes Pl\u00e1sticas (per\u00edmetro exterior).<br>16:00 horas. Taller al paso de dibujo infantil (per\u00edmetro exterior).<br>16:00 horas. Intervenci\u00f3n Escuela de Ajedrez (per\u00edmetro exterior).<br>16:00 horas Taller Literario al paso (sala interior anexa).<br>16:00 horas. Presentaci\u00f3n Danza Jazz infantil (escenario natural).<br>16:20 horas. Presentaci\u00f3n Danzas Folkl\u00f3ricas (escenario natural).<br>17:10 horas. Escuela de Teatro\/ \u201cMomentos\u201d (escenario interior).<br>17:50 horas. Presentaci\u00f3n Danzas Folkl\u00f3ricas (escenario natural).<br>18:00 horas. Presentaci\u00f3n y clase abierta \u2013 Zumba.<br>18:30 horas. Presentaci\u00f3n grupos \u201cVa de nuevo\u201d y \u201cFive o\u2019 clock\u201d \u2013 Escuela de M\u00fasica.<\/p>\n\n\n\n<p><\/p>\n\n\n\n<p><strong>Domingo 2 de noviembre<\/strong><\/p>\n\n\n\n<p><strong>13:00 horas \u2013 Bicisenda \u201cJavier Ouda\u201d \u2013 146\u00ba Aniversario de Sierras Bayas<\/strong><\/p>\n\n\n\n<p>La localidad de Sierras Bayas celebrar\u00e1 los 146 a\u00f1os desde su fundaci\u00f3n; con diferentes propuestas art\u00edsticas para disfrute de sierrabayenses y visitantes de todo el Partido, que se desarrollar\u00e1n este domingo 2 de noviembre en la bicisenda Javier Ouda, de acuerdo al cronograma que se presenta a continuaci\u00f3n:<\/p>\n\n\n\n<p>13 horas: Apertura de la fiesta y apertura de la cantina conformada por todas las instituciones del pueblo (venta de choripanes, panchos, hamburguesas y bebidas). Exposici\u00f3n de artesanos y emprendedores.<br>13:30 horas: Espect\u00e1culos. \u201cFunkt\u00e1stico\u201d (Lucio De Lotto, Baustista Harismendi, Stefania Bongiorno, Ezequiel Nahuel Torres, Renzo Leal), Presentaci\u00f3n de la violinista estudiante de la Orquesta Municipal (Mikeyla Aquino), Presentaci\u00f3n de \u201cCuarta Justa\u201d (Noelia Repetti, Rodrigo Cisneros y Loana Echaide), Francine M\u00fcller y alumno en el piano, participaci\u00f3n de \u201cO\u00edd Mortales\u201d (Lucas Casenave; Gabriel Victorero, Donato Spitale y Boris Becker).<br>15:40 horas: Taller de folclore a cargo de la profesora Adriana Rebasti. Muestreo del taller de jazz infantil municipal a cargo de Luc\u00eda Span. Presentaci\u00f3n de alumnas del estudio Inspirarte. Taller de \u00e1rabe municipal a cargo de Y\u00e9sica Castillo.<br>16:30 horas: Presentaci\u00f3n de \u201cHumo Serrano\u201d: Gustavo Hamse, Claudio Fern\u00e1ndez, Gonzalo Gallino y Rodrigo Acevedo.<br>17 horas: Show de magia c\u00f3mica con el mago \u201cEddy\u201d. Taller de Folclore Municipal con Juan Jos\u00e9 Rivas. Gimnasia para adultos (Verano Dorado) (Newcom e inscripci\u00f3n a Verano Dorado)<br>18:15 horas: Corte torta de aniversario.<br>18:30 horas: Homenajes a referentes de la salud de la localidad y a jubilada administrativa. Zumba con Karina Romero. Baile tanguero con Norma y Juan.<br>19:40 horas: Presentaci\u00f3n de Marcos y Ciro Mansilla (canto y bombo)<br>Ritmos libres con Emilse D\u00edaz.<br>20:30 horas: Cierre Popular con Nico Centineo<\/p>\n\n\n\n<p>En paralelo, habr\u00e1 juegos inflables para el entretenimiento de ni\u00f1os y ni\u00f1as, feria de artesanos y emprendedores.<\/p>\n\n\n\n<p><\/p>\n\n\n\n<p><strong>13:00 horas \u2013 Museo de la Estaci\u00f3n de Sierras Bayas \u2013 Propuestas culturales y recreativas en el marco del Aniversario del Museo<\/strong><\/p>\n\n\n\n<p>Para celebrar un nuevo aniversario del Museo de la Estaci\u00f3n de Sierras Bayas, en paralelo a los festejos por el cumplea\u00f1os de la localidad, habr\u00e1 distintas propuestas en el espacio.<\/p>\n\n\n\n<p>El Museo abrir\u00e1 sus puertas el d\u00eda domingo 2 de noviembre, a las 13 horas. Desde las 15 horas, habr\u00e1 Talleres al paso para todas las edades, junto con el equipo educativo de la Direcci\u00f3n de Patrimonio Cultural. Posteriormente, desde las 17 horas, habr\u00e1 una Presentaci\u00f3n de Memoria obrera e industrial: proyecto fabril en Desempolvando archivos, a cargo de Lic. Claudia Sosa y Esp Rosana Ricciardi.<\/p>\n\n\n\n<p><\/p>\n\n\n\n<p><strong>15:00 horas \u2013 Paseo de Artesanos (Rivadavia y San Mart\u00edn) \u2013 Feria Halloween<\/strong><\/p>\n\n\n\n<p>Hasta el domingo 2 de noviembre se llevar\u00e1 a cabo la Feria Artesanal en la Plaza Central, con motivo de la celebraci\u00f3n de Haloween. Los puestos se habilitar\u00e1n a partir de las 10 horas, los d\u00edas jueves, viernes y s\u00e1bado, y el domingo desde las 15 horas en el Paseo de Artesanos (Rivadavia y San Mart\u00edn), con una gran variedad de producciones locales.<\/p>\n\n\n\n<p><\/p>\n\n\n\n<p><strong>16:00 horas \u2013 Museo D\u00e1maso Arce \u2013 \u201cRecorrido dialogado\u201d en el marco de la Muestra Mes del Grabado en Olavarr\u00eda<\/strong><\/p>\n\n\n\n<p>El Municipio de Olavarr\u00eda invita a participar de las diferentes propuestas enmarcadas dentro de la muestra \u201cMes del Grabado en Olavarr\u00eda\u201d, que re\u00fane en el Museo D\u00e1maso Arce las obras de siete artistas: Bernardo Andino, Eduardo Ayala, Cecilia Bax, Fernando Garc\u00eda, Natalia Krivochen, Bel\u00e9n K\u00fcber y Lorena Rivas.<\/p>\n\n\n\n<p>Este domingo 2 de noviembre, a las 16 horas, se desarrollar\u00e1 la propuesta \u201cRecorrido dialogado\u201d, una alternativa que pone el \u00e9nfasis en la interacci\u00f3n y el intercambio de informaci\u00f3n entre el gu\u00eda de sala y los visitantes, un concepto que sugiere el discurso visual gr\u00e1fico.<\/p>\n\n\n\n<p>La actividad no requiere inscripci\u00f3n, es con cupo ilimitado, y se encuentra orientada para el p\u00fablico en general. Entrada libre y gratuita.<\/p>\n\n\n\n<p>La muestra puede visitarse en la sede del MDA, ubicada en San Mart\u00edn 2862, de martes a jueves de 8:00 a 12:00 horas, y de 13:00 a 17:00 horas; viernes de 8:00 a 12:00 y de 13:00 a 18:00 horas, y s\u00e1bados, domingos y feriados de 15:00 a 18:00 horas.<\/p>\n\n\n\n<p><\/p>\n\n\n\n<p><strong>16:00 a 19:30 horas \u2013 Casa del Bicentenario \u2013 Muestra Anual de las Escuelas Municipales de Art\u00edstica<\/strong><\/p>\n\n\n\n<p>La muestra, denominada <strong>\u201cAbracemos Cultura\u201d <\/strong>contar\u00e1 con varios escenarios, habr\u00e1 una muestra est\u00e1tica de trabajos realizados por los estudiantes en el transcurso del a\u00f1o en todas las disciplinas.<\/p>\n\n\n\n<p>En el escenario interior se realizar\u00e1n obras de teatro y propuestas de talleres al paso junto a clases abiertas de varias disciplinas de la danza.<\/p>\n\n\n\n<p>Tambi\u00e9n estar\u00e1 activa la sala auxiliar con el taller literario y sus propuestas para todo p\u00fablico. En el espacio exterior se podr\u00e1 disfrutar de un escenario vivo, donde har\u00e1n su presentaci\u00f3n grupos de la escuela de danzas, grupos y ensambles musicales, como as\u00ed tambi\u00e9n propuestas de clases abiertas. Se podr\u00e1n recorrer diferentes sectores donde se ver\u00e1n en producci\u00f3n en vivo a estudiantes, profesores y artistas de todas las Escuelas Art\u00edsticas Municipales.<\/p>\n\n\n\n<p>La propuesta es para toda la familia, con entrada libre y gratuita. El cronograma de actividades para el domingo 2 de noviembre es el siguiente:<\/p>\n\n\n\n<p>16:00 horas. Muestra quieta habilitada (ala espacio interior).<br>16:00 horas. Trabajo activo de Escuela de Orfebrer\u00eda (per\u00edmetro exterior).<br>16:00 horas. Talleres al paso Escuela de Artes Pl\u00e1sticas (per\u00edmetro exterior).<br>16:00 horas. Taller al paso de Dibujo Infantil (per\u00edmetro exterior).<br>16:00 horas. Intervenci\u00f3n Escuela de Ajedrez (per\u00edmetro exterior).<br>16:00 horas. Taller Literario al paso (sala interior anexa).<br>16:30 horas. Clase Abierta Danzas de Bachata y Salsa (escenario natural).<br>17:00 horas. Escuela de Teatro \u2013 \u201cHumoradas\u201d.<br>18:15 horas. Presentaci\u00f3n Ensamble de percusi\u00f3n, canto y ukelele y ensamble de saxo \u2013 Escuela de M\u00fasica.<br>18:30 horas. Clase abierta Danza Tango.<\/p>\n\n\n\n<p><\/p>\n\n\n\n<p><strong>Nueva muestra en el Centro Cultural \u201cSan Jos\u00e9\u201d<\/strong><\/p>\n\n\n\n<p>El Municipio de Olavarr\u00eda invita a recorrer la nueva muestra que qued\u00f3 inaugurada el pasado s\u00e1bado en el Centro Cultural \u201cSan Jos\u00e9\u201d y que re\u00fane las obras de los artistas Martha Borzi, Natalia Schumacher, Juan Mart\u00edn Sisti y Mart\u00edn Othasegui.<\/p>\n\n\n\n<p>Se trata de \u201cLa Dolce Vita\u201d de Martha Borzi en Sala 1, \u201cCamuflaje\u201d de Natalia Schumacher en Sala 2, \u201cLiturgia\u201d de Juan Mart\u00edn Sisti en Sala 3 y \u201cDescanso y Amenaza\u201d de Mart\u00edn Othasegui en Sala 4.<\/p>\n\n\n\n<p><\/p>\n\n\n\n<p><strong>Cambio de horario<\/strong><\/p>\n\n\n\n<p>A partir de este s\u00e1bado 1\u00ba de noviembre, el Centro Cultural Municipal \u201cSan Jos\u00e9\u201d abrir\u00e1 sus puertas: de lunes a viernes de 8 a 18 horas, s\u00e1bados, domingos y feriados de 16 a 19 horas.<\/p>\n","protected":false},"excerpt":{"rendered":"<p>El programa de actividades se inicia este jueves 30 de octubre y se extiende hasta el domingo 2 de noviembre.<\/p>\n","protected":false},"author":5,"featured_media":185583,"comment_status":"closed","ping_status":"closed","sticky":false,"template":"","format":"standard","meta":{"_jetpack_memberships_contains_paid_content":false,"footnotes":""},"categories":[9,1],"tags":[],"class_list":["post-186580","post","type-post","status-publish","format-standard","has-post-thumbnail","hentry","category-cultura","category-portada"],"jetpack_featured_media_url":"https:\/\/i0.wp.com\/cdnoticias.com\/wp-content\/uploads\/2025\/10\/muestra-san-jose2.jpg?fit=900%2C609&ssl=1","jetpack_sharing_enabled":true,"_links":{"self":[{"href":"https:\/\/cdnoticias.com\/index.php\/wp-json\/wp\/v2\/posts\/186580","targetHints":{"allow":["GET"]}}],"collection":[{"href":"https:\/\/cdnoticias.com\/index.php\/wp-json\/wp\/v2\/posts"}],"about":[{"href":"https:\/\/cdnoticias.com\/index.php\/wp-json\/wp\/v2\/types\/post"}],"author":[{"embeddable":true,"href":"https:\/\/cdnoticias.com\/index.php\/wp-json\/wp\/v2\/users\/5"}],"replies":[{"embeddable":true,"href":"https:\/\/cdnoticias.com\/index.php\/wp-json\/wp\/v2\/comments?post=186580"}],"version-history":[{"count":0,"href":"https:\/\/cdnoticias.com\/index.php\/wp-json\/wp\/v2\/posts\/186580\/revisions"}],"wp:featuredmedia":[{"embeddable":true,"href":"https:\/\/cdnoticias.com\/index.php\/wp-json\/wp\/v2\/media\/185583"}],"wp:attachment":[{"href":"https:\/\/cdnoticias.com\/index.php\/wp-json\/wp\/v2\/media?parent=186580"}],"wp:term":[{"taxonomy":"category","embeddable":true,"href":"https:\/\/cdnoticias.com\/index.php\/wp-json\/wp\/v2\/categories?post=186580"},{"taxonomy":"post_tag","embeddable":true,"href":"https:\/\/cdnoticias.com\/index.php\/wp-json\/wp\/v2\/tags?post=186580"}],"curies":[{"name":"wp","href":"https:\/\/api.w.org\/{rel}","templated":true}]}}