{"id":18657,"date":"2021-04-12T18:39:40","date_gmt":"2021-04-12T21:39:40","guid":{"rendered":"http:\/\/www.centraldenoticias.com.ar\/?p=18657"},"modified":"2021-04-12T18:39:40","modified_gmt":"2021-04-12T21:39:40","slug":"el-transporte-publico-debera-funcionar-hasta-las-21","status":"publish","type":"post","link":"https:\/\/cdnoticias.com\/index.php\/2021\/04\/12\/el-transporte-publico-debera-funcionar-hasta-las-21\/","title":{"rendered":"El transporte p\u00fablico deber\u00e1 funcionar hasta las 21"},"content":{"rendered":"<p>La aclaraci\u00f3n fue realizada desde el municipio en virtud de rumores que afirmaban que ese servicio se iba a brindar hasta las 17.<!--more--><\/p>\n<hr \/>\n<p>Con el inicio de la presente semana y, m\u00e1s a\u00fan, con su correlato en el retorno a clases se origin\u00f3 una situaci\u00f3n inesperada con respecto al servicio de transporte p\u00fablico, todo a partir de la<strong> viralizaci\u00f3n de rumores que afirmaban que los colectivos no iban a circular m\u00e1s all\u00e1 de las 17, una versi\u00f3n que alarm\u00f3 no s\u00f3lo a la comunidad educativa, sino tambi\u00e9n el \u00e1mbito comercial y la ciudad en general.<\/strong><\/p>\n<p>&nbsp;<\/p>\n<p>Tal es as\u00ed que con el inicio de la tarde comenzaron a replicarse mensajes que afirmaban que se acortar\u00eda la jornada escolar y otras actividades teniendo en cuenta esta modificaci\u00f3n en la circulaci\u00f3n. Sin embargo, <strong>desde el Ejecutivo local se desmintieron esas versiones y se enfatiz\u00f3 que, de lunes a viernes, el servicio de transporte p\u00fablico ser\u00e1 de 6 a 21.<\/strong><\/p>\n<p>&nbsp;<\/p>\n<p><img data-recalc-dims=\"1\" loading=\"lazy\" decoding=\"async\" class=\"alignnone size-large wp-image-1043\" src=\"https:\/\/i0.wp.com\/cdnoticias.com\/wp-content\/uploads\/2020\/09\/Presentaci%C3%B3n-TU-bus-2-1024x683.jpg?resize=800%2C534&#038;ssl=1\" alt=\"\" width=\"800\" height=\"534\" srcset=\"https:\/\/i0.wp.com\/cdnoticias.com\/wp-content\/uploads\/2020\/09\/Presentaci%C3%B3n-TU-bus-2.jpg?resize=1024%2C683&amp;ssl=1 1024w, https:\/\/i0.wp.com\/cdnoticias.com\/wp-content\/uploads\/2020\/09\/Presentaci%C3%B3n-TU-bus-2.jpg?resize=300%2C200&amp;ssl=1 300w, https:\/\/i0.wp.com\/cdnoticias.com\/wp-content\/uploads\/2020\/09\/Presentaci%C3%B3n-TU-bus-2.jpg?resize=768%2C512&amp;ssl=1 768w, https:\/\/i0.wp.com\/cdnoticias.com\/wp-content\/uploads\/2020\/09\/Presentaci%C3%B3n-TU-bus-2.jpg?resize=272%2C182&amp;ssl=1 272w, https:\/\/i0.wp.com\/cdnoticias.com\/wp-content\/uploads\/2020\/09\/Presentaci%C3%B3n-TU-bus-2.jpg?w=1600&amp;ssl=1 1600w, https:\/\/i0.wp.com\/cdnoticias.com\/wp-content\/uploads\/2020\/09\/Presentaci%C3%B3n-TU-bus-2.jpg?w=2400&amp;ssl=1 2400w\" sizes=\"auto, (max-width: 800px) 100vw, 800px\" \/><\/p>\n<p>&nbsp;<\/p>\n<p><strong>\u201cA ra\u00edz de rumores surgidos en las \u00faltimas horas informamos que el transporte p\u00fablico funcionar\u00e1 en el horario de 6 a 21\u201d<\/strong>, fue lo que se enfatiz\u00f3 desde el Municipio local.<\/p>\n<p>&nbsp;<\/p>\n<p>Inclusive,<a href=\"https:\/\/cdnoticias.com\/index.php\/2021\/04\/12\/con-novedades-y-reaperturas-el-municipio-publico-el-decreto-de-fase-3\/\" target=\"_blank\" rel=\"noopener\"> la ratificaci\u00f3n de esa franja horaria tambi\u00e9n puede verse en el decreto divulgado este mismo lunes<\/a>, en el que, en el art\u00edculo 10, tambi\u00e9n se expresa que <strong>los d\u00edas s\u00e1bado el servicio deber\u00e1 realizarse entre las 6 y las 20, en frecuencias similares a d\u00edas domingos o feriados, respetando siempre los protocolos de rigor.<\/strong><\/p>\n","protected":false},"excerpt":{"rendered":"<p>La aclaraci\u00f3n fue realizada desde el municipio en virtud de rumores que afirmaban que ese servicio se iba a brindar<\/p>\n","protected":false},"author":3,"featured_media":1042,"comment_status":"closed","ping_status":"closed","sticky":false,"template":"","format":"standard","meta":{"_jetpack_memberships_contains_paid_content":false,"footnotes":""},"categories":[5,1],"tags":[],"class_list":["post-18657","post","type-post","status-publish","format-standard","has-post-thumbnail","hentry","category-informacion-general","category-portada"],"jetpack_featured_media_url":"https:\/\/i0.wp.com\/cdnoticias.com\/wp-content\/uploads\/2020\/09\/TuBus-1024x683.jpg?fit=1024%2C683&ssl=1","jetpack_sharing_enabled":true,"_links":{"self":[{"href":"https:\/\/cdnoticias.com\/index.php\/wp-json\/wp\/v2\/posts\/18657","targetHints":{"allow":["GET"]}}],"collection":[{"href":"https:\/\/cdnoticias.com\/index.php\/wp-json\/wp\/v2\/posts"}],"about":[{"href":"https:\/\/cdnoticias.com\/index.php\/wp-json\/wp\/v2\/types\/post"}],"author":[{"embeddable":true,"href":"https:\/\/cdnoticias.com\/index.php\/wp-json\/wp\/v2\/users\/3"}],"replies":[{"embeddable":true,"href":"https:\/\/cdnoticias.com\/index.php\/wp-json\/wp\/v2\/comments?post=18657"}],"version-history":[{"count":0,"href":"https:\/\/cdnoticias.com\/index.php\/wp-json\/wp\/v2\/posts\/18657\/revisions"}],"wp:featuredmedia":[{"embeddable":true,"href":"https:\/\/cdnoticias.com\/index.php\/wp-json\/wp\/v2\/media\/1042"}],"wp:attachment":[{"href":"https:\/\/cdnoticias.com\/index.php\/wp-json\/wp\/v2\/media?parent=18657"}],"wp:term":[{"taxonomy":"category","embeddable":true,"href":"https:\/\/cdnoticias.com\/index.php\/wp-json\/wp\/v2\/categories?post=18657"},{"taxonomy":"post_tag","embeddable":true,"href":"https:\/\/cdnoticias.com\/index.php\/wp-json\/wp\/v2\/tags?post=18657"}],"curies":[{"name":"wp","href":"https:\/\/api.w.org\/{rel}","templated":true}]}}